{"id":693451,"date":"2026-01-27T20:13:42","date_gmt":"2026-01-27T20:13:42","guid":{"rendered":"https:\/\/www.europesays.com\/fr\/693451\/"},"modified":"2026-01-27T20:13:42","modified_gmt":"2026-01-27T20:13:42","slug":"lorraine-nuits-de-la-psychiatrie-a-nancy-les-etudiants-en-medecine-invites-a-une-soiree-speciale","status":"publish","type":"post","link":"https:\/\/www.europesays.com\/fr\/693451\/","title":{"rendered":"Lorraine. \u00ab\u00a0Nuits de la psychiatrie\u00a0\u00bb \u00e0 Nancy, les \u00e9tudiants en m\u00e9decine invit\u00e9s \u00e0 une soir\u00e9e sp\u00e9ciale"},"content":{"rendered":"<p>\u00ab\u00a0Nous voulons montrer que la psychiatrie est une discipline vivante, humaine et passionnante. Les \u00e9tudiants ont besoin d\u2019\u00e9changer avec ceux qui l\u2019exercent r\u00e9ellement pour en mesurer la richesse\u00a0\u00bb, proclame le <a href=\"https:\/\/www.estrepublicain.fr\/magazine-sante\/2025\/07\/19\/troubles-psychotiques-et-schizophrenie-retour-aux-origines-avec-un-psychiatre-de-nancy\" target=\"_blank\" rel=\"noopener\">Pr Vincent Lapr\u00e9vote<\/a>. Psychiatre au Centre Psychoth\u00e9rapique de Nancy (CPN), le praticien coordonne la soir\u00e9e r\u00e9gionale des \u00ab\u00a0Nuits de la psychiatrie\u00a0\u00bb qui se d\u00e9rouleront ce vendredi 30\u00a0janvier dans une trentaine de villes universitaires fran\u00e7aises. \u00c0 Nancy, le rendez-vous se d\u00e9roulera \u00e0 l\u2019Op\u00e9ra National de Nancy-Lorraine, <a href=\"https:\/\/www.estrepublicain.fr\/p\/place-stanislas\" target=\"_blank\" rel=\"noopener\">place Stanislas<\/a>, avec le soutien du <a href=\"https:\/\/www.estrepublicain.fr\/education\/2026\/01\/13\/faculte-de-medecine-de-nancy-la-proposition-du-doyen-aux-etudiants-pour-lutter-contre-les-deserts-medicaux\" target=\"_blank\" rel=\"noopener\">doyen de la Facult\u00e9 de M\u00e9decine, le Pr St\u00e9phane Zuily<\/a>.<\/p>\n<p>Cette soir\u00e9e r\u00e9unira de 19\u00a0h\u00a030 \u00e0 23\u00a0h, les \u00e9tudiants de la Facult\u00e9 de M\u00e9decine, Ma\u00efeutique et M\u00e9tiers de la Sant\u00e9 de Nancy. \u00c0 l\u2019heure des choix d\u2019orientation, les \u00e9missaires de la discipline vont chercher \u00e0 convaincre que la psychiatrie est une voie \u00e9panouissante et valorisante, tout autant que les autres sp\u00e9cialit\u00e9s\u00a0: \u00ab\u00a0Cet \u00e9v\u00e9nement repr\u00e9sente une occasion unique de nouer un dialogue direct entre \u00e9tudiants en m\u00e9decine, internes en psychiatrie et psychiatres, mais aussi de faire \u00e9voluer le regard des \u00e9tudiants en m\u00e9decine sur cette sp\u00e9cialit\u00e9 essentielle.\u00a0\u00bb<\/p>\n<p>  \u00ab\u00a0 Faire na\u00eetre la petite \u00e9tincelle\u00a0\u00bb<\/p>\n<p>\u00c0 un moment o\u00f9 la p\u00e9nurie de psychiatres devient alarmante, elle a plus que jamais besoin de nouveaux candidats pour r\u00e9pondre \u00e0 la demande en soins croissante des populations. La sant\u00e9 mentale est en crise continue depuis une bonne d\u00e9cennie. \u00ab\u00a0Ces rencontres ont vocation \u00e0 faire na\u00eetre la \u00ab\u00a0petite \u00e9tincelle\u00a0\u00bb susceptible d\u2019encourager davantage d\u2019\u00e9tudiants \u00e0 choisir la psychiatrie, un enjeu majeur alors que 15\u00a0% des postes \u00e0 l\u2019internat sont rest\u00e9s vacants en 2025\u00a0\u00bb, indique les organisateurs de la nuit nanc\u00e9ienne.<\/p>\n<p>Les \u00e9tudiants pourront s\u2019entretenir avec des psychiatres de plusieurs \u00e9tablissements de la r\u00e9gion qui soutiennent l\u2019\u00e9v\u00e9nement, comme le Centre Psychoth\u00e9rapique de Nancy, l\u2019EPSM de Jury les Metz, le Centre Hospitalier Ravenel, le Centre hospitalier Lorquin, mais aussi des m\u00e9decins lib\u00e9raux venus de Nancy et Metz.<\/p>\n<p>Pour participer \u00e0 cette soir\u00e9e, les \u00e9tudiants sont invit\u00e9s \u00e0 s\u2019inscrire sur le site de l\u2019Universit\u00e9 de Lorraine. La soir\u00e9e \u00ab\u00a0festive et conviviale\u00a0\u00bb proposera un \u00ab\u00a0job dating\u00a0\u00bb.<\/p>\n<p>Ces \u00ab\u00a0Nuits\u00a0\u00bb s\u2019inscrivent dans un plan plus vaste de promotion de la psychiatrie dans les facult\u00e9s de m\u00e9decine. La campagne \u00ab\u00a0Choisir Psychiatrie\u00a0\u00bb est port\u00e9e par le Coll\u00e8ge national des Universitaires de Psychiatrie (CNUP) qui plante ses graines depuis 2024 et esp\u00e8re r\u00e9colter les fruits d\u2019ici quelques ann\u00e9es. Au Royaume-Uni, pareille mobilisation \u00e0 amener de nouveaux psychiatres au bout de sept ans. D\u00e9laiss\u00e9e par les \u00e9tudiants, la \u00ab\u00a0sp\u00e9cialit\u00e9 doit reconstruire son attractivit\u00e9\u00a0\u00bb. Selon le CNUP\u00a0: \u00ab\u00a0Changer l\u2019image d\u2019une discipline aupr\u00e8s des \u00e9tudiants prend du temps.\u00a0\u00bb<\/p>\n","protected":false},"excerpt":{"rendered":"\u00ab\u00a0Nous voulons montrer que la psychiatrie est une discipline vivante, humaine et passionnante. Les \u00e9tudiants ont besoin d\u2019\u00e9changer&hellip;\n","protected":false},"author":2,"featured_media":693452,"comment_status":"","ping_status":"","sticky":false,"template":"","format":"standard","meta":{"footnotes":""},"categories":[9635],"tags":[1111,11,1704,1057,4854,1777,674,107,1011,27,775,5362,224,3457,1702,1703,12,3456,25,71],"class_list":{"0":"post-693451","1":"post","2":"type-post","3":"status-publish","4":"format-standard","5":"has-post-thumbnail","7":"category-nancy","8":"tag-actu","9":"tag-actualites","10":"tag-edition-nancy-et-agglomeration","11":"tag-education","12":"tag-enseignement-superieur","13":"tag-eu","14":"tag-europe","15":"tag-fil-info","16":"tag-fr","17":"tag-france","18":"tag-grand-est","19":"tag-magazine-sante","20":"tag-medecine","21":"tag-meurthe-et-moselle","22":"tag-nancy","23":"tag-nancy-ville-54b","24":"tag-news","25":"tag-region-lorraine","26":"tag-republique-francaise","27":"tag-sante"},"share_on_mastodon":{"url":"https:\/\/pubeurope.com\/@fr\/115968894806542808","error":""},"_links":{"self":[{"href":"https:\/\/www.europesays.com\/fr\/wp-json\/wp\/v2\/posts\/693451","targetHints":{"allow":["GET"]}}],"collection":[{"href":"https:\/\/www.europesays.com\/fr\/wp-json\/wp\/v2\/posts"}],"about":[{"href":"https:\/\/www.europesays.com\/fr\/wp-json\/wp\/v2\/types\/post"}],"author":[{"embeddable":true,"href":"https:\/\/www.europesays.com\/fr\/wp-json\/wp\/v2\/users\/2"}],"replies":[{"embeddable":true,"href":"https:\/\/www.europesays.com\/fr\/wp-json\/wp\/v2\/comments?post=693451"}],"version-history":[{"count":0,"href":"https:\/\/www.europesays.com\/fr\/wp-json\/wp\/v2\/posts\/693451\/revisions"}],"wp:featuredmedia":[{"embeddable":true,"href":"https:\/\/www.europesays.com\/fr\/wp-json\/wp\/v2\/media\/693452"}],"wp:attachment":[{"href":"https:\/\/www.europesays.com\/fr\/wp-json\/wp\/v2\/media?parent=693451"}],"wp:term":[{"taxonomy":"category","embeddable":true,"href":"https:\/\/www.europesays.com\/fr\/wp-json\/wp\/v2\/categories?post=693451"},{"taxonomy":"post_tag","embeddable":true,"href":"https:\/\/www.europesays.com\/fr\/wp-json\/wp\/v2\/tags?post=693451"}],"curies":[{"name":"wp","href":"https:\/\/api.w.org\/{rel}","templated":true}]}}