{"id":693539,"date":"2026-01-27T21:07:10","date_gmt":"2026-01-27T21:07:10","guid":{"rendered":"https:\/\/www.europesays.com\/fr\/693539\/"},"modified":"2026-01-27T21:07:10","modified_gmt":"2026-01-27T21:07:10","slug":"victor-devos-il-faut-que-je-trouve-le-probleme-actualite","status":"publish","type":"post","link":"https:\/\/www.europesays.com\/fr\/693539\/","title":{"rendered":"Victor Devos : \u00ab Il faut que je trouve le probl\u00e8me \u00bb &#8211; Actualit\u00e9"},"content":{"rendered":"<p style=\"text-align: justify;\">Pour conclure sa campagne de Coupe du Monde, <strong><a href=\"https:\/\/www.directvelo.com\/coureur\/58581\/victor-devos\" target=\"_blank\" rel=\"noopener\">Victor Devos<\/a><\/strong> ne gardera pas un grand souvenir d&rsquo;Hoogerheide. Rien ne s&rsquo;est vraiment pass\u00e9 comme pr\u00e9vu. \u00ab\u00a0C&rsquo;\u00e9tait un peu compliqu\u00e9. J&rsquo;ai pris un mauvais d\u00e9part. J&rsquo;ai d\u00e9clips\u00e9 sur la ligne droite, du coup j&rsquo;ai perdu au moins deux lignes. J&rsquo;ai remont\u00e9 quelques places tout au long de la course, mais pas non plus \u00e9norm\u00e9ment\u00a0\u00bb, explique-t-il \u00e0 chaud. Physiquement non plus, son dimanche aux Pays-Bas n&rsquo;a pas boost\u00e9 sa confiance. \u00ab\u00a0Ce n&rsquo;\u00e9tait pas mauvais, ce n&rsquo;\u00e9tait pas exceptionnel&#8230; C&rsquo;\u00e9tait compliqu\u00e9\u00a0\u00bb, insiste-t-il.<\/p>\n<p style=\"text-align: justify;\">Apr\u00e8s avoir attrap\u00e9 la grippe plus t\u00f4t dans l&rsquo;hiver, le Nordiste s&rsquo;interroge sur sa r\u00e9cup\u00e9ration. \u00ab\u00a0J&rsquo;\u00e9tais \u00e0 un petit niveau en dessous, je ne sais pas si c&rsquo;est encore ma grippe d&rsquo;il y a quatre ou cinq semaines qui reste, et qui m&rsquo;affaiblit, parce que c&rsquo;est un peu difficile en ce moment\u00a0\u00bb, r\u00e9v\u00e8le-t-il. Pourtant, le m\u00e9daill\u00e9 de bronze de Troyes avait eu un r\u00e9pit. \u00ab\u00a0Au Championnat de France, \u00e7a a \u00e9t\u00e9 un peu mieux, mais en Coupe du Monde, c&rsquo;est compliqu\u00e9, je ne sais pas ce que j&rsquo;ai, il faut que je trouve le probl\u00e8me et vite le r\u00e9gler\u00a0\u00bb.<\/p>\n<p>Heureusement, il reste encore un rendez-vous, et pas des moindres, pour faire mieux. Le week-end prochain, Victor Devos sera bien au d\u00e9part de Hulst pour le Championnat du Monde. \u00ab\u00a0J&rsquo;aime plut\u00f4t bien, j&rsquo;ai vu quelques trucs, et \u00e7a me pla\u00eet. On va refaire un peu de jus, r\u00e9cup\u00e9rer, et faire quelques intensit\u00e9s pour ne pas trop s&rsquo;endormir et \u00eatre vraiment pr\u00eat\u00a0\u00bb. Malgr\u00e9 ses r\u00e9sultats mitig\u00e9s, le vainqueur de Ouistreham veut garder de l&rsquo;ambition. \u00ab\u00a0Je vais quand m\u00eame viser un Top 10 si la forme revient. Et si elle ne revient pas, c&rsquo;est tant pis. Ce n&rsquo;est pas grave si je n&rsquo;y arrive pas\u00a0\u00bb. Mais faire mieux que <strong><a href=\"https:\/\/www.directvelo.com\/actualite\/126578\/cc-coupe-du-monde-6-u19-hommes-classements\" target=\"_blank\" rel=\"noopener\">sa 23e place du jour<\/a><\/strong> le rassurerait.<\/p>\n","protected":false},"excerpt":{"rendered":"Pour conclure sa campagne de Coupe du Monde, Victor Devos ne gardera pas un grand souvenir d&rsquo;Hoogerheide. Rien&hellip;\n","protected":false},"author":2,"featured_media":693540,"comment_status":"","ping_status":"","sticky":false,"template":"","format":"standard","meta":{"footnotes":""},"categories":[1411],"tags":[834,828,836,829,837,827,83,826,824,823,1154,207,814,817,815,816,822,821,832,211,839,1011,27,820,818,819,835,831,830,833,838,60,212,208,825],"class_list":{"0":"post-693539","1":"post","2":"type-post","3":"status-publish","4":"format-standard","5":"has-post-thumbnail","7":"category-cyclisme","8":"tag-attaque","9":"tag-belgique","10":"tag-braquet","11":"tag-bretagne","12":"tag-chute","13":"tag-competition","14":"tag-coupe-de-france","15":"tag-coureur","16":"tag-course-cyclisme","17":"tag-course-cycliste","18":"tag-cycling","19":"tag-cyclisme","20":"tag-direct","21":"tag-direct-velo","22":"tag-directvelo","23":"tag-directvelo-com","24":"tag-epreuve","25":"tag-epreuve-cycliste","26":"tag-federation-francaise-de-cyclisme","27":"tag-ffc","28":"tag-flandres","29":"tag-fr","30":"tag-france","31":"tag-live","32":"tag-live-course","33":"tag-live-epreuve","34":"tag-peloton","35":"tag-radio-peloton","36":"tag-radio-tour","37":"tag-ravitaillement","38":"tag-relance","39":"tag-sports","40":"tag-uci","41":"tag-velo","42":"tag-velos"},"share_on_mastodon":{"url":"https:\/\/pubeurope.com\/@fr\/115969107110282782","error":""},"_links":{"self":[{"href":"https:\/\/www.europesays.com\/fr\/wp-json\/wp\/v2\/posts\/693539","targetHints":{"allow":["GET"]}}],"collection":[{"href":"https:\/\/www.europesays.com\/fr\/wp-json\/wp\/v2\/posts"}],"about":[{"href":"https:\/\/www.europesays.com\/fr\/wp-json\/wp\/v2\/types\/post"}],"author":[{"embeddable":true,"href":"https:\/\/www.europesays.com\/fr\/wp-json\/wp\/v2\/users\/2"}],"replies":[{"embeddable":true,"href":"https:\/\/www.europesays.com\/fr\/wp-json\/wp\/v2\/comments?post=693539"}],"version-history":[{"count":0,"href":"https:\/\/www.europesays.com\/fr\/wp-json\/wp\/v2\/posts\/693539\/revisions"}],"wp:featuredmedia":[{"embeddable":true,"href":"https:\/\/www.europesays.com\/fr\/wp-json\/wp\/v2\/media\/693540"}],"wp:attachment":[{"href":"https:\/\/www.europesays.com\/fr\/wp-json\/wp\/v2\/media?parent=693539"}],"wp:term":[{"taxonomy":"category","embeddable":true,"href":"https:\/\/www.europesays.com\/fr\/wp-json\/wp\/v2\/categories?post=693539"},{"taxonomy":"post_tag","embeddable":true,"href":"https:\/\/www.europesays.com\/fr\/wp-json\/wp\/v2\/tags?post=693539"}],"curies":[{"name":"wp","href":"https:\/\/api.w.org\/{rel}","templated":true}]}}