{"id":693622,"date":"2026-01-27T22:01:14","date_gmt":"2026-01-27T22:01:14","guid":{"rendered":"https:\/\/www.europesays.com\/fr\/693622\/"},"modified":"2026-01-27T22:01:14","modified_gmt":"2026-01-27T22:01:14","slug":"la-star-de-la-pop-dua-lipa-apercue-dans-le-metro-avec-son-fiance-lors-de-la-fashion-week","status":"publish","type":"post","link":"https:\/\/www.europesays.com\/fr\/693622\/","title":{"rendered":"la star de la pop Dua Lipa aper\u00e7ue dans le m\u00e9tro avec son fianc\u00e9 lors de la Fashion Week"},"content":{"rendered":"<p>                    Par<br \/>\n        <strong><br \/>\n            <a href=\"https:\/\/actu.fr\/auteur\/redaction-paris\" title=\"Consulter tous les articles de R\u00e9daction Paris\" target=\"_blank\" rel=\"noopener\">R\u00e9daction Paris<\/a><br \/>\n                    <\/strong><\/p>\n<p>        Publi\u00e9 le<\/p>\n<p>            27 janv. 2026 \u00e0 20h54        <\/p>\n<p>Difficile de la reconna\u00eetre au milieu des autres usagers. Et pourtant, c\u2019est bien elle. Venue \u00e0 <a href=\"https:\/\/actu.fr\/paris\/\" target=\"_blank\" rel=\"noopener\">Paris<\/a> dans le cadre de la <a href=\"https:\/\/actu.fr\/tag\/fashion-week\" target=\"_blank\" rel=\"noopener\">Fashion Week<\/a>, la star internationale de la chanson <strong>Dua Lipa<\/strong> a \u00e9t\u00e9 aper\u00e7ue dans les transports en commun avec son compagnon, l\u2019acteur Callum Turner, ce lundi 26\u00a0janvier 2026. La vid\u00e9o, post\u00e9e sur les r\u00e9seaux sociaux, a \u00e9t\u00e9 relay\u00e9e par <a href=\"https:\/\/madame.lefigaro.fr\/celebrites\/actu-people\/metro-show-dodo-l-apparition-incognito-de-dua-lipa-et-son-fiance-dans-un-wagon-parisien-la-veille-du-defile-chanel-20260127\" target=\"_blank\" rel=\"noopener\">Madame Figaro<\/a>.<\/p>\n<p>Au milieu d\u2019une pl\u00e9iade de stars au d\u00e9fil\u00e9 Chanel<\/p>\n<p class=\" wall-content\">Simplement \u00e9quip\u00e9e d\u2019une casquette rouge, la chanteuse britannique est plong\u00e9e dans une rame de la ligne 12 visiblement dense. Son fianc\u00e9, Callum Turner, bonnet bleu viss\u00e9 sur le cr\u00e2ne, surveille l\u2019assistance et jette un regard \u00e0 la cam\u00e9ra du t\u00e9l\u00e9phone portable qui immortalise ce moment insolite.<\/p>\n<p class=\" wall-content\">\n<p class=\" wall-content\">Dua Lipa et Callum Turner ont ralli\u00e9 la capitale cette semaine pour participer au d\u00e9fil\u00e9 <strong>Chanel<\/strong> de la Fashion Week haute couture. Comme l\u2019ont relay\u00e9 plusieurs comptes, la chanteuse britannique de 31\u00a0ans a particip\u00e9 \u00e0 cet \u00e9v\u00e9nement en compagnie de plusieurs autres stars, comme l\u2019actrice <strong>Nicole Kidman<\/strong>, le danseur <strong>Guillaume Diop<\/strong>, le rappeur <strong>A$AP Rocky<\/strong> ou la chanteuse <strong>Vanessa Paradis<\/strong>.<\/p>\n<p class=\" wall-content\">Organis\u00e9e depuis 1973, la semaine de mode de Paris c\u00e9l\u00e8bre les <strong>meilleures maisons de couture<\/strong> en pr\u00e9sence de leurs \u00e9g\u00e9ries. Une mani\u00e8re de lancer les collections printemps-\u00e9t\u00e9 ou automne-hiver.<\/p>\n<p class=\" wall-content\">Personnalisez votre actualit\u00e9 en ajoutant vos villes et m\u00e9dias en favori avec <a href=\"https:\/\/moncompte.actu.fr\" title=\"D\u00e9couvez Mon Actu\" rel=\"nofollow noopener\" data-trk=\"{&quot;cta&quot;:{&quot;action&quot;:&quot;https:\\\/\\\/moncompte.actu.fr&quot;,&quot;category&quot;:&quot;mon compte&quot;,&quot;from&quot;:&quot;article footer&quot;,&quot;name&quot;:&quot;Mon actu&quot;,&quot;type&quot;:&quot;cta&quot;}}\" target=\"_blank\">Mon Actu<\/a>.<\/p>\n","protected":false},"excerpt":{"rendered":"Par R\u00e9daction Paris Publi\u00e9 le 27 janv. 2026 \u00e0 20h54 Difficile de la reconna\u00eetre au milieu des autres&hellip;\n","protected":false},"author":2,"featured_media":693623,"comment_status":"","ping_status":"","sticky":false,"template":"","format":"standard","meta":{"footnotes":""},"categories":[1888],"tags":[11,1695,1777,674,992,1011,27,1757,4047,12,626,25],"class_list":{"0":"post-693622","1":"post","2":"type-post","3":"status-publish","4":"format-standard","5":"has-post-thumbnail","7":"category-paris","8":"tag-actualites","9":"tag-chanson","10":"tag-eu","11":"tag-europe","12":"tag-fashion-week","13":"tag-fr","14":"tag-france","15":"tag-insolite","16":"tag-metro","17":"tag-news","18":"tag-paris","19":"tag-republique-francaise"},"share_on_mastodon":{"url":"https:\/\/pubeurope.com\/@fr\/115969319648966026","error":""},"_links":{"self":[{"href":"https:\/\/www.europesays.com\/fr\/wp-json\/wp\/v2\/posts\/693622","targetHints":{"allow":["GET"]}}],"collection":[{"href":"https:\/\/www.europesays.com\/fr\/wp-json\/wp\/v2\/posts"}],"about":[{"href":"https:\/\/www.europesays.com\/fr\/wp-json\/wp\/v2\/types\/post"}],"author":[{"embeddable":true,"href":"https:\/\/www.europesays.com\/fr\/wp-json\/wp\/v2\/users\/2"}],"replies":[{"embeddable":true,"href":"https:\/\/www.europesays.com\/fr\/wp-json\/wp\/v2\/comments?post=693622"}],"version-history":[{"count":0,"href":"https:\/\/www.europesays.com\/fr\/wp-json\/wp\/v2\/posts\/693622\/revisions"}],"wp:featuredmedia":[{"embeddable":true,"href":"https:\/\/www.europesays.com\/fr\/wp-json\/wp\/v2\/media\/693623"}],"wp:attachment":[{"href":"https:\/\/www.europesays.com\/fr\/wp-json\/wp\/v2\/media?parent=693622"}],"wp:term":[{"taxonomy":"category","embeddable":true,"href":"https:\/\/www.europesays.com\/fr\/wp-json\/wp\/v2\/categories?post=693622"},{"taxonomy":"post_tag","embeddable":true,"href":"https:\/\/www.europesays.com\/fr\/wp-json\/wp\/v2\/tags?post=693622"}],"curies":[{"name":"wp","href":"https:\/\/api.w.org\/{rel}","templated":true}]}}