{"id":693624,"date":"2026-01-27T22:02:16","date_gmt":"2026-01-27T22:02:16","guid":{"rendered":"https:\/\/www.europesays.com\/fr\/693624\/"},"modified":"2026-01-27T22:02:16","modified_gmt":"2026-01-27T22:02:16","slug":"avant-la-visite-del-charaa-a-moscou-la-russie-reduit-sa-presence-militaire-en-syrie","status":"publish","type":"post","link":"https:\/\/www.europesays.com\/fr\/693624\/","title":{"rendered":"Avant la visite d\u2019El-Charaa \u00e0 Moscou, la Russie r\u00e9duit sa pr\u00e9sence militaire en Syrie"},"content":{"rendered":"\n<p>La Russie commence-t-elle \u00e0 plier bagage dans le nord-est de la Syrie\u00a0? Si le minist\u00e8re de la D\u00e9fense russe ne l\u2019a pas confirm\u00e9, <a href=\"https:\/\/www.reuters.com\/world\/russia-withdrawing-troops-airport-northeast-syria-sources-say-2026-01-26\/\" target=\"_blank\" rel=\"noopener\">l\u2019agence<strong> Reuters<\/strong> affirme<\/a>, apr\u00e8s avoir interrog\u00e9 cinq sources syriennes, que Moscou a entam\u00e9 un retrait progressif de ses forces de l\u2019a\u00e9roport de Qamishli, principale ville du territoire qui \u00e9tait encore r\u00e9cemment contr\u00f4l\u00e9 par les Kurdes. Une partie de ces troupes aurait \u00e9t\u00e9 red\u00e9ploy\u00e9e vers la base russe de Hmeimim, dans l\u2019ouest du pays, tandis qu\u2019une autre serait en route vers la Russie.<\/p>\n<p>Ce retrait confirme, <a href=\"https:\/\/www.vedomosti.ru\/politics\/articles\/2026\/01\/26\/1171856-pokidayut-li-voennie-el-kamishli\" target=\"_blank\" rel=\"noopener\">selon <strong>Vedomosti<\/strong><\/a><strong>,<\/strong> l\u2019\u201c\u00e9vacuation probable\u201d de cette base utilis\u00e9e depuis\u00a02019 dans le cadre de la mission de m\u00e9diation entre les forces kurdes de Syrie et les groupes proturcs. Le quotidien \u00e9conomique russe rappelle que cette pr\u00e9sence s\u2019inscrivait <a href=\"https:\/\/www.courrierinternational.com\/article\/accord-la-russie-et-la-turquie-vont-controler-ensemble-le-nord-de-la-syrie\" target=\"_blank\" rel=\"noopener\">dans les accords de Sotchi de\u00a02019<\/a>, qui avaient permis le d\u00e9ploiement de patrouilles conjointes russo-turques apr\u00e8s la reprise d\u2019une partie de la fronti\u00e8re par Ankara. Selon une source syrienne proche du dossier <a class=\"ithalc\" data-ithal=\"lien_externe\" data-ithalc=\"[nav_article]\" target=\"_blank\" href=\"https:\/\/www.kommersant.ru\/doc\/8363906\" rel=\"noopener\">cit\u00e9e une semaine auparavant par <strong>Kommersant<\/strong><\/a><strong>,<\/strong> \u201cles Russes seront sans doute invit\u00e9s \u00e0 partir enti\u00e8rement. Ils n\u2019ont plus rien \u00e0 faire l\u00e0-bas.\u201d<\/p>\n<p>Pour l\u2019expert militaire Viktor Litovkine, <a class=\"ithalc\" data-ithal=\"lien_externe\" data-ithalc=\"[nav_article]\" target=\"_blank\" href=\"https:\/\/www.gazeta.ru\/politics\/news\/2026\/01\/27\/27715417.shtml\" rel=\"noopener\">interrog\u00e9 par <strong>Gazeta.ru<\/strong><\/a><strong>, <\/strong>site d\u2019information align\u00e9 sur la ligne du Kremlin, ce d\u00e9sengagement pourrait aussi \u00eatre lu <\/p>\n","protected":false},"excerpt":{"rendered":"La Russie commence-t-elle \u00e0 plier bagage dans le nord-est de la Syrie\u00a0? Si le minist\u00e8re de la D\u00e9fense&hellip;\n","protected":false},"author":2,"featured_media":693625,"comment_status":"","ping_status":"","sticky":false,"template":"","format":"standard","meta":{"footnotes":""},"categories":[1591],"tags":[11,78936,674,1887,1892,3257,12,1885,1886,132,32,135],"class_list":{"0":"post-693624","1":"post","2":"type-post","3":"status-publish","4":"format-standard","5":"has-post-thumbnail","7":"category-russie","8":"tag-actualites","9":"tag-ahmed-el-charaa-abou-mohammed-al-joulani","10":"tag-europe","11":"tag-federation-de-russie","12":"tag-gu00e9opolitique","13":"tag-moyen-orient","14":"tag-news","15":"tag-russia","16":"tag-russian-federation","17":"tag-russie","18":"tag-syrie","19":"tag-vladimir-poutine"},"share_on_mastodon":{"url":"https:\/\/pubeurope.com\/@fr\/115969323383958641","error":""},"_links":{"self":[{"href":"https:\/\/www.europesays.com\/fr\/wp-json\/wp\/v2\/posts\/693624","targetHints":{"allow":["GET"]}}],"collection":[{"href":"https:\/\/www.europesays.com\/fr\/wp-json\/wp\/v2\/posts"}],"about":[{"href":"https:\/\/www.europesays.com\/fr\/wp-json\/wp\/v2\/types\/post"}],"author":[{"embeddable":true,"href":"https:\/\/www.europesays.com\/fr\/wp-json\/wp\/v2\/users\/2"}],"replies":[{"embeddable":true,"href":"https:\/\/www.europesays.com\/fr\/wp-json\/wp\/v2\/comments?post=693624"}],"version-history":[{"count":0,"href":"https:\/\/www.europesays.com\/fr\/wp-json\/wp\/v2\/posts\/693624\/revisions"}],"wp:featuredmedia":[{"embeddable":true,"href":"https:\/\/www.europesays.com\/fr\/wp-json\/wp\/v2\/media\/693625"}],"wp:attachment":[{"href":"https:\/\/www.europesays.com\/fr\/wp-json\/wp\/v2\/media?parent=693624"}],"wp:term":[{"taxonomy":"category","embeddable":true,"href":"https:\/\/www.europesays.com\/fr\/wp-json\/wp\/v2\/categories?post=693624"},{"taxonomy":"post_tag","embeddable":true,"href":"https:\/\/www.europesays.com\/fr\/wp-json\/wp\/v2\/tags?post=693624"}],"curies":[{"name":"wp","href":"https:\/\/api.w.org\/{rel}","templated":true}]}}