{"id":693626,"date":"2026-01-27T22:03:12","date_gmt":"2026-01-27T22:03:12","guid":{"rendered":"https:\/\/www.europesays.com\/fr\/693626\/"},"modified":"2026-01-27T22:03:12","modified_gmt":"2026-01-27T22:03:12","slug":"ukraine-cinq-morts-dans-une-frappe-russe-contre-un-train-zelensky-denonce-du-terrorisme-27-01-2026-a-2257","status":"publish","type":"post","link":"https:\/\/www.europesays.com\/fr\/693626\/","title":{"rendered":"Ukraine-Cinq morts dans une frappe russe contre un train, Zelensky d\u00e9nonce du \u00ab\u00a0terrorisme\u00a0\u00bb &#8211; 27\/01\/2026 \u00e0 22:57"},"content":{"rendered":"<p>\n Une attaque au drone men\u00e9e par la<br \/>\nRussie contre un train de voyageurs dans le nord-est de<br \/>\nl&rsquo;Ukraine a tu\u00e9 cinq personnes, ont d\u00e9clar\u00e9 mardi des<br \/>\nprocureurs, tandis que le pr\u00e9sident ukrainien Volodimir Zelensky<br \/>\na d\u00e9nonc\u00e9 du terrorisme.\n<\/p>\n<p>\n Des fragments de cinq cadavres ont \u00e9t\u00e9 retrouv\u00e9s sur les<br \/>\nlieux de l&rsquo;attaque, \u00e0 proximit\u00e9 d&rsquo;un village dans la r\u00e9gion de<br \/>\nKharkiv, ont dit les procureurs. Le train, parti de Chop, \u00e0<br \/>\nproximit\u00e9 des fronti\u00e8res avec la Hongrie et la Slovaquie, devait<br \/>\nse rendre \u00e0 Barvinkove.\n<\/p>\n<p>\n Le train transportait plus de 200 passagers. Dix-huit<br \/>\nd&rsquo;entre eux se trouvaient dans le wagon atteint par le drone<br \/>\nrusse, a d\u00e9clar\u00e9 Volodimir Zelensky.\n<\/p>\n<p>\n \u00ab\u00a0Dans n&rsquo;importe quel pays, une frappe de drone contre un<br \/>\ntrain civil serait consid\u00e9r\u00e9 d&rsquo;une seule mani\u00e8re: comme purement<br \/>\ndu terrorisme\u00a0\u00bb, a \u00e9crit le pr\u00e9sident ukrainien sur la messagerie<br \/>\nTelegram. \u00ab\u00a0Il n&rsquo;y a pas et ne peut pas avoir un quelconque<br \/>\nobjectif militaire l\u00e0-dedans\u00a0\u00bb, a-t-il ajout\u00e9.\n<\/p>\n<p>\n (Dan Peleschuk; version fran\u00e7aise Jean Terzian)<\/p>\n","protected":false},"excerpt":{"rendered":"Une attaque au drone men\u00e9e par la Russie contre un train de voyageurs dans le nord-est de l&rsquo;Ukraine&hellip;\n","protected":false},"author":2,"featured_media":2486,"comment_status":"","ping_status":"","sticky":false,"template":"","format":"standard","meta":{"footnotes":""},"categories":[1590],"tags":[400,11,398,408,405,1777,674,403,402,399,404,12,401,406,220,407],"class_list":{"0":"post-693626","1":"post","2":"type-post","3":"status-publish","4":"format-standard","5":"has-post-thumbnail","7":"category-ukraine","8":"tag-action-cac-40","9":"tag-actualites","10":"tag-bourse-de-paris","11":"tag-boursorama","12":"tag-cotations","13":"tag-eu","14":"tag-europe","15":"tag-indices-devises","16":"tag-investir","17":"tag-investissement","18":"tag-marche-boursier","19":"tag-news","20":"tag-sicav","21":"tag-trackers","22":"tag-ukraine","23":"tag-warrants"},"share_on_mastodon":{"url":"https:\/\/pubeurope.com\/@fr\/115969327456814102","error":""},"_links":{"self":[{"href":"https:\/\/www.europesays.com\/fr\/wp-json\/wp\/v2\/posts\/693626","targetHints":{"allow":["GET"]}}],"collection":[{"href":"https:\/\/www.europesays.com\/fr\/wp-json\/wp\/v2\/posts"}],"about":[{"href":"https:\/\/www.europesays.com\/fr\/wp-json\/wp\/v2\/types\/post"}],"author":[{"embeddable":true,"href":"https:\/\/www.europesays.com\/fr\/wp-json\/wp\/v2\/users\/2"}],"replies":[{"embeddable":true,"href":"https:\/\/www.europesays.com\/fr\/wp-json\/wp\/v2\/comments?post=693626"}],"version-history":[{"count":0,"href":"https:\/\/www.europesays.com\/fr\/wp-json\/wp\/v2\/posts\/693626\/revisions"}],"wp:featuredmedia":[{"embeddable":true,"href":"https:\/\/www.europesays.com\/fr\/wp-json\/wp\/v2\/media\/2486"}],"wp:attachment":[{"href":"https:\/\/www.europesays.com\/fr\/wp-json\/wp\/v2\/media?parent=693626"}],"wp:term":[{"taxonomy":"category","embeddable":true,"href":"https:\/\/www.europesays.com\/fr\/wp-json\/wp\/v2\/categories?post=693626"},{"taxonomy":"post_tag","embeddable":true,"href":"https:\/\/www.europesays.com\/fr\/wp-json\/wp\/v2\/tags?post=693626"}],"curies":[{"name":"wp","href":"https:\/\/api.w.org\/{rel}","templated":true}]}}