{"id":693661,"date":"2026-01-27T22:29:10","date_gmt":"2026-01-27T22:29:10","guid":{"rendered":"https:\/\/www.europesays.com\/fr\/693661\/"},"modified":"2026-01-27T22:29:10","modified_gmt":"2026-01-27T22:29:10","slug":"stephane-bern-en-difficulte-son-aveu-sans-fard-pour-rembourse","status":"publish","type":"post","link":"https:\/\/www.europesays.com\/fr\/693661\/","title":{"rendered":"St\u00e9phane Bern en difficult\u00e9, son aveu sans fard : \u00ab\u00a0Pour rembourse &#8230;"},"content":{"rendered":"<p>EN BREF<\/p>\n<ul class=\"bloc_resume_post_list\">\n<li>St\u00e9phane Bern, animateur passionn\u00e9 d\u00a0\u00bbhistoire, a d\u00e9m\u00e9nag\u00e9<br \/>\nau Lavandou fin 2024 avec son compagnon Yori et leurs<br \/>\nchiens.<\/li>\n<li>Il reste tr\u00e8s actif professionnellement, encha\u00eenant les<br \/>\ntournages et projets culturels malgr\u00e9 son changement de cadre de<br \/>\nvie.<\/li>\n<li>Ses investissements dans le patrimoine, notamment le<br \/>\nColl\u00e8ge royal de Thiron-Gardais, ont des r\u00e9percussions financi\u00e8res<br \/>\nimportantes.<\/li>\n<\/ul>\n<p data-start=\"674\" data-end=\"1012\">Ces derni\u00e8res ann\u00e9es,<\/p>\n<p>St\u00e9phane Bern a profond\u00e9ment chang\u00e9 de rythme. L\u2019animateur,<br \/>\npassionn\u00e9 d\u2019histoire et de patrimoine, a quitt\u00e9 Paris pour<br \/>\n<strong>s\u2019installer dans le sud de la France<\/strong> avec <a href=\"https:\/\/www.telestar.fr\/people\/stephane-bern-en-amoureux-rare-sortie-publique-avec-son-jeune-compagnon-yori-bailleres-1724913\" target=\"_blank\" rel=\"noopener\"><br \/>\nson compagnon Yori<\/a> et ses chiens. Un choix de vie qu&rsquo;il assume<br \/>\npleinement, loin de l\u2019agitation de la capitale, mais qui ne<br \/>\nsignifie en rien un retrait !<\/p>\n<p data-start=\"1014\" data-end=\"1323\">Car St\u00e9phane Bern continue de<br \/>\ntravailler sans rel\u00e2che. Entre tournages, projets culturels et<br \/>\nengagements personnels, <a href=\"https:\/\/www.telestar.fr\/tele_realite\/danse-avec-les-stars-stephane-bern-deja-dernier-une-surprise-sur-le-podium-decouvrez-les-notes-du-premier-prime-1751885\" target=\"_blank\" rel=\"noopener\"><br \/>\ncelui qui brille (mais pas par son talent) dans la saison actuelle<br \/>\nde Danse avec les stars<\/a> reste tr\u00e8s actif. Derri\u00e8re<br \/>\ncette image apais\u00e9e, il a pourtant accept\u00e9 d\u2019\u00e9voquer un sujet plus<br \/>\nd\u00e9licat, <strong>celui de ses finances<\/strong>, de ses<br \/>\ninvestissements\u2026 et des sacrifices qu\u2019il a d\u00fb consentir.<\/p>\n<p>St\u00e9phane Bern quitte Paris<br \/>\npour une vie plus calme<\/p>\n<p data-start=\"1382\" data-end=\"1779\">\u00c0 Paris, la vie quotidienne<br \/>\n\u00e9tait devenue compliqu\u00e9e, notamment \u00e0 cause de ses chiens. Les<br \/>\naboiements faisaient r\u00e9agir le voisinage et les tensions<br \/>\ns\u2019accumulaient. <strong>\u00ab\u00a0\u00c0<br \/>\nParis, d\u00e8s qu\u2019ils aboyaient, les voisins se plaignaient.<br \/>\nAujourd\u2019hui, ils sont pleinement \u00e9panouis\u00a0\u00bb<\/strong><br \/>\nconfiait-il \u00e0 Peuple Animal, le magazine de 30 millions<br \/>\nd\u2019amis. Un d\u00e9tail en apparence, mais qui a pes\u00e9 lourd dans la<br \/>\nbalance.<\/p>\n<p data-start=\"1781\" data-end=\"2155\">Fin 2024, St\u00e9phane Bern<br \/>\ns\u2019installe donc <strong>au Lavandou, dans le Var<\/strong>, avec<br \/>\nYori, son compagnon. L\u00e0-bas, le cadre est plus doux, la vie plus<br \/>\nsimple. Les chiens peuvent courir librement, sans contrainte. Pour<br \/>\nautant, l\u2019animateur ne se coupe pas de son activit\u00e9. Il encha\u00eene<br \/>\ntoujours les tournages de Secrets d\u2019Histoire et de<br \/>\nLaissez-vous guider, qu\u2019il coanime avec Lor\u00e0nt<br \/>\nDeutsch.<\/p>\n<p>Patrimoine, dettes et aveu sans d\u00e9tour<\/p>\n<p data-start=\"2202\" data-end=\"2541\">Son engagement pour le<br \/>\npatrimoine est au c\u0153ur de sa vie, mais il a un co\u00fbt. En 2013,<br \/>\nSt\u00e9phane Bern rach\u00e8te le Coll\u00e8ge royal et militaire de<br \/>\nThiron-Gardais, en Eure-et-Loir. <a href=\"https:\/\/www.closermag.fr\/people\/brutalement-honnete-stephane-bern-leve-le-voile-sur-sa-carriere-ma-famille-a-commence-a-me-respecter-quand-3614070\" target=\"_blank\" rel=\"noopener\"><br \/>\nCelui qui est brutalement honn\u00eate sur sa carri\u00e8re<\/a> transforme ce<br \/>\nlieu historique en mus\u00e9e ouvert au public, avec des jardins<br \/>\naccessibles toute l\u2019ann\u00e9e. Un projet colossal, autant sur le plan<br \/>\nhumain que financier. Il expliquait <strong>avoir d\u00e9bours\u00e9 environ<br \/>\n300 000 euros pour l\u2019achat<\/strong>, mais surtout plus de 4<br \/>\nmillions d\u2019euros pour les travaux. Dans les colonnes de TV Mag, il<br \/>\nassumait sans d\u00e9tour \u00ab\u00a0\u00c7a va<br \/>\nme prendre un certain temps, j\u2019ai tout vendu ! Ma banqui\u00e8re se dit<br \/>\n\u201cPourvu qu\u2019il vive longtemps\u201d\u00a0\u00bb. Avant de reconna\u00eetre<br \/>\n\u00ab\u00a0Je dois rester vigilant. Je<br \/>\nsuis contraint de continuer \u00e0 travailler, sans doute encore<br \/>\nlongtemps, pour rembourser mes dettes. J\u2019ai mis beaucoup sur mes<br \/>\n\u00e9paules.\u00a0\u00bb<\/p>\n<p data-start=\"3017\" data-end=\"3384\">Pour all\u00e9ger cette charge,<br \/>\nSt\u00e9phane Bern a m\u00eame fait le choix de <strong>vendre son logement \u00e0<br \/>\nN\u00e1oussa, sur l\u2019\u00eele grecque de Paros<\/strong>. Aujourd\u2019hui, entre sa<br \/>\nmaison du Var, ses projets t\u00e9l\u00e9vis\u00e9s et son engagement patrimonial,<br \/>\nil semble avoir trouv\u00e9 un \u00e9quilibre fragile, mais assum\u00e9. Un<br \/>\nquotidien fait de passion, de travail\u2026 et de responsabilit\u00e9s qu\u2019il<br \/>\nne cherche plus \u00e0 cacher.<\/p>\n","protected":false},"excerpt":{"rendered":"EN BREF St\u00e9phane Bern, animateur passionn\u00e9 d\u00a0\u00bbhistoire, a d\u00e9m\u00e9nag\u00e9 au Lavandou fin 2024 avec son compagnon Yori et&hellip;\n","protected":false},"author":2,"featured_media":693662,"comment_status":"","ping_status":"","sticky":false,"template":"","format":"standard","meta":{"footnotes":""},"categories":[8],"tags":[548,58,59,1011,27,18875,65861],"class_list":{"0":"post-693661","1":"post","2":"type-post","3":"status-publish","4":"format-standard","5":"has-post-thumbnail","7":"category-divertissement","8":"tag-article-simple","9":"tag-divertissement","10":"tag-entertainment","11":"tag-fr","12":"tag-france","13":"tag-stephane-bern","14":"tag-trend"},"share_on_mastodon":{"url":"https:\/\/pubeurope.com\/@fr\/115969429628803472","error":""},"_links":{"self":[{"href":"https:\/\/www.europesays.com\/fr\/wp-json\/wp\/v2\/posts\/693661","targetHints":{"allow":["GET"]}}],"collection":[{"href":"https:\/\/www.europesays.com\/fr\/wp-json\/wp\/v2\/posts"}],"about":[{"href":"https:\/\/www.europesays.com\/fr\/wp-json\/wp\/v2\/types\/post"}],"author":[{"embeddable":true,"href":"https:\/\/www.europesays.com\/fr\/wp-json\/wp\/v2\/users\/2"}],"replies":[{"embeddable":true,"href":"https:\/\/www.europesays.com\/fr\/wp-json\/wp\/v2\/comments?post=693661"}],"version-history":[{"count":0,"href":"https:\/\/www.europesays.com\/fr\/wp-json\/wp\/v2\/posts\/693661\/revisions"}],"wp:featuredmedia":[{"embeddable":true,"href":"https:\/\/www.europesays.com\/fr\/wp-json\/wp\/v2\/media\/693662"}],"wp:attachment":[{"href":"https:\/\/www.europesays.com\/fr\/wp-json\/wp\/v2\/media?parent=693661"}],"wp:term":[{"taxonomy":"category","embeddable":true,"href":"https:\/\/www.europesays.com\/fr\/wp-json\/wp\/v2\/categories?post=693661"},{"taxonomy":"post_tag","embeddable":true,"href":"https:\/\/www.europesays.com\/fr\/wp-json\/wp\/v2\/tags?post=693661"}],"curies":[{"name":"wp","href":"https:\/\/api.w.org\/{rel}","templated":true}]}}