{"id":693690,"date":"2026-01-27T22:50:10","date_gmt":"2026-01-27T22:50:10","guid":{"rendered":"https:\/\/www.europesays.com\/fr\/693690\/"},"modified":"2026-01-27T22:50:10","modified_gmt":"2026-01-27T22:50:10","slug":"viol-dune-employee-de-restaurant-en-ille-et-vilaine-un-homme-interpelle-et-place-en-detention-provisoire","status":"publish","type":"post","link":"https:\/\/www.europesays.com\/fr\/693690\/","title":{"rendered":"Viol d\u2019une employ\u00e9e de restaurant en Ille-et-Vilaine\u00a0: un homme interpell\u00e9 et plac\u00e9 en d\u00e9tention provisoire"},"content":{"rendered":"<p>Il est dans les 5 h, lundi matin. Les policiers de la brigade anticriminalit\u00e9 (BAC) de Rennes patrouillent dans le centre-ville de Rennes quand ils aper\u00e7oivent un individu \u00e0 v\u00e9lo qui les alertent. Cet homme correspond \u00e0 la description donn\u00e9e par deux victimes &#8211; de viol et d\u2019extorsion pour l\u2019une, de tentative de viol et d\u2019extorsion pour l\u2019autre &#8211; dans la m\u00e9tropole au mois de janvier. Appr\u00e9hend\u00e9, le suspect est confondu par son ADN. Et au cours de ses auditions, reconna\u00eet les faits reproch\u00e9s. Il est depuis ce mardi plac\u00e9 en d\u00e9tention provisoire.<\/p>\n<p>Le d\u00e9nouement d\u2019une traque qui a dur\u00e9 un peu moins d\u2019une dizaine de jours, comme l\u2019a indiqu\u00e9 ce mardi soir un communiqu\u00e9 du procureur de la R\u00e9publique de Rennes Fr\u00e9d\u00e9ric Teillet. L\u2019homme \u00e9tait recherch\u00e9 notamment depuis qu\u2019une femme s\u2019\u00e9tait pr\u00e9sent\u00e9e le 18 janvier dernier, victime de faits de viols et d\u2019extorsion de son t\u00e9l\u00e9phone portable<a href=\"https:\/\/www.letelegramme.fr\/ille-et-vilaine\/une-jeune-employee-dun-restaurant-agressee-sexuellement-en-ille-et-vilaine-6967855.php\" target=\"_blank\" rel=\"noopener\"> alors qu\u2019elle prenait son service \u00e0 7 h dans un restaurant \u00e0 Cesson-S\u00e9vign\u00e9 (35)<\/a>. Le tout sous la menace d\u2019un couteau et d\u2019un pistolet \u00e0 impulsion \u00e9lectrique. Une enqu\u00eate avait \u00e9t\u00e9 ouverte dans la foul\u00e9e, confi\u00e9e \u00e0 la DCT rennaise, l\u2019ancienne s\u00fbret\u00e9 d\u00e9partementale.<\/p>\n<p>M\u00eame mode op\u00e9ratoire<\/p>\n<p>Outre les pr\u00e9l\u00e8vements ADN r\u00e9alis\u00e9s, des investigations avaient permis d\u2019\u00e9tablir que l\u2019individu avait suivi la plaignante \u00e0 v\u00e9lo sur plusieurs kilom\u00e8tres avant les faits. Un mode op\u00e9ratoire tel que d\u00e9crit dimanche par une deuxi\u00e8me jeune femme, qui a d\u00e9nonc\u00e9 des faits de tentative de viol et extorsion apr\u00e8s avoir \u00e9t\u00e9 suivie elle aussi \u00e0 v\u00e9lo. Encore une fois, elle disait avoir \u00e9t\u00e9 menac\u00e9e par un couteau et un pistolet \u00e0 impulsion \u00e9lectrique.<\/p>\n<p>L\u2019homme interpell\u00e9 lundi est n\u00e9 en 1995 et son casier judicaire ne mentionne aucune condamnation. Un pistolet \u00e0 impulsion \u00e9lectrique a \u00e9t\u00e9 retrouv\u00e9 dans son v\u00e9hicule de service. Il a \u00e9t\u00e9 mis en examen par le juge d\u2019instruction pour viol commis avec usage ou menace d\u2019une arme, tentative de viol commis avec usage ou menace d\u2019une arme, et deux extorsions avec arme. Avant d\u2019\u00eatre plac\u00e9 en d\u00e9tention provisoire, conform\u00e9ment \u00e0 la demande du parquet de Rennes.<\/p>\n","protected":false},"excerpt":{"rendered":"Il est dans les 5 h, lundi matin. Les policiers de la brigade anticriminalit\u00e9 (BAC) de Rennes patrouillent&hellip;\n","protected":false},"author":2,"featured_media":693691,"comment_status":"","ping_status":"","sticky":false,"template":"","format":"standard","meta":{"footnotes":""},"categories":[2821],"tags":[1111,11,829,765,1777,674,118,3383,1011,27,12,584,25],"class_list":{"0":"post-693690","1":"post","2":"type-post","3":"status-publish","4":"format-standard","5":"has-post-thumbnail","7":"category-rennes","8":"tag-actu","9":"tag-actualites","10":"tag-bretagne","11":"tag-en-continu","12":"tag-eu","13":"tag-europe","14":"tag-faits-divers","15":"tag-faits-divers-a-rennes","16":"tag-fr","17":"tag-france","18":"tag-news","19":"tag-rennes","20":"tag-republique-francaise"},"share_on_mastodon":{"url":"https:\/\/pubeurope.com\/@fr\/115969512249599767","error":""},"_links":{"self":[{"href":"https:\/\/www.europesays.com\/fr\/wp-json\/wp\/v2\/posts\/693690","targetHints":{"allow":["GET"]}}],"collection":[{"href":"https:\/\/www.europesays.com\/fr\/wp-json\/wp\/v2\/posts"}],"about":[{"href":"https:\/\/www.europesays.com\/fr\/wp-json\/wp\/v2\/types\/post"}],"author":[{"embeddable":true,"href":"https:\/\/www.europesays.com\/fr\/wp-json\/wp\/v2\/users\/2"}],"replies":[{"embeddable":true,"href":"https:\/\/www.europesays.com\/fr\/wp-json\/wp\/v2\/comments?post=693690"}],"version-history":[{"count":0,"href":"https:\/\/www.europesays.com\/fr\/wp-json\/wp\/v2\/posts\/693690\/revisions"}],"wp:featuredmedia":[{"embeddable":true,"href":"https:\/\/www.europesays.com\/fr\/wp-json\/wp\/v2\/media\/693691"}],"wp:attachment":[{"href":"https:\/\/www.europesays.com\/fr\/wp-json\/wp\/v2\/media?parent=693690"}],"wp:term":[{"taxonomy":"category","embeddable":true,"href":"https:\/\/www.europesays.com\/fr\/wp-json\/wp\/v2\/categories?post=693690"},{"taxonomy":"post_tag","embeddable":true,"href":"https:\/\/www.europesays.com\/fr\/wp-json\/wp\/v2\/tags?post=693690"}],"curies":[{"name":"wp","href":"https:\/\/api.w.org\/{rel}","templated":true}]}}