{"id":693725,"date":"2026-01-27T23:12:29","date_gmt":"2026-01-27T23:12:29","guid":{"rendered":"https:\/\/www.europesays.com\/fr\/693725\/"},"modified":"2026-01-27T23:12:29","modified_gmt":"2026-01-27T23:12:29","slug":"saint-valentin-a-lhotel-westminster-notre-recommandation-pour-un-diner-dexception-au-coeur-dun-paris-chic-et-romantique","status":"publish","type":"post","link":"https:\/\/www.europesays.com\/fr\/693725\/","title":{"rendered":"Saint-Valentin \u00e0 l\u2019H\u00f4tel Westminster, notre recommandation pour un d\u00eener d\u2019exception au c\u0153ur d\u2019un Paris chic et romantique"},"content":{"rendered":"<p>Q<strong>uand vient la Saint-Valentin, Paris r\u00e9v\u00e8le ce qu\u2019elle a de plus intemporel. Ses lumi\u00e8res, ses perspectives, ses h\u00f4tels cossus et ses adresses confidentielles deviennent le d\u00e9cor id\u00e9al pour c\u00e9l\u00e9brer l\u2019amour. Nich\u00e9 entre la place Vend\u00f4me et l\u2019Op\u00e9ra, <a href=\"https:\/\/www.warwickhotels.com\/fr\/hotel-westminster\/offres\/saint-valentin-a-l-hotel-westminster\" target=\"_blank\" rel=\"noreferrer noopener\">l\u2019H\u00f4tel Westminster<\/a> s\u2019impose comme l\u2019un de ces lieux o\u00f9 l\u2019\u00e9l\u00e9gance parisienne prend tout son sens. Pour le samedi 14 f\u00e9vrier 2026, l\u2019\u00e9tablissement propose un menu de Saint-Valentin raffin\u00e9, pens\u00e9 comme une parenth\u00e8se gastronomique \u00e0 vivre \u00e0 deux, dans un cadre feutr\u00e9 et charg\u00e9 d\u2019histoire.<\/strong><\/p>\n<p><strong>Un menu de Saint-Valentin tout en finesse et en \u00e9quilibre<\/strong><\/p>\n<p><img loading=\"lazy\" decoding=\"async\" width=\"2048\" height=\"1151\" src=\"data:image\/svg+xml,%3Csvg%20xmlns=\" http:=\"\" alt=\"\" class=\"wp-image-207810\" data-lazy- data-lazy- data-lazy-src=\"https:\/\/www.europesays.com\/fr\/wp-content\/uploads\/2026\/01\/St-Valentin-Celadon-13-1-edited-scaled.jpg\"\/><\/p>\n<p>Pour cette soir\u00e9e particuli\u00e8re, l\u2019H\u00f4tel Westminster a imagin\u00e9 un\u00a0<strong>d\u00eener gastronomique<\/strong>, o\u00f9 chaque d\u00e9tail est soign\u00e9. D\u00e8s les pr\u00e9mices, l\u2019exp\u00e9rience d\u00e9bute avec des\u00a0<strong>crackers au beurre de truffe<\/strong>\u00a0accompagn\u00e9s d\u2019une\u00a0<strong>chiboust de pommes de terre<\/strong>, une mise en bouche subtile et r\u00e9confortante. Une\u00a0<strong>coupe de champagne Taittinger Ros\u00e9<\/strong>\u00a0est servie \u00e0 chaque convive, donnant imm\u00e9diatement le ton de la soir\u00e9e.<\/p>\n<p>L\u2019entr\u00e9e met \u00e0 l\u2019honneur la mer avec des\u00a0<strong>\u00e9cailles de Saint-Jacques glac\u00e9es au champagne<\/strong>, d\u00e9licatement associ\u00e9es \u00e0 une salade d\u2019asperges. Une assiette \u00e9l\u00e9gante, \u00e9quilibr\u00e9e, o\u00f9 la fra\u00eecheur dialogue avec la gourmandise. Le repas se poursuit avec un duo de plats : des\u00a0<strong>macaronis voil\u00e9s au Comt\u00e9<\/strong>, servis avec une royale d\u2019artichauts et une \u00e9cume de cancoillotte, puis un\u00a0<strong>m\u00e9daillon de veau Apicius<\/strong>, accompagn\u00e9 d\u2019un press\u00e9 v\u00e9g\u00e9tal. Une cuisine fran\u00e7aise contemporaine, lisible, g\u00e9n\u00e9reuse, sans jamais \u00eatre d\u00e9monstrative.<\/p>\n<p>Le dessert vient sceller ce moment avec po\u00e9sie : un\u00a0<strong>c\u0153ur intense aux fruits rouges \u00e0 partager<\/strong>, symbole parfait de la soir\u00e9e. Caf\u00e9 ou th\u00e9, eaux min\u00e9rales et possibilit\u00e9 de vins en suppl\u00e9ment compl\u00e8tent cette proposition pens\u00e9e pour le plaisir avant tout. Sans animation musicale, le d\u00eener laisse toute la place \u00e0 la conversation, aux regards et \u00e0 l\u2019instant pr\u00e9sent.\u00a0<br \/>L\u2019attention qu\u2019on aime : une\u00a0<strong>jolie rose est offerte \u00e0 chaque couple<\/strong>.<\/p>\n<p><strong>Le restaurant C\u00e9ladon, l\u2019\u00e9crin chic et feutr\u00e9 de l\u2019H\u00f4tel Westminster<\/strong><\/p>\n<p><img loading=\"lazy\" decoding=\"async\" width=\"880\" height=\"330\" src=\"data:image\/svg+xml,%3Csvg%20xmlns=\" http:=\"\" alt=\"\" class=\"wp-image-207805\" data-lazy- data-lazy- data-lazy-src=\"https:\/\/www.europesays.com\/fr\/wp-content\/uploads\/2026\/01\/le-celadon-restaurant-3-1-min-1_panoramic-880x330.jpg\"\/><\/p>\n<p>C\u2019est au\u00a0<strong><a href=\"https:\/\/www.parisselectbook.com\/2025\/11\/27\/le-celadon-diners-etoiles-et-reveillon-dexception-pour-un-mois-de-decembre-sous-le-signe-de-la-fete-et-du-raffinement\/\" target=\"_blank\" rel=\"noreferrer noopener\">restaurant C\u00e9ladon<\/a><\/strong>, table embl\u00e9matique de l\u2019H\u00f4tel Westminster, que se d\u00e9roule ce d\u00eener de la Saint-Valentin. V\u00e9ritable cocon gastronomique, C\u00e9ladon s\u00e9duit par son\u00a0<strong>\u00e9l\u00e9gance intemporelle<\/strong>\u00a0et son atmosph\u00e8re feutr\u00e9e, parfaitement adapt\u00e9e aux grandes occasions. Le d\u00e9cor, \u00e0 la fois classique et chaleureux, invite \u00e0 la confidence et au l\u00e2cher-prise, loin de l\u2019agitation parisienne, tout en restant au\u00a0<strong>c\u0153ur du luxe discret de la rue de la Paix<\/strong>. Ici, la cuisine fran\u00e7aise s\u2019exprime avec pr\u00e9cision et raffinement, mettant en valeur les produits de saison dans des assiettes lisibles, g\u00e9n\u00e9reuses et d\u00e9licatement travaill\u00e9es. Le service attentif, bienveillant et mesur\u00e9 compl\u00e8te l\u2019exp\u00e9rience, offrant un cadre id\u00e9al pour c\u00e9l\u00e9brer la Saint-Valentin dans un esprit \u00e0 la fois\u00a0<strong>luxe , romantique et profond\u00e9ment parisien<\/strong>.<\/p>\n<p><strong>Un emplacement id\u00e9al pour une belle balade avant (ou apr\u00e8s) votre d\u00eener romantique<\/strong><\/p>\n<p>L\u2019un des grands atouts de l\u2019H\u00f4tel Westminster r\u00e9side dans son emplacement exceptionnel, propice aux promenades chics et typiquement parisiennes avant le d\u00eener.\u00a0<\/p>\n<p><img loading=\"lazy\" decoding=\"async\" width=\"915\" height=\"514\" src=\"data:image\/svg+xml,%3Csvg%20xmlns=\" http:=\"\" alt=\"\" class=\"wp-image-207798\" data-lazy- data-lazy- data-lazy-src=\"https:\/\/www.europesays.com\/fr\/wp-content\/uploads\/2026\/01\/Capture-decran-2026-01-27-a-15.33.16-edited.png\"\/><\/p>\n<p>Premi\u00e8re option,\u00a0 une\u00a0<strong>balade depuis la place de la Concorde<\/strong>, en traversant le jardin des Tuileries. \u00c0 la tomb\u00e9e de la nuit, les all\u00e9es sont\u00a0\u00a0id\u00e9ales pour une marche tendre main dans la main. La rue Rivoli majestueuse s\u2019illumine. Le parcours se prolonge naturellement vers la\u00a0<strong>place Vend\u00f4me<\/strong>, o\u00f9 les vitrines des grandes maisons de joaillerie subliment la colonne. De l\u00e0, quelques minutes suffisent pour rejoindre l\u2019h\u00f4tel.<\/p>\n<p><img loading=\"lazy\" decoding=\"async\" width=\"600\" height=\"394\" src=\"data:image\/svg+xml,%3Csvg%20xmlns=\" http:=\"\" alt=\"\" class=\"wp-image-207808\" style=\"width:840px;height:auto\" data-lazy- data-lazy- data-lazy-src=\"https:\/\/www.europesays.com\/fr\/wp-content\/uploads\/2026\/01\/big1245-2471.webp.webp\"\/><\/p>\n<p>Deuxi\u00e8me possibilit\u00e9, tout aussi s\u00e9duisante : partir de l\u2019<strong>Op\u00e9ra Garnier<\/strong>, se balader vers le boulevard Haussmann, fl\u00e2ner dans les\u00a0<strong>grands magasins\u00a0<\/strong>pour une touche de shopping, puis descendre le\u00a0<strong>boulevard des Italiens<\/strong>. L\u2019ambiance y est anim\u00e9e, vibrante, typiquement parisienne. La promenade se conclut par une courte marche jusqu\u2019\u00e0 l\u2019H\u00f4tel Westminster, situ\u00e9 \u00e0 quelques pas de l\u2019Op\u00e9ra. Deux itin\u00e9raires, deux atmosph\u00e8res, mais une m\u00eame promesse : arriver au d\u00eener d\u00e9j\u00e0 impr\u00e9gn\u00e9 de la magie parisienne.<\/p>\n<p><strong>Et pourquoi ne pas prolonger la soir\u00e9e\u2026<\/strong><\/p>\n<p><img loading=\"lazy\" decoding=\"async\" width=\"2000\" height=\"1125\" src=\"data:image\/svg+xml,%3Csvg%20xmlns=\" http:=\"\" alt=\"\" class=\"wp-image-207796\" data-lazy- data-lazy- data-lazy-src=\"https:\/\/www.europesays.com\/fr\/wp-content\/uploads\/2026\/01\/prestige-suite-champagne-set-up-edited.jpg\"\/><\/p>\n<p>Pour transformer ce d\u00eener en v\u00e9ritable escapade amoureuse, l\u2019H\u00f4tel Westminster offre une option id\u00e9ale :<a href=\"https:\/\/www.warwickhotels.com\/fr\/hotel-westminster\/offres\/saint-valentin-a-l-hotel-westminster\" target=\"_blank\" rel=\"noopener\">\u00a0<strong>passer la nuit sur place<\/strong><\/a>. Les chambres, \u00e9l\u00e9gantes et confortables, prolongent l\u2019exp\u00e9rience dans un esprit classique et chaleureux. Certaines offrent une\u00a0<strong>vue sur la place Vend\u00f4me<\/strong>, ajoutant une dimension unique \u00e0 la soir\u00e9e. Se r\u00e9veiller au c\u0153ur de ce quartier embl\u00e9matique, apr\u00e8s un d\u00eener de Saint-Valentin, est une mani\u00e8re douce et luxueuse de prolonger la c\u00e9l\u00e9bration. \u00c0 bon entendeur\u2026\u00a0L\u2019offre est\u00a0<a href=\"https:\/\/www.warwickhotels.com\/fr\/hotel-westminster\/offres\/saint-valentin-a-l-hotel-westminster\" target=\"_blank\" rel=\"noreferrer noopener\">ici<\/a>\u00a0!<\/p>\n<p><strong>Informations pratiques<\/strong><br \/>D\u00eener de la Saint-Valentin<br \/>Date : samedi 14 f\u00e9vrier 2026<br \/>Accueil d\u00e8s 19h<\/p>\n<p><strong>Menu Saint-Valentin : 159 \u20ac TTC par personne<\/strong><br \/>Champagne, boissons chaudes incluses.<br \/>Vins en suppl\u00e9ment sur demande.<br \/>Rose offerte.<\/p>\n<p><strong>H\u00f4tel Westminster<\/strong><br \/>13 rue de la Paix Paris 75002<br \/>Quartier : Place Vend\u00f4me \u2013 Op\u00e9ra<\/p>\n","protected":false},"excerpt":{"rendered":"Quand vient la Saint-Valentin, Paris r\u00e9v\u00e8le ce qu\u2019elle a de plus intemporel. Ses lumi\u00e8res, ses perspectives, ses h\u00f4tels&hellip;\n","protected":false},"author":2,"featured_media":693726,"comment_status":"","ping_status":"","sticky":false,"template":"","format":"standard","meta":{"footnotes":""},"categories":[1888],"tags":[11,30992,68249,1777,674,1011,27,2425,12,626,25],"class_list":{"0":"post-693725","1":"post","2":"type-post","3":"status-publish","4":"format-standard","5":"has-post-thumbnail","7":"category-paris","8":"tag-actualites","9":"tag-adresse","10":"tag-chic","11":"tag-eu","12":"tag-europe","13":"tag-fr","14":"tag-france","15":"tag-luxe","16":"tag-news","17":"tag-paris","18":"tag-republique-francaise"},"share_on_mastodon":{"url":"https:\/\/pubeurope.com\/@fr\/115969598852814201","error":""},"_links":{"self":[{"href":"https:\/\/www.europesays.com\/fr\/wp-json\/wp\/v2\/posts\/693725","targetHints":{"allow":["GET"]}}],"collection":[{"href":"https:\/\/www.europesays.com\/fr\/wp-json\/wp\/v2\/posts"}],"about":[{"href":"https:\/\/www.europesays.com\/fr\/wp-json\/wp\/v2\/types\/post"}],"author":[{"embeddable":true,"href":"https:\/\/www.europesays.com\/fr\/wp-json\/wp\/v2\/users\/2"}],"replies":[{"embeddable":true,"href":"https:\/\/www.europesays.com\/fr\/wp-json\/wp\/v2\/comments?post=693725"}],"version-history":[{"count":0,"href":"https:\/\/www.europesays.com\/fr\/wp-json\/wp\/v2\/posts\/693725\/revisions"}],"wp:featuredmedia":[{"embeddable":true,"href":"https:\/\/www.europesays.com\/fr\/wp-json\/wp\/v2\/media\/693726"}],"wp:attachment":[{"href":"https:\/\/www.europesays.com\/fr\/wp-json\/wp\/v2\/media?parent=693725"}],"wp:term":[{"taxonomy":"category","embeddable":true,"href":"https:\/\/www.europesays.com\/fr\/wp-json\/wp\/v2\/categories?post=693725"},{"taxonomy":"post_tag","embeddable":true,"href":"https:\/\/www.europesays.com\/fr\/wp-json\/wp\/v2\/tags?post=693725"}],"curies":[{"name":"wp","href":"https:\/\/api.w.org\/{rel}","templated":true}]}}