{"id":69373,"date":"2025-05-02T13:01:11","date_gmt":"2025-05-02T13:01:11","guid":{"rendered":"https:\/\/www.europesays.com\/fr\/69373\/"},"modified":"2025-05-02T13:01:11","modified_gmt":"2025-05-02T13:01:11","slug":"plus-belle-la-vie-encore-plus-belle-du-vendredi-2-mai-2025-episode-324","status":"publish","type":"post","link":"https:\/\/www.europesays.com\/fr\/69373\/","title":{"rendered":"Plus belle la vie, encore plus belle du vendredi 2 mai 2025 &#8211; Episode 324"},"content":{"rendered":"<p id=\"descriptionPanel\" aria-labelledby=\"descriptionArrow\" aria-expanded=\"false\" class=\"mr-2 line-clamp-2 pr-2.5 text-secondary overflow-visible\">Steve d\u00e9cide de prendre de la distance, encourag\u00e9 par sa nouvelle rencontre. Un incident technique au cabinet m\u00e9dical va provoquer un \u00e9change inattendu. Alors que Blanche honore le march\u00e9 pass\u00e9 avec Hector, celui-ci semble avoir encore une r\u00e9v\u00e9lation \u00e0 lui faire.. Retrouvez \u00ab\u00a0Plus belle la vie, encore plus belle\u00a0\u00bb, du lundi au vendredi sur TF1. Retrouvez tous les \u00e9pisodes, extraits et bonus tous les jours sur TF1+.<\/p>\n<p><a class=\"shrink-0\" href=\"https:\/\/www.tf1.fr\/tf1\/plus-belle-la-vie\" target=\"_blank\" rel=\"noopener\"><img decoding=\"async\" src=\"https:\/\/www.europesays.com\/fr\/wp-content\/uploads\/2025\/05\/program-card-portrait-1-4dabe6-23e620-0@1x.jpg\" width=\"138\" height=\"184\" alt=\"\" loading=\"eager\" fetchpriority=\"auto\" class=\"aspect-[3\/4] h-24 w-auto rounded-3px\" aria-hidden=\"true\"\/><\/a><\/p>\n","protected":false},"excerpt":{"rendered":"Steve d\u00e9cide de prendre de la distance, encourag\u00e9 par sa nouvelle rencontre. Un incident technique au cabinet m\u00e9dical&hellip;\n","protected":false},"author":2,"featured_media":69374,"comment_status":"","ping_status":"","sticky":false,"template":"","format":"standard","meta":{"footnotes":""},"categories":[1356],"tags":[58,1367,1369,59,1365,1366,1011,27,1368,1371,252,1364,1372,1370],"class_list":{"0":"post-69373","1":"post","2":"type-post","3":"status-publish","4":"format-standard","5":"has-post-thumbnail","7":"category-television","8":"tag-divertissement","9":"tag-encore-plus-belle","10":"tag-encore-plus-belle-episode","11":"tag-entertainment","12":"tag-episode","13":"tag-episode-plus-belle-la-vie","14":"tag-fr","15":"tag-france","16":"tag-plus-belle-la-vie","17":"tag-streaming-plus-belle-la-vie","18":"tag-television","19":"tag-tv","20":"tag-video-en-streaming-plus-belle-la-vie","21":"tag-video-plus-belle-la-vie"},"share_on_mastodon":{"url":"https:\/\/pubeurope.com\/@fr\/114438372325098508","error":""},"_links":{"self":[{"href":"https:\/\/www.europesays.com\/fr\/wp-json\/wp\/v2\/posts\/69373","targetHints":{"allow":["GET"]}}],"collection":[{"href":"https:\/\/www.europesays.com\/fr\/wp-json\/wp\/v2\/posts"}],"about":[{"href":"https:\/\/www.europesays.com\/fr\/wp-json\/wp\/v2\/types\/post"}],"author":[{"embeddable":true,"href":"https:\/\/www.europesays.com\/fr\/wp-json\/wp\/v2\/users\/2"}],"replies":[{"embeddable":true,"href":"https:\/\/www.europesays.com\/fr\/wp-json\/wp\/v2\/comments?post=69373"}],"version-history":[{"count":0,"href":"https:\/\/www.europesays.com\/fr\/wp-json\/wp\/v2\/posts\/69373\/revisions"}],"wp:featuredmedia":[{"embeddable":true,"href":"https:\/\/www.europesays.com\/fr\/wp-json\/wp\/v2\/media\/69374"}],"wp:attachment":[{"href":"https:\/\/www.europesays.com\/fr\/wp-json\/wp\/v2\/media?parent=69373"}],"wp:term":[{"taxonomy":"category","embeddable":true,"href":"https:\/\/www.europesays.com\/fr\/wp-json\/wp\/v2\/categories?post=69373"},{"taxonomy":"post_tag","embeddable":true,"href":"https:\/\/www.europesays.com\/fr\/wp-json\/wp\/v2\/tags?post=69373"}],"curies":[{"name":"wp","href":"https:\/\/api.w.org\/{rel}","templated":true}]}}