{"id":693822,"date":"2026-01-28T00:15:10","date_gmt":"2026-01-28T00:15:10","guid":{"rendered":"https:\/\/www.europesays.com\/fr\/693822\/"},"modified":"2026-01-28T00:15:10","modified_gmt":"2026-01-28T00:15:10","slug":"maitre-lendo-portrait-dune-avocate-entre-deux-rives","status":"publish","type":"post","link":"https:\/\/www.europesays.com\/fr\/693822\/","title":{"rendered":"Ma\u00eetre Lendo, portrait d&rsquo;une avocate entre deux rives"},"content":{"rendered":"<p>\u00ab\u00a0Mon berceau familial, c&rsquo;est Marseille, je n&rsquo;ai pas d&rsquo;origine italienne. On va dire que je suis Italienne de c\u0153ur\u00a0\u00bb, confie Ma\u00eetre C\u00e9line Lendo. Dans le cadre de la formation d&rsquo;avocats -qu&rsquo;elle a fait \u00e0 Aix-, l&rsquo;\u00e9tudiante avait la possibilit\u00e9 d&rsquo;avoir une premi\u00e8re exp\u00e9rience \u00e0 l&rsquo;\u00e9tranger. Tomb\u00e9e amoureuse de l&rsquo;Italie apr\u00e8s un simple voyage, elle choisit d&rsquo;int\u00e9grer un cabinet \u00e0 Milan. Elle y reste une ann\u00e9e. \u00ab\u00a0J&rsquo;ai tenu \u00e0 prolonger cette exp\u00e9rience franco-italienne. Mais je ne voyais pas ma vie ailleurs qu&rsquo;\u00e0 Marseille (son p\u00e8re jouait \u00e0 l&rsquo;OM). Je me suis quand m\u00eame demand\u00e9 s&rsquo;il y avait un besoin franco-italien \u00e0 Marseille.\u00a0\u00bb C\u00e9line Lendo se rend vite compte que la r\u00e9ponse est oui !<\/p>\n<p>Son cabinet, fond\u00e9 il y a quinze ans, est le seul \u00e0 Marseille d\u00e9di\u00e9 \u00e0 cette sp\u00e9cialit\u00e9. \u00ab\u00a0Il y a un gros besoin un peu partout en France, mais particuli\u00e8rement dans le Sud, compte tenu de la proximit\u00e9 avec l&rsquo;Italie.\u00a0\u00bb L&rsquo;\u00e9quipe, compos\u00e9e d&rsquo;une avocate italienne et d&rsquo;une avocate franco-italienne, intervient pour les particuliers comme pour les soci\u00e9t\u00e9s.<\/p>\n<p><strong>\u00ab\u00a0Je suis Italienne de c\u0153ur.\u00a0\u00bb<\/strong><\/p>\n<p>\u00ab\u00a0Quand je fais du droit des successions, cela fait \u00e9cho \u00e0 l&rsquo;\u00e9migration italienne du XXe si\u00e8cle\u00a0\u00bb : successions, demandes de nationalit\u00e9 en&#8230;<\/p>\n","protected":false},"excerpt":{"rendered":"\u00ab\u00a0Mon berceau familial, c&rsquo;est Marseille, je n&rsquo;ai pas d&rsquo;origine italienne. On va dire que je suis Italienne de&hellip;\n","protected":false},"author":2,"featured_media":693823,"comment_status":"","ping_status":"","sticky":false,"template":"","format":"standard","meta":{"footnotes":""},"categories":[2814],"tags":[5734,1111,11,4440,1777,674,1011,27,54169,78951,151,21564,884,12,9026,1186,882,25,104],"class_list":{"0":"post-693822","1":"post","2":"type-post","3":"status-publish","4":"format-standard","5":"has-post-thumbnail","7":"category-marseille","8":"tag-5734","9":"tag-actu","10":"tag-actualites","11":"tag-dune","12":"tag-eu","13":"tag-europe","14":"tag-fr","15":"tag-france","16":"tag-italiens","17":"tag-lendo","18":"tag-les","19":"tag-maitre","20":"tag-marseille","21":"tag-news","22":"tag-portrait","23":"tag-provence","24":"tag-provence-alpes-cote-dazur","25":"tag-republique-francaise","26":"tag-societe"},"share_on_mastodon":{"url":"https:\/\/pubeurope.com\/@fr\/115969846395242439","error":""},"_links":{"self":[{"href":"https:\/\/www.europesays.com\/fr\/wp-json\/wp\/v2\/posts\/693822","targetHints":{"allow":["GET"]}}],"collection":[{"href":"https:\/\/www.europesays.com\/fr\/wp-json\/wp\/v2\/posts"}],"about":[{"href":"https:\/\/www.europesays.com\/fr\/wp-json\/wp\/v2\/types\/post"}],"author":[{"embeddable":true,"href":"https:\/\/www.europesays.com\/fr\/wp-json\/wp\/v2\/users\/2"}],"replies":[{"embeddable":true,"href":"https:\/\/www.europesays.com\/fr\/wp-json\/wp\/v2\/comments?post=693822"}],"version-history":[{"count":0,"href":"https:\/\/www.europesays.com\/fr\/wp-json\/wp\/v2\/posts\/693822\/revisions"}],"wp:featuredmedia":[{"embeddable":true,"href":"https:\/\/www.europesays.com\/fr\/wp-json\/wp\/v2\/media\/693823"}],"wp:attachment":[{"href":"https:\/\/www.europesays.com\/fr\/wp-json\/wp\/v2\/media?parent=693822"}],"wp:term":[{"taxonomy":"category","embeddable":true,"href":"https:\/\/www.europesays.com\/fr\/wp-json\/wp\/v2\/categories?post=693822"},{"taxonomy":"post_tag","embeddable":true,"href":"https:\/\/www.europesays.com\/fr\/wp-json\/wp\/v2\/tags?post=693822"}],"curies":[{"name":"wp","href":"https:\/\/api.w.org\/{rel}","templated":true}]}}