{"id":693828,"date":"2026-01-28T00:18:16","date_gmt":"2026-01-28T00:18:16","guid":{"rendered":"https:\/\/www.europesays.com\/fr\/693828\/"},"modified":"2026-01-28T00:18:16","modified_gmt":"2026-01-28T00:18:16","slug":"une-adolescente-sequestree-et-torturees-par-des-mineurs","status":"publish","type":"post","link":"https:\/\/www.europesays.com\/fr\/693828\/","title":{"rendered":"Une adolescente s\u00e9questr\u00e9e et tortur\u00e9es par des mineurs"},"content":{"rendered":"<p>Une <a href=\"https:\/\/www.20minutes.fr\/dossier\/adolescent\" target=\"_blank\" class=\"c-link c-link--is-underlined\" rel=\"noopener\">adolescente<\/a> de 15 ans a \u00e9t\u00e9 retrouv\u00e9e gri\u00e8vement bless\u00e9e lundi matin \u00e0 Oullins-Pierre-B\u00e9nite, au sud de <a href=\"https:\/\/www.20minutes.fr\/lyon\/\" target=\"_blank\" class=\"c-link c-link--is-underlined\" rel=\"noopener\">Lyon<\/a>, apr\u00e8s avoir r\u00e9ussi \u00e0 s\u2019\u00e9chapper d\u2019un lieu o\u00f9 elle aurait \u00e9t\u00e9 <a href=\"https:\/\/www.20minutes.fr\/dossier\/sequestration\" target=\"_blank\" class=\"c-link c-link--is-underlined\" rel=\"noopener\">s\u00e9questr\u00e9e<\/a> et <a href=\"https:\/\/www.20minutes.fr\/dossier\/torture\" target=\"_blank\" class=\"c-link c-link--is-underlined\" rel=\"noopener\">tortur\u00e9e<\/a> pendant plusieurs heures. La victime, ensanglant\u00e9e et en \u00e9tat de choc, a \u00e9t\u00e9 prise en charge par les pompiers puis hospitalis\u00e9e. Quatre <a href=\"https:\/\/www.20minutes.fr\/dossier\/mineur\" target=\"_blank\" class=\"c-link c-link--is-underlined\" rel=\"noopener\">mineurs<\/a>, dont trois filles \u00e2g\u00e9es de 14 \u00e0 17 ans, ont \u00e9t\u00e9 interpell\u00e9s dans le cadre de l\u2019enqu\u00eate, selon des sources proches du dossier.<\/p>\n<p>Plac\u00e9e dans un foyer \u00e0 <a href=\"https:\/\/www.20minutes.fr\/dossier\/annecy\" target=\"_blank\" class=\"c-link c-link--is-underlined\" rel=\"noopener\">Annecy<\/a>, la jeune fille avait rejoint dimanche son ex-petit ami, \u00e2g\u00e9 de 17 ans, qui \u00e9tait venu la chercher en voiture. Le trajet s\u2019est termin\u00e9 dans le Rh\u00f4ne, o\u00f9 l\u2019adolescente a \u00e9t\u00e9 conduite dans un appartement d\u2019Oullins en compagnie de trois autres mineures, dont la nouvelle compagne du gar\u00e7on. Sur place, elle a subi \u00ab\u00a0un premier v\u00e9ritable d\u00e9cha\u00eenement de violences\u00a0\u00bb, selon une source proche de l\u2019enqu\u00eate, confirmant des informations du quotidien Le Progr\u00e8s.<\/p>\n<\/p>\n<p>Coup de couteau et br\u00fblures<\/p>\n<p>La <a href=\"https:\/\/www.20minutes.fr\/dossier\/victime\" target=\"_blank\" class=\"c-link c-link--is-underlined\" rel=\"noopener\">victime<\/a> aurait ensuite \u00e9t\u00e9 emmen\u00e9e dans un sous-sol, o\u00f9 les s\u00e9vices se sont intensifi\u00e9s. L\u2019une des adolescentes lui a port\u00e9 un <a href=\"https:\/\/www.20minutes.fr\/dossier\/coup_de_couteau\" target=\"_blank\" class=\"c-link c-link--is-underlined\" rel=\"noopener\">coup de couteau<\/a> \u00e0 la cuisse, une autre l\u2019a asperg\u00e9e avec le contenu d\u2019un extincteur, provoquant de graves br\u00fblures. Le groupe l\u2019aurait ensuite d\u00e9shabill\u00e9e et entaill\u00e9e \u00e0 plusieurs reprises dans le dos. Les agresseurs auraient film\u00e9 la sc\u00e8ne, des vid\u00e9os ayant \u00e9t\u00e9 saisies par les enqu\u00eateurs.<\/p>\n<p><a href=\"https:\/\/www.20minutes.fr\/lyon\/\" target=\"_blank\" class=\"c-link c-btn c-btn--primary\" rel=\"noopener\">Toute l&rsquo;actualit\u00e9 \u00e0 Lyon<\/a><\/p>\n<p>Deux des jeunes filles ont \u00e9t\u00e9 interpell\u00e9es lundi matin dans le logement o\u00f9 s\u2019\u00e9taient d\u00e9roul\u00e9s les faits, tandis que les deux autres mineurs, dont le gar\u00e7on, ont \u00e9t\u00e9 arr\u00eat\u00e9s dans la soir\u00e9e \u00e0 Villefranche-sur-Sa\u00f4ne. Un jeune adulte, qui avait conduit le v\u00e9hicule depuis Annecy, a \u00e9galement \u00e9t\u00e9 plac\u00e9 en <a href=\"https:\/\/www.20minutes.fr\/dossier\/garde_a_vue\" target=\"_blank\" class=\"c-link c-link--is-underlined\" rel=\"noopener\">garde \u00e0 vue<\/a>, sans \u00eatre impliqu\u00e9 \u00ab\u00a0au m\u00eame degr\u00e9 que les mineurs\u00a0\u00bb. Tous ont \u00e9t\u00e9 plac\u00e9s en garde \u00e0 vue et les quatre adolescents doivent \u00eatre pr\u00e9sent\u00e9s mercredi au parquet des mineurs de Lyon. Selon une source proche de l\u2019enqu\u00eate, ils \u00ab\u00a0n\u2019ont pas le profil de voyous\u00a0\u00bb et les faits restent \u00ab\u00a0totalement incompr\u00e9hensibles\u00a0\u00bb par \u00ab\u00a0leur violence et leur cruaut\u00e9\u00a0\u00bb.<\/p>\n","protected":false},"excerpt":{"rendered":"Une adolescente de 15 ans a \u00e9t\u00e9 retrouv\u00e9e gri\u00e8vement bless\u00e9e lundi matin \u00e0 Oullins-Pierre-B\u00e9nite, au sud de Lyon,&hellip;\n","protected":false},"author":2,"featured_media":693829,"comment_status":"","ping_status":"","sticky":false,"template":"","format":"standard","meta":{"footnotes":""},"categories":[1889],"tags":[1111,47,11,1084,3853,2430,1777,674,118,1011,27,7774,4638,2428,1123,12,25,2429,2431,6188,24621,809,34347],"class_list":{"0":"post-693828","1":"post","2":"type-post","3":"status-publish","4":"format-standard","5":"has-post-thumbnail","7":"category-lyon","8":"tag-actu","9":"tag-actualite","10":"tag-actualites","11":"tag-adolescent","12":"tag-annecy","13":"tag-auvergne-rhone-alpes","14":"tag-eu","15":"tag-europe","16":"tag-faits-divers","17":"tag-fr","18":"tag-france","19":"tag-garde-a-vue","20":"tag-haute-savoie","21":"tag-lyon","22":"tag-mineur","23":"tag-news","24":"tag-republique-francaise","25":"tag-rhone","26":"tag-rhone-alpes","27":"tag-sequestration","28":"tag-torture","29":"tag-violence","30":"tag-violences-sur-mineurs"},"share_on_mastodon":{"url":"https:\/\/pubeurope.com\/@fr\/115969858136787142","error":""},"_links":{"self":[{"href":"https:\/\/www.europesays.com\/fr\/wp-json\/wp\/v2\/posts\/693828","targetHints":{"allow":["GET"]}}],"collection":[{"href":"https:\/\/www.europesays.com\/fr\/wp-json\/wp\/v2\/posts"}],"about":[{"href":"https:\/\/www.europesays.com\/fr\/wp-json\/wp\/v2\/types\/post"}],"author":[{"embeddable":true,"href":"https:\/\/www.europesays.com\/fr\/wp-json\/wp\/v2\/users\/2"}],"replies":[{"embeddable":true,"href":"https:\/\/www.europesays.com\/fr\/wp-json\/wp\/v2\/comments?post=693828"}],"version-history":[{"count":0,"href":"https:\/\/www.europesays.com\/fr\/wp-json\/wp\/v2\/posts\/693828\/revisions"}],"wp:featuredmedia":[{"embeddable":true,"href":"https:\/\/www.europesays.com\/fr\/wp-json\/wp\/v2\/media\/693829"}],"wp:attachment":[{"href":"https:\/\/www.europesays.com\/fr\/wp-json\/wp\/v2\/media?parent=693828"}],"wp:term":[{"taxonomy":"category","embeddable":true,"href":"https:\/\/www.europesays.com\/fr\/wp-json\/wp\/v2\/categories?post=693828"},{"taxonomy":"post_tag","embeddable":true,"href":"https:\/\/www.europesays.com\/fr\/wp-json\/wp\/v2\/tags?post=693828"}],"curies":[{"name":"wp","href":"https:\/\/api.w.org\/{rel}","templated":true}]}}