{"id":693843,"date":"2026-01-28T00:27:13","date_gmt":"2026-01-28T00:27:13","guid":{"rendered":"https:\/\/www.europesays.com\/fr\/693843\/"},"modified":"2026-01-28T00:27:13","modified_gmt":"2026-01-28T00:27:13","slug":"tensions-avec-la-police-de-limmigration-aux-usa-le-senat-americain-va-auditionner-des-responsables-de-limmigration","status":"publish","type":"post","link":"https:\/\/www.europesays.com\/fr\/693843\/","title":{"rendered":"Tensions avec la police de l&rsquo;immigration aux USA &#8211; Le S\u00e9nat am\u00e9ricain va auditionner des responsables de l&rsquo;immigration"},"content":{"rendered":"<p class=\"ap-StoryElement ap-StoryElement--mb ap-StoryText\">Alex Pretti, un infirmier am\u00e9ricain de 37 ans, a \u00e9t\u00e9 tu\u00e9 par balles samedi par des agents de l&rsquo;ICE lors d&rsquo;une manifestation contre des op\u00e9rations antimigrants. Sa mort est survenue moins de trois semaines apr\u00e8s celle de Renee Good, une Am\u00e9ricaine \u00e9galement \u00e2g\u00e9e de 37 ans, tu\u00e9e par balle le 7 janvier dans cette m\u00eame ville du nord des Etats-Unis par un agent de la police de l&rsquo;immigration.<\/p>\n<p class=\"ap-StoryElement ap-StoryElement--mb ap-StoryText\">L&rsquo;opposition d\u00e9mocrate a appel\u00e9 depuis \u00e0 ce que des responsables rendent des comptes et \u00e0 ce que des gardes-fous soient mis en place pour contr\u00f4ler ICE.<\/p>\n<p class=\"ap-StoryElement ap-StoryElement--mb ap-StoryText\">\u00ab\u00a0Kristi Noem est une menteuse compulsive, abjecte, et corrompue\u00a0\u00bb, a soutenu Hakeem Jeffries, chef de la minorit\u00e9 d\u00e9mocrate \u00e0 la Chambre des repr\u00e9sentants, sur la cha\u00eene MSNow.<\/p>\n<p class=\"ap-StoryElement ap-StoryElement--mb ap-StoryText\">La jugeant \u00ab\u00a0extr\u00eamement incomp\u00e9tente\u00a0\u00bb, l&rsquo;\u00e9lu a appel\u00e9 \u00e0 ce que Donald Trump la renvoie, sans quoi il lancerait une proc\u00e9dure de destitution contre elle \u00e0 la Chambre.<\/p>\n<p class=\"ap-StoryElement ap-StoryElement--mb ap-StoryText\">Mais le pr\u00e9sident r\u00e9publicain a affirm\u00e9 mardi qu&rsquo;il ne comptait pas limoger sa ministre, tout en jouant la carte de l&rsquo;apaisement \u00e0 Minneapolis.<\/p>\n","protected":false},"excerpt":{"rendered":"Alex Pretti, un infirmier am\u00e9ricain de 37 ans, a \u00e9t\u00e9 tu\u00e9 par balles samedi par des agents de&hellip;\n","protected":false},"author":2,"featured_media":2837,"comment_status":"","ping_status":"","sticky":false,"template":"","format":"standard","meta":{"footnotes":""},"categories":[1589],"tags":[11,73,1866,1061,12,1072,1864,1865,1863,308],"class_list":{"0":"post-693843","1":"post","2":"type-post","3":"status-publish","4":"format-standard","5":"has-post-thumbnail","7":"category-etats-unis","8":"tag-actualites","9":"tag-etats-unis","10":"tag-etats-unis-damerique","11":"tag-immigration","12":"tag-news","13":"tag-police","14":"tag-united-states","15":"tag-united-states-of-america","16":"tag-us","17":"tag-usa"},"share_on_mastodon":{"url":"https:\/\/pubeurope.com\/@fr\/115969893584486887","error":""},"_links":{"self":[{"href":"https:\/\/www.europesays.com\/fr\/wp-json\/wp\/v2\/posts\/693843","targetHints":{"allow":["GET"]}}],"collection":[{"href":"https:\/\/www.europesays.com\/fr\/wp-json\/wp\/v2\/posts"}],"about":[{"href":"https:\/\/www.europesays.com\/fr\/wp-json\/wp\/v2\/types\/post"}],"author":[{"embeddable":true,"href":"https:\/\/www.europesays.com\/fr\/wp-json\/wp\/v2\/users\/2"}],"replies":[{"embeddable":true,"href":"https:\/\/www.europesays.com\/fr\/wp-json\/wp\/v2\/comments?post=693843"}],"version-history":[{"count":0,"href":"https:\/\/www.europesays.com\/fr\/wp-json\/wp\/v2\/posts\/693843\/revisions"}],"wp:featuredmedia":[{"embeddable":true,"href":"https:\/\/www.europesays.com\/fr\/wp-json\/wp\/v2\/media\/2837"}],"wp:attachment":[{"href":"https:\/\/www.europesays.com\/fr\/wp-json\/wp\/v2\/media?parent=693843"}],"wp:term":[{"taxonomy":"category","embeddable":true,"href":"https:\/\/www.europesays.com\/fr\/wp-json\/wp\/v2\/categories?post=693843"},{"taxonomy":"post_tag","embeddable":true,"href":"https:\/\/www.europesays.com\/fr\/wp-json\/wp\/v2\/tags?post=693843"}],"curies":[{"name":"wp","href":"https:\/\/api.w.org\/{rel}","templated":true}]}}