{"id":693858,"date":"2026-01-28T00:36:17","date_gmt":"2026-01-28T00:36:17","guid":{"rendered":"https:\/\/www.europesays.com\/fr\/693858\/"},"modified":"2026-01-28T00:36:17","modified_gmt":"2026-01-28T00:36:17","slug":"le-chaumont-vb-52-change-dair-avec-la-coupe-deurope-2","status":"publish","type":"post","link":"https:\/\/www.europesays.com\/fr\/693858\/","title":{"rendered":"Le Chaumont VB 52 change d&rsquo;air avec la coupe d&rsquo;Europe"},"content":{"rendered":"<p><strong>Le Chaumont VB 52 Haute-Marne a deux jours, mardi 27 et mercredi 28 janvier (20 h), pour s\u2019offrir une qualification en quarts de finale de la Challenge cup. Face aux Isra\u00e9liens du Maccabi Tel Aviv, condamn\u00e9s \u00e0 jouer ses matches europ\u00e9ens \u00e0 l\u2019ext\u00e9rieur, les C\u00e9v\u00e9bistes ont l\u2019occasion d\u2019oublier un temps leur situation p\u00e9rilleuse en championnat.<\/strong><\/p>\n<p>C\u2019est une situation peu commune qui s\u2019offre au Chaumont VB 52 Haute-Marne en ce milieu de semaine. Disputer un huiti\u00e8me de finale de coupe d\u2019Europe \u201caller-retour\u201d en deux jours reste forc\u00e9ment un \u00e9v\u00e9nement in\u00e9dit pour les C\u00e9v\u00e9bistes, qui disputeront le premier match, mardi 27 janvier (20 h), \u00e0 l\u2019ext\u00e9rieur\u2026 \u00e0 Palestra. Avant de r\u00e9cidiver le lendemain, \u00e0 domicile cette fois, et toujours \u00e0 Palestra.<\/p>\n<p>Ubuesque mais n\u00e9cessaire, quand l\u2019adversaire, de l\u2019autre c\u00f4t\u00e9 du filet, se nomme le Maccabi Tel Aviv. Compte tenu du contexte g\u00e9opolitique actuel, le club isra\u00e9lien n\u2019est, en effet, pas en mesure d\u2019accueillir une formation d\u2019un pays \u00e9tranger en comp\u00e9tition officielle.\u00a0D\u00e8s lors, la Conf\u00e9d\u00e9ration europ\u00e9enne de volley (CEV), organisatrice des \u00e9preuves continentales, a pr\u00e9conis\u00e9 une double-confrontation dans la m\u00eame semaine, sur le terrain du club oppos\u00e9 au Maccabi. <\/p>\n<p>\u00ab Nous avons pr\u00e9f\u00e9r\u00e9 privil\u00e9gier deux jours cons\u00e9cutifs, mardi et mercredi, pour avoir le temps, ensuite, de pr\u00e9parer la r\u00e9ception de Montpellier, samedi prochain, dans un championnat qui reste la priorit\u00e9 du moment, <a href=\"https:\/\/jhm.fr\/le-cvb-52-perd-un-match-capital\/\" target=\"_blank\" rel=\"noopener\">compte tenu de notre situation critique actuelle <\/a>\u00bb, explique le manager g\u00e9n\u00e9ral Jiri Cerha.<\/p>\n<p>L\u2019environnement devrait \u00eatre ainsi quelque peu diff\u00e9rent, aujourd\u2019hui et demain, au sein d\u2019un Palestra qui risque de ne pas faire le plein (loin de l\u00e0). Mais au sein du groupe chaumontais, l\u2019approche du match reste le plus habituel possible. \u00ab Nous pr\u00e9parons ce huiti\u00e8me de finale comme les autres matches \u00bb, confirme ainsi l\u2019entra\u00eeneur du CVB 52, Iban Perez. \u00ab Sauf que l\u2019agencement des rencontres nous oblige \u00e0 tenir compte de l\u2019originalit\u00e9 de la situation. Deux matches de suite, au milieu d\u2019une semaine \u00e0 quatre rencontres, demandera forc\u00e9ment une gestion particuli\u00e8re des joueurs, une attention plus pouss\u00e9e sur leurs efforts et leur forme physique. Il y aura plusieurs param\u00e8tres dont il faudra tenir compte. \u00bb<\/p>\n<p>D\u00e9sembrumer les t\u00eates<\/p>\n<p>Mais dans les ambitions, en revanche, l\u2019\u00e9tat d\u2019esprit n\u2019a pas chang\u00e9. \u00ab La meilleure fa\u00e7on d\u2019aborder les prochains rendez-vous en championnat, c\u2019est de renouer avec la victoire \u00bb, insiste ainsi le technicien espagnol. Comme pour faire comprendre que si le pr\u00e9sident Bruno Soirfeck a assur\u00e9 que les joueurs n\u2019avaient \u00ab aucune pression sur ce rendez-vous \u00bb, c\u2019\u00e9tait pour mieux les inciter \u00e0 r\u00e9agir, apr\u00e8s la p\u00e9rilleuse d\u00e9faite \u00e0 Paris, samedi dernier (3-1), en Marmara Spikeligue.<\/p>\n<p>\u00ab Depuis quatre matches, le con- tenu propos\u00e9 dans le jeu par l\u2019\u00e9quipe est meilleur. \u00bb, admet encore Iban Perez. \u00ab Avec deux victoires et deux d\u00e9faites, le bilan est mitig\u00e9, mais il faut continuer d\u2019avancer et de travailler. On n\u2019a pas le temps de croiser les bras et d\u2019esp\u00e9rer un miracle. Le groupe est d\u00e9termin\u00e9, il a envie de changer la situation. Nous poss\u00e9dons notamment un potentiel offensif cons\u00e9quent. Il faut maintenant encha\u00eener les bons r\u00e9sultats. \u00bb<\/p>\n<p>Et donc \u00e9viter de chuter de nouveau face au Maccabi lors des deux prochains jours. Une qualification europ\u00e9enne en quarts de finale de Challenge cup n\u2019offrira pas de points suppl\u00e9mentaires au CVB 52 en championnat, mais elle pourrait d\u00e9sembrumer les t\u00eates et servir de tremplin pour un nouveau sursaut vers un  avenir plus radieux.<\/p>\n<p><strong>Laurent G\u00e9nin<\/strong><\/p>\n<p><a href=\"https:\/\/jhm.fr\/le-chaumont-vb52-change-dair-avec-la-coupe-deurope\/mailto:l.genin@jhm.fr\" target=\"_blank\" rel=\"noopener\">l.genin@jhm.fr<\/a><\/p>\n<p>Un tour en deux jours<\/p>\n<p><strong>Si le Maccabi Tel Aviv ne fait pas partie des \u201cgrosses cylindr\u00e9es\u201d europ\u00e9ennes, l\u2019\u00e9quipe isar\u00e9lienne a d\u00e9j\u00e0 prouv\u00e9, lors des tours pr\u00e9c\u00e9dents, qu\u2019elle pouvait \u00eatre tr\u00e8s emb\u00eatante pour ses adversaires.<\/strong><\/p>\n<p>\u00ab C\u2019est une formation abordable, mais elle doit penser la m\u00eame chose de nous. \u00bb Jiri Cerha, le manager g\u00e9n\u00e9ral du Chaumont VB 52 Haute-Marne, a parfaitement r\u00e9sum\u00e9 l\u2019approche de cette double-confrontation entre son \u00e9quipe et les Isra\u00e9liens du Maccabi Tel Aviv, mardi 27 et mercredi 28 janvier, comptant pour les huiti\u00e8mes de finales de Challenge cup. Un adversaire in\u00e9dit provenant d\u2019un championnat assez m\u00e9connu en France : les C\u00e9v\u00e9bistes s\u2019avancent un peu en terrain inconnu en abordant ce duel europ\u00e9en, m\u00eame s\u2019il aura l\u2019avantage, assez cons\u00e9quent n\u00e9anmoins, de disputer les deux matches \u00e0 domicile. Une habitude aussi pour les visiteurs, qui ont d\u00e9j\u00e0 v\u00e9cu pareille situation lors des 32e de finale de la comp\u00e9tition face aux Espagnols de Teruel, ramenant la qualification apr\u00e8s avoir perdu le premier match au \u201ctie-break\u201d, puis remport\u00e9 le second (3-1). En revanche les Isra\u00ebliens ont disput\u00e9 leur 16e de finale sur un seul match, en Bulgarie face \u00e0 Burgas, pour un succ\u00e8s d\u00e9cisif (3-1). \u00ab C\u2019est une \u00e9quipe qui s\u2019appuie essentiellement sur ses joueurs d\u2019exp\u00e9rience \u00bb, d\u00e9crit l\u2019entra\u00eeneur haut-marnais Iban Perez. \u00ab Ils poss\u00e8dent quatre joueurs \u00e9trangers assez \u00e2g\u00e9s qui sont leurs meilleurs \u00e9l\u00e9ments. \u00bb<\/p>\n<p><strong>Avec un renfort<\/strong><\/p>\n<p>Le Maccabi vient m\u00eame de se renforcer, ces derniers jours, avec l\u2019arriv\u00e9e du Tch\u00e8que Adam Bartos (34 ans). Un joueur bien connu en France apr\u00e8s ses passages \u00e0 Tours, Nice ou Nantes.<br \/>\u00ab C\u2019est une des meilleures \u00e9quipes du championnat d\u2019Isra\u00ebl \u00bb, ajoute le technicien espagnol qui fait allusion, ici, \u00e0 sa deuxi\u00e8me place actuelle au classement, pour une seule d\u00e9faite en douze matches. \u00ab Je ne veux pas mettre l\u2019accent sur un secteur en particulier comme point fort, car c\u2019est un groupe assez homog\u00e8ne, qu\u2019il faudra que l\u2019on bouscule si l\u2019on veut les dominer. \u00bb<br \/>\u00ab Toutes les conditions sont n\u00e9anmoins r\u00e9unies pour offrir \u00e0 notre \u00e9quipe les moyens de reprendre confiance : des matches \u00e0 la maison, un r\u00e9sultat couperet d\u00e9cisif pour la suite de l\u2019aventure. De quoi se remettre la t\u00eate \u00e0 l\u2019endroit, \u00e0 condition de s\u2019en donner les moyens \u00bb, insiste encore Jiri Cerha.<br \/>Une \u00e9limination mercredi soir ne serait certes pas catastrophique, mais elle n\u2019aiderait pas forc\u00e9ment le CVB 52 \u00e0 insufler une dynamique dont il aura absolument besoin ces prochaines semaines.\u00a0<\/p>\n<p><strong>L. G.<\/strong><\/p>\n<p>S\u00e9curit\u00e9 renforc\u00e9e \u00e0 Palestra<\/p>\n<p>La double-confrontation, mardi 27 et mercredi 28 janvier, face au Maccabi Tel Aviv, en huiti\u00e8me de finale de la Challenge cup, a n\u00e9cessit\u00e9, pour le Chaumont VB 52 Haute-Marne, de bousculer les habitudes concernant le public de Palestra, pour des raisons s\u00e9curitaires.<br \/>Les s\u00e9ances d\u2019entra\u00eenement des deux \u00e9quipes se disputent \u00e0 huis-clos, depuis lundi jusque mercredi.<br \/>Les soirs de match, l\u2019ouverture des portes s\u2019effectuera \u00e0 18 h 30. Chaque spectateur devra \u00eatre muni de son billet nominatif et d\u2019une pi\u00e8ce d\u2019identit\u00e9, susceptible d\u2019\u00eatre r\u00e9clam\u00e9e \u00e0 l\u2019entr\u00e9e de Palestra.<br \/>Depuis hier 20 h, la billetterie en ligne est close. Aucun guichet physique ne sera ouvert les soirs de match, signifiant la fin d\u00e9finitive de la vente de billets.<br \/>Enfin, en se projetant un peu plus loin, les matches de championnat retrouvent d\u00e9sormais leur horaire de la saison pass\u00e9e. D\u00e8s samedi prochain et la r\u00e9ception de Montpellier, le coup d\u2019envoi sera donc donn\u00e9 \u00e0 20 h (et non plus 19 h). La modification sera valable pour trois des quatre derni\u00e8res rencontres pr\u00e9vues \u00e0 domicile en Marmara Spikeligue (Montpellier, Tours et Ajaccio), except\u00e9e la venue de Narbonne, pour laquelle les Audois ont refus\u00e9 de d\u00e9caler l\u2019horaire pr\u00e9vue initialement.<\/p>\n<p>Les \u00e9quipes<\/p>\n<p>Maccabi Tel Aviv<\/p>\n<p><strong>L\u2019effectif<\/strong><br \/><strong>2.<\/strong> Yoav Sessler (27 ans, 1,98 m) passeur<br \/><strong>5.<\/strong> Cody Kessel (34 ans, 1,97 m) r\u00e9cep.\/attaq. (Am\u00e9ricain)<br \/><strong>6. <\/strong>Viacheslav Batchkala (31 ans, 2,04 m) central<br \/><strong>7.<\/strong> Ilay Haver (23 ans, 1,90 m) r\u00e9cep.\/attaq.<br \/><strong>8.<\/strong> Alon Meiri (24 ans, 1,90 m) passeur<br \/><strong>13.<\/strong> Omri Roitman (26 ans, 1,80 m) lib\u00e9ro<br \/><strong>14.<\/strong> Daniel Behar (20 ans, 1,96 m) pointu<br \/><strong>15.<\/strong> Adam Bartos (33 ans, 1,98 m) r\u00e9cep.\/attaq. (Tch\u00e8que)<br \/><strong>16.<\/strong> Noam Livnat (17 ans, 1,78 m) passeur<br \/><strong>17.<\/strong> Daniel Haimovich (19 ans, 1,75 m) lib\u00e9ro<br \/><strong>18.<\/strong> Genadi Sokolov (33 ans, 2,02 m) central<br \/><strong>19.<\/strong> Yordan Bisset Astengo (31 ans, 2 m) pointu (Cubain)<br \/><strong>23.<\/strong> Hidalgo Oliva Salvador (40 ans, 1,96 m) r\u00e9cep.\/attaq. (Cubain)<br \/><strong>24.<\/strong> Yonathan Ashkinazi (18 ans, 2,08 m) central<br \/><strong>27.<\/strong> Leo Cohen (18 ans, 1,90 m) central<br \/><strong>Entra\u00eeneur :<\/strong> Gal Galili.<\/p>\n<p><strong>Chaumont VB 52 Haute-Marne<\/strong><\/p>\n<p>Serafin, <strong>2<\/strong>. Durand (lib.), <strong>4.<\/strong> Le Meur (lib.), <strong>7.<\/strong> Wiltenburg, <strong>9.<\/strong> Toledo (cap.), <strong>10.<\/strong> Poda, <strong>15.<\/strong> Raptis, <strong>17. <\/strong>Pasteur, <strong>18. <\/strong>Saaremaa, <strong>20.<\/strong> Henry,<strong> 22.<\/strong> Marty, <strong>88.<\/strong> Bracko.<\/p>\n<ol class=\"wp-block-list\">\n<li\/>\n<\/ol>\n<ol class=\"wp-block-list\">\n<li\/>\n<\/ol>\n<p><strong>Entra\u00eeneur :<\/strong> Iban Perez.<\/p>\n<p>Le programme des clubs fran\u00e7ais<\/p>\n<p><strong>Ligue des champions<br \/>Poule A<br \/>Jeudi 29 (20 h 30 ) :<\/strong> Trentino (ITA) \u2013<strong> Tours<\/strong><br \/><strong>Classement : 1.<\/strong> Zirrat Ankara 9 pts <strong>; 2.<\/strong> Trentino 6 pts ; <strong>3.<\/strong> Ljubljana 3 pts ; <strong>4. <\/strong>Tours 0 pt.<br \/><strong>Poule E<br \/>Mercredi 28 (20 h 30) :<\/strong> Varsovie (POL) \u2013 <strong>Montpellier<\/strong><br \/><strong>Classement : 1.<\/strong> Civitanova 9 pts ; <strong>2. Montpellier<\/strong> 5 pts ; <strong>3.<\/strong> Varsovie 4 pts ; <strong>4.<\/strong> Louvain 0 pt.<\/p>\n<p><strong>Coupe CEV (8e de finale retour)<br \/>Mardi 27 (20 h) :<\/strong> <strong>Poitiers<\/strong> \u2013 Dinamo Bucarest (ROU) 0-3 \u00e0 l\u2019aller<\/p>\n<p><strong>Challenge cup (8e de finale)<br \/>Mardi 27 (20 h) :<\/strong> Maccabi Tel Aviv (ISR) \u2013 <strong>CVB 52<\/strong><br \/><strong>Mercredi 28 (20 h) : CVB 52<\/strong> \u2013 Maccabi Tel Aviv (ISR)<\/p>\n","protected":false},"excerpt":{"rendered":"Le Chaumont VB 52 Haute-Marne a deux jours, mardi 27 et mercredi 28 janvier (20 h), pour s\u2019offrir&hellip;\n","protected":false},"author":2,"featured_media":693859,"comment_status":"","ping_status":"","sticky":false,"template":"","format":"standard","meta":{"footnotes":""},"categories":[1417],"tags":[1011,27,60,1470,1469],"class_list":{"0":"post-693858","1":"post","2":"type-post","3":"status-publish","4":"format-standard","5":"has-post-thumbnail","7":"category-volley","8":"tag-fr","9":"tag-france","10":"tag-sports","11":"tag-volley","12":"tag-volleyball"},"share_on_mastodon":{"url":"https:\/\/pubeurope.com\/@fr\/115969928985311399","error":""},"_links":{"self":[{"href":"https:\/\/www.europesays.com\/fr\/wp-json\/wp\/v2\/posts\/693858","targetHints":{"allow":["GET"]}}],"collection":[{"href":"https:\/\/www.europesays.com\/fr\/wp-json\/wp\/v2\/posts"}],"about":[{"href":"https:\/\/www.europesays.com\/fr\/wp-json\/wp\/v2\/types\/post"}],"author":[{"embeddable":true,"href":"https:\/\/www.europesays.com\/fr\/wp-json\/wp\/v2\/users\/2"}],"replies":[{"embeddable":true,"href":"https:\/\/www.europesays.com\/fr\/wp-json\/wp\/v2\/comments?post=693858"}],"version-history":[{"count":0,"href":"https:\/\/www.europesays.com\/fr\/wp-json\/wp\/v2\/posts\/693858\/revisions"}],"wp:featuredmedia":[{"embeddable":true,"href":"https:\/\/www.europesays.com\/fr\/wp-json\/wp\/v2\/media\/693859"}],"wp:attachment":[{"href":"https:\/\/www.europesays.com\/fr\/wp-json\/wp\/v2\/media?parent=693858"}],"wp:term":[{"taxonomy":"category","embeddable":true,"href":"https:\/\/www.europesays.com\/fr\/wp-json\/wp\/v2\/categories?post=693858"},{"taxonomy":"post_tag","embeddable":true,"href":"https:\/\/www.europesays.com\/fr\/wp-json\/wp\/v2\/tags?post=693858"}],"curies":[{"name":"wp","href":"https:\/\/api.w.org\/{rel}","templated":true}]}}