{"id":693868,"date":"2026-01-28T00:44:10","date_gmt":"2026-01-28T00:44:10","guid":{"rendered":"https:\/\/www.europesays.com\/fr\/693868\/"},"modified":"2026-01-28T00:44:10","modified_gmt":"2026-01-28T00:44:10","slug":"apres-son-accident-isabel","status":"publish","type":"post","link":"https:\/\/www.europesays.com\/fr\/693868\/","title":{"rendered":"apr\u00e8s son accident, Isabel &#8230;"},"content":{"rendered":"<p>EN BREF<\/p>\n<ul class=\"bloc_resume_post_list\">\n<li>Le 12 septembre 2025, Isabelle Nanty a subi un grave<br \/>\naccident sur l\u00a0\u00bbautoroute A10 pr\u00e8s de Saint-Arnoult, revenant d&rsquo;un<br \/>\ntournage \u00e0 Aurillac.<\/li>\n<li>Quatre mois apr\u00e8s, elle s&rsquo;exprime pour la premi\u00e8re fois<br \/>\nsur RTL avec Marc-Olivier Fogiel, partageant son exp\u00e9rience et ses<br \/>\nblessures.<\/li>\n<li>Malgr\u00e9 les s\u00e9quelles, elle envisage prudemment son retour<br \/>\n\u00e0 l&rsquo;\u00e9cran, exprimant une forte volont\u00e9 de vivre et de retrouver ses<br \/>\nproches.<\/li>\n<\/ul>\n<p>Le 12 septembre 2025, Isabelle Nanty a \u00e9t\u00e9 victime d\u2019un violent<br \/>\naccident sur l\u2019autoroute A10, pr\u00e8s du p\u00e9age de Saint-Arnoult dans<br \/>\nles Yvelines. L\u2019actrice revenait d\u2019un tournage \u00e0 Aurillac<br \/>\nlorsqu\u2019elle a \u00e9t\u00e9 prise dans une sortie de route.<\/p>\n<p>Quatre mois apr\u00e8s ce drame qui aurait pu \u00eatre tragique, la<br \/>\ncom\u00e9dienne a d\u00e9cid\u00e9 de briser le silence pour la premi\u00e8re fois face<br \/>\n\u00e0 Marc-Olivier Fogiel, sur RTL. Elle a aussi \u00e9voqu\u00e9 la suite de sa<br \/>\ncarri\u00e8re.<\/p>\n<p>Isabelle Nanty brise le silence apr\u00e8s son accident de la<br \/>\nroute<\/p>\n<p>Ce mardi 27 janiver 2026, <a href=\"https:\/\/www.telestar.fr\/people\/isabelle-nanty-meconnaissable-sur-rtl-marc-olivier-fogiel-publie-des-photos-chocs-de-lactrice-miraculee-1751898\" target=\"_blank\" rel=\"noopener\"><br \/>\nIsabelle Nanty<\/a> \u00e9tait l\u2019invit\u00e9 de <a href=\"https:\/\/www.telestar.fr\/people\/quest-ce-que-vous-voulez-me-faire-dire-marc-olivier-fogiel-va-loin-orlando-frere-de-dalida-le-recadre-1746678\" target=\"_blank\" rel=\"noopener\"><br \/>\nMarc-Olivier Fogiel<\/a> sur RTL. \u00ab\u00a0<strong>Je n\u2019ai eu ni peur,<br \/>\nni mal\u00a0\u00bb<\/strong>, a-t-elle d\u2019abord confi\u00e9. Mais face \u00e0<br \/>\nl\u2019ampleur du choc, une pens\u00e9e l\u2019a travers\u00e9e : \u00ab\u00a0Je me suis dit<br \/>\n\u2018c\u2019est \u00e0 ce moment-l\u00e0 que <strong>je vais mourir\u00a0\u00bb<\/strong>.<br \/>\nElle a ensuite racont\u00e9 la suite des \u00e9v\u00e9neemnts : \u00ab\u00a0Dans mon<br \/>\nsouvenir, tout d\u2019un coup, \u00e7a fait boum boum, blam blam, des<br \/>\ntonneaux, des \u00e9clats de verre, une sid\u00e9ration\u00a0\u00bb. Malgr\u00e9 la<br \/>\nviolence de l\u2019impact, Isabelle Nanty a rapidement tent\u00e9 d\u2019\u00e9valuer<br \/>\nson \u00e9tat : \u00ab\u00a0J\u2019ai tout de suite essay\u00e9 de bouger mes pieds et<br \/>\nmes mains, \u00e7a marchait\u00a0\u00bb.<\/p>\n<p>Gravement bless\u00e9e, elle souffrait de multiples fractures :<br \/>\n\u00ab\u00a0J\u2019avais beaucoup de mal \u00e0 respirer parce que j\u2019avais<br \/>\n<strong>dix fractures<\/strong> aux c\u00f4tes et le sternum enfonc\u00e9 par<br \/>\nla ceinture, qui m\u2019a sauv\u00e9e. Je respirais tr\u00e8s mal\u00a0\u00bb. L\u2019actrice<br \/>\na \u00e9t\u00e9 transport\u00e9e \u00e0 l\u2019h\u00f4pital militaire Percy, o\u00f9 un examen a<br \/>\nr\u00e9v\u00e9l\u00e9 une fracture de la cervicale 2, une blessure souvent fatale.<br \/>\n\u00ab\u00a0La cervicale num\u00e9ro 2, <strong>normalement, c\u2019est la mort ou<br \/>\nla t\u00e9trapl\u00e9gie\u00a0\u00bb<\/strong>, a-t-elle assur\u00e9, soulignant la<br \/>\nsurprise des m\u00e9decins.<\/p>\n<blockquote class=\"twitter-tweet\"><p><a class=\"twitter-link\" rel=\"noindex, nofollow noopener\" href=\"https:\/\/twitter.com\/FogielMarcO\/status\/2014701890869612708\" target=\"_blank\"><\/p><\/blockquote>\n<p>Isabelle Nanty bient\u00f4t de retour sur le<br \/>\npetit \u00e9cran\u00a0?<\/p>\n<p>Immobilis\u00e9e et hospitalis\u00e9e pendant quatre mois, l\u2019actrice a<br \/>\nr\u00e9cemment regagn\u00e9 son domicile. Toujours contrainte de porter une<br \/>\nminerve, elle poursuit une r\u00e9\u00e9ducation prudente : \u00ab\u00a0On commence<br \/>\n\u00e0 me retirer le corset. Je vais commencer \u00e0 bouger la<br \/>\nt\u00eate\u00a0\u00bb.\u00a0Elle a \u00e9galement \u00e9voqu\u00e9 un suivi neurologique et<br \/>\npsychologique : \u00ab\u00a0Je fais aussi de la neuropsy pour me<br \/>\nr\u00e9apprendre \u00e0 me concentrer, r\u00e9exercer ma m\u00e9moire, parce que j\u2019ai<br \/>\nun petit peu des troubles de l\u2019attention\u00a0\u00bb.\u00a0Isabelle Nanty<br \/>\na ensuite ajout\u00e9 : \u00ab\u00a0<strong>J\u2019ai \u00e9t\u00e9 un peu sonn\u00e9e, quand<br \/>\nm\u00eame\u00a0\u00bb<\/strong>.<\/p>\n<p>Malgr\u00e9 les s\u00e9quelles, <a href=\"https:\/\/www.telestar.fr\/people\/accident-disabelle-nanty-la-comedienne-loin-detre-retablie-coup-darret-pour-tf1-et-son-equipe-a-le-coeur-serre-1738719\" target=\"_blank\" rel=\"noopener\"><br \/>\nl\u2019actrice<\/a> garde une profonde gratitude envers son entourage<br \/>\nm\u00e9dical. \u00ab\u00a0Je fais confiance \u00e0 l\u2019\u00e9quipe des soignants et des<br \/>\nkin\u00e9sith\u00e9rapeutes qui sont extraordinaires\u00a0\u00bb a-t-elle confi\u00e9.<br \/>\nElle a aussi soulign\u00e9 combien le soutien des autres patients a \u00e9t\u00e9<br \/>\nd\u00e9terminant : \u00ab\u00a0Les co-patients m\u2019ont autant aid\u00e9e que les<br \/>\nsoignants\u00a0\u00bb. Pour l\u2019avenir, la com\u00e9dienne avance avec prudence<br \/>\nmais espoir : \u00ab\u00a0<strong>Je suis oblig\u00e9e de terminer la s\u00e9rie que<br \/>\nj\u2019avais commenc\u00e9<\/strong>. (\u2026) Une chose est s\u00fbre, j\u2019ai<br \/>\nenvie de rire, j\u2019ai envie de voir mes amis, j\u2019ai envie d\u2019\u00eatre avec<br \/>\nma fille, <strong>j\u2019ai envie de vivre<\/strong>\u2026\u00a0\u00bb.\u00a0<\/p>\n<p><script async src=\"https:\/\/platform.twitter.com\/widgets.js\" charset=\"utf-8\"><\/script><\/p>\n","protected":false},"excerpt":{"rendered":"EN BREF Le 12 septembre 2025, Isabelle Nanty a subi un grave accident sur l\u00a0\u00bbautoroute A10 pr\u00e8s de&hellip;\n","protected":false},"author":2,"featured_media":693869,"comment_status":"","ping_status":"","sticky":false,"template":"","format":"standard","meta":{"footnotes":""},"categories":[1359],"tags":[548,58,59,1011,27,973,65861],"class_list":{"0":"post-693868","1":"post","2":"type-post","3":"status-publish","4":"format-standard","5":"has-post-thumbnail","7":"category-people","8":"tag-article-simple","9":"tag-divertissement","10":"tag-entertainment","11":"tag-fr","12":"tag-france","13":"tag-people","14":"tag-trend"},"share_on_mastodon":{"url":"https:\/\/pubeurope.com\/@fr\/115969960401147198","error":""},"_links":{"self":[{"href":"https:\/\/www.europesays.com\/fr\/wp-json\/wp\/v2\/posts\/693868","targetHints":{"allow":["GET"]}}],"collection":[{"href":"https:\/\/www.europesays.com\/fr\/wp-json\/wp\/v2\/posts"}],"about":[{"href":"https:\/\/www.europesays.com\/fr\/wp-json\/wp\/v2\/types\/post"}],"author":[{"embeddable":true,"href":"https:\/\/www.europesays.com\/fr\/wp-json\/wp\/v2\/users\/2"}],"replies":[{"embeddable":true,"href":"https:\/\/www.europesays.com\/fr\/wp-json\/wp\/v2\/comments?post=693868"}],"version-history":[{"count":0,"href":"https:\/\/www.europesays.com\/fr\/wp-json\/wp\/v2\/posts\/693868\/revisions"}],"wp:featuredmedia":[{"embeddable":true,"href":"https:\/\/www.europesays.com\/fr\/wp-json\/wp\/v2\/media\/693869"}],"wp:attachment":[{"href":"https:\/\/www.europesays.com\/fr\/wp-json\/wp\/v2\/media?parent=693868"}],"wp:term":[{"taxonomy":"category","embeddable":true,"href":"https:\/\/www.europesays.com\/fr\/wp-json\/wp\/v2\/categories?post=693868"},{"taxonomy":"post_tag","embeddable":true,"href":"https:\/\/www.europesays.com\/fr\/wp-json\/wp\/v2\/tags?post=693868"}],"curies":[{"name":"wp","href":"https:\/\/api.w.org\/{rel}","templated":true}]}}