{"id":693870,"date":"2026-01-28T00:45:11","date_gmt":"2026-01-28T00:45:11","guid":{"rendered":"https:\/\/www.europesays.com\/fr\/693870\/"},"modified":"2026-01-28T00:45:11","modified_gmt":"2026-01-28T00:45:11","slug":"les-photographies-de-lecrivain-jean-philippe-toussaint-regarder-lemission-complete","status":"publish","type":"post","link":"https:\/\/www.europesays.com\/fr\/693870\/","title":{"rendered":"Les photographies de l&rsquo;\u00e9crivain Jean-Philippe Toussaint &#8211; Regarder l\u2019\u00e9mission compl\u00e8te"},"content":{"rendered":"<p>Auteur d&rsquo;une vingtaine de romans aux \u00e9ditions de Minuit, dont, \u00e7a ne s&rsquo;invente pas, L&rsquo;Appareil photo, Jean-Philippe Toussaint est consid\u00e9r\u00e9 comme un \u00e9crivain tr\u00e8s visuel. Son nouveau livre \u00ab\u00a0L&rsquo;Instant visible\u00a0\u00bb se compose de 36 textes \u2013 comme une pellicule standard, et d&rsquo;une centaine de photographies, essentiellement en noir et blanc. L&rsquo;ouvrage \u00e9dit\u00e9 par l&rsquo;atelier EXB\u00a0r\u00e9v\u00e8le le regard de l&rsquo;\u00e9crivain sur le monde et les \u00eatre qu&rsquo;il aime, dans lequel mots et images conversent, s&rsquo;observent, se questionnent et se r\u00e9pondent.<\/p>\n","protected":false},"excerpt":{"rendered":"Auteur d&rsquo;une vingtaine de romans aux \u00e9ditions de Minuit, dont, \u00e7a ne s&rsquo;invente pas, L&rsquo;Appareil photo, Jean-Philippe Toussaint&hellip;\n","protected":false},"author":2,"featured_media":693871,"comment_status":"","ping_status":"","sticky":false,"template":"","format":"standard","meta":{"footnotes":""},"categories":[1358],"tags":[1348,1384,1385,1386,58,59,1011,27],"class_list":{"0":"post-693870","1":"post","2":"type-post","3":"status-publish","4":"format-standard","5":"has-post-thumbnail","7":"category-arts-et-design","8":"tag-arts","9":"tag-arts-and-design","10":"tag-arts-et-design","11":"tag-design","12":"tag-divertissement","13":"tag-entertainment","14":"tag-fr","15":"tag-france"},"share_on_mastodon":{"url":"https:\/\/pubeurope.com\/@fr\/115969964284834962","error":""},"_links":{"self":[{"href":"https:\/\/www.europesays.com\/fr\/wp-json\/wp\/v2\/posts\/693870","targetHints":{"allow":["GET"]}}],"collection":[{"href":"https:\/\/www.europesays.com\/fr\/wp-json\/wp\/v2\/posts"}],"about":[{"href":"https:\/\/www.europesays.com\/fr\/wp-json\/wp\/v2\/types\/post"}],"author":[{"embeddable":true,"href":"https:\/\/www.europesays.com\/fr\/wp-json\/wp\/v2\/users\/2"}],"replies":[{"embeddable":true,"href":"https:\/\/www.europesays.com\/fr\/wp-json\/wp\/v2\/comments?post=693870"}],"version-history":[{"count":0,"href":"https:\/\/www.europesays.com\/fr\/wp-json\/wp\/v2\/posts\/693870\/revisions"}],"wp:featuredmedia":[{"embeddable":true,"href":"https:\/\/www.europesays.com\/fr\/wp-json\/wp\/v2\/media\/693871"}],"wp:attachment":[{"href":"https:\/\/www.europesays.com\/fr\/wp-json\/wp\/v2\/media?parent=693870"}],"wp:term":[{"taxonomy":"category","embeddable":true,"href":"https:\/\/www.europesays.com\/fr\/wp-json\/wp\/v2\/categories?post=693870"},{"taxonomy":"post_tag","embeddable":true,"href":"https:\/\/www.europesays.com\/fr\/wp-json\/wp\/v2\/tags?post=693870"}],"curies":[{"name":"wp","href":"https:\/\/api.w.org\/{rel}","templated":true}]}}