{"id":693933,"date":"2026-01-28T01:28:16","date_gmt":"2026-01-28T01:28:16","guid":{"rendered":"https:\/\/www.europesays.com\/fr\/693933\/"},"modified":"2026-01-28T01:28:16","modified_gmt":"2026-01-28T01:28:16","slug":"le-rappeur-kery-james-rejoint-la-programmation-du-festival-au-large-le-27-juin-2026-a-marseille","status":"publish","type":"post","link":"https:\/\/www.europesays.com\/fr\/693933\/","title":{"rendered":"Le rappeur Kery James rejoint la programmation du festival Au Large le 27 juin 2026 \u00e0 Marseille"},"content":{"rendered":"<p>Il est consid\u00e9r\u00e9 comme la conscience du rap fran\u00e7ais. \u00ab\u00a0Parce que je suis l\u2019un des derniers \u00e0 avoir une vision, \u00e0 mettre du fond et du sens dans le rap\u00a0\u00bb, nous expliquait-il \u00e0 l\u2019\u00e9poque de son album Dernier MC. Depuis ce disque paru en\u00a02013, <a href=\"https:\/\/www.laprovence.com\/article\/culture-loisirs\/17008584115345\/avec-kery-james-la-culture-comme-refuge-et-contre-pouvoir\" target=\"_blank\" rel=\"noopener\">Kery James<\/a>, 48\u00a0ans, rappe encore. Il a sorti trois autres albums\u00a0: Mouhammad Alix en\u00a02016, J\u2019rap encore en\u00a02018 et\u00a0R.A.P en\u00a02025 qui signifie \u00ab\u00a0R\u00e9sistance Amour et Po\u00e9sie\u00a0\u00bb. Tout est dit, dans ce disque, de l\u2019homme qui a fait ses d\u00e9buts dans les ann\u00e9es\u00a090, au sein du groupe Ideal J &#8211; <a href=\"https:\/\/www.laprovence.com\/article\/culture-loisirs\/3222930361736514\/un-compositeur-et-producteur-visionnaire-qui-etait-dj-mehdi-dont-la-carriere-est-retracee-dans-une-serie-evenement\" target=\"_blank\" rel=\"noopener\">que DJ Mehdi a rejoint en<\/a>\u00a0<a href=\"https:\/\/www.laprovence.com\/article\/culture-loisirs\/3222930361736514\/un-compositeur-et-producteur-visionnaire-qui-etait-dj-mehdi-dont-la-carriere-est-retracee-dans-une-serie-evenement\" target=\"_blank\" rel=\"noopener\">1992 en tant que producteur<\/a> -, puis en solo d\u00e8s\u00a02001 avec l\u2019album Si c\u2019\u00e9tait \u00e0 refaire. Mais il confirme surtout son succ\u00e8s en\u00a02008 avec son opus, \u00c0 l\u2019ombre du show business.<\/p>\n<p>Le 27 juin \u00e0 Marseille<\/p>\n<p>En trente ans, Kery James a vendu plus de 700\u00a0000 albums et impos\u00e9 un rap humaniste et profond\u00e9ment <a href=\"https:\/\/www.laprovence.com\/article\/culture-loisirs\/62253146293657\/pour-le-rappeur-kery-james-nicolas-sarkozy-subit-le-retour-de-ses-propres-exigences-de-severite\" target=\"_blank\" rel=\"noopener\">engag\u00e9<\/a>. Mais la musique n\u2019est pas son seul moyen d\u2019expression. Il m\u00e8ne en effet une carri\u00e8re prot\u00e9iforme s\u2019illustrant au th\u00e9\u00e2tre et au cin\u00e9ma.\u00a0D\u00e8s\u00a02017, il se lance dans l\u2019\u00e9criture th\u00e9\u00e2trale avec \u00c0 vif, une pi\u00e8ce qui prend la forme d\u2019une joute verbale entre deux avocats (l\u2019un d\u2019eux est jou\u00e9 par Kery James lui-m\u00eame) s\u2019opposant sur la responsabilit\u00e9 de la &#8230;<\/p>\n","protected":false},"excerpt":{"rendered":"Il est consid\u00e9r\u00e9 comme la conscience du rap fran\u00e7ais. \u00ab\u00a0Parce que je suis l\u2019un des derniers \u00e0 avoir&hellip;\n","protected":false},"author":2,"featured_media":693934,"comment_status":"","ping_status":"","sticky":false,"template":"","format":"standard","meta":{"footnotes":""},"categories":[2814],"tags":[5734,1111,11,251,1777,674,849,1011,27,3654,78976,3790,884,12,3551,882,6198,17939,25],"class_list":{"0":"post-693933","1":"post","2":"type-post","3":"status-publish","4":"format-standard","5":"has-post-thumbnail","7":"category-marseille","8":"tag-5734","9":"tag-actu","10":"tag-actualites","11":"tag-culture","12":"tag-eu","13":"tag-europe","14":"tag-festival","15":"tag-fr","16":"tag-france","17":"tag-james","18":"tag-kery","19":"tag-large","20":"tag-marseille","21":"tag-news","22":"tag-programmation","23":"tag-provence-alpes-cote-dazur","24":"tag-rappeur","25":"tag-rejoint","26":"tag-republique-francaise"},"share_on_mastodon":{"url":"https:\/\/pubeurope.com\/@fr\/115970133435024319","error":""},"_links":{"self":[{"href":"https:\/\/www.europesays.com\/fr\/wp-json\/wp\/v2\/posts\/693933","targetHints":{"allow":["GET"]}}],"collection":[{"href":"https:\/\/www.europesays.com\/fr\/wp-json\/wp\/v2\/posts"}],"about":[{"href":"https:\/\/www.europesays.com\/fr\/wp-json\/wp\/v2\/types\/post"}],"author":[{"embeddable":true,"href":"https:\/\/www.europesays.com\/fr\/wp-json\/wp\/v2\/users\/2"}],"replies":[{"embeddable":true,"href":"https:\/\/www.europesays.com\/fr\/wp-json\/wp\/v2\/comments?post=693933"}],"version-history":[{"count":0,"href":"https:\/\/www.europesays.com\/fr\/wp-json\/wp\/v2\/posts\/693933\/revisions"}],"wp:featuredmedia":[{"embeddable":true,"href":"https:\/\/www.europesays.com\/fr\/wp-json\/wp\/v2\/media\/693934"}],"wp:attachment":[{"href":"https:\/\/www.europesays.com\/fr\/wp-json\/wp\/v2\/media?parent=693933"}],"wp:term":[{"taxonomy":"category","embeddable":true,"href":"https:\/\/www.europesays.com\/fr\/wp-json\/wp\/v2\/categories?post=693933"},{"taxonomy":"post_tag","embeddable":true,"href":"https:\/\/www.europesays.com\/fr\/wp-json\/wp\/v2\/tags?post=693933"}],"curies":[{"name":"wp","href":"https:\/\/api.w.org\/{rel}","templated":true}]}}