{"id":693957,"date":"2026-01-28T01:42:22","date_gmt":"2026-01-28T01:42:22","guid":{"rendered":"https:\/\/www.europesays.com\/fr\/693957\/"},"modified":"2026-01-28T01:42:22","modified_gmt":"2026-01-28T01:42:22","slug":"un-algerien-recherche-en-allemagne-pour-tentative-de-meurtre-depuis-trois-ans-interpelle-a-poitiers","status":"publish","type":"post","link":"https:\/\/www.europesays.com\/fr\/693957\/","title":{"rendered":"Un Alg\u00e9rien recherch\u00e9 en Allemagne pour tentative de meurtre depuis trois ans interpell\u00e9 \u00e0 Poitiers"},"content":{"rendered":"<p>Ce n\u2019est pas lui, il ne s\u2019appelle pas comme \u00e7a. Cet Alg\u00e9rien de 27\u00a0ans conteste l\u2019identit\u00e9 qui lui est attribu\u00e9e par la justice. Mais les \u00e9l\u00e9ments du dossier et le fichier des empreintes digitales sont formels. Il est bien l\u2019homme pour lequel l\u2019Allemagne a \u00e9mis un mandat d\u2019arr\u00eat europ\u00e9en en ao\u00fbt\u00a02022. Il est recherch\u00e9 depuis plus de trois ans pour tentative d\u2019homicide volontaire et coups et blessures aggrav\u00e9s. Des faits pour lesquels il encourt, en Allemagne, la prison \u00e0 perp\u00e9tuit\u00e9&#8230;. <\/p>\n<p>    Cet article a \u00e9t\u00e9 tronqu\u00e9. Abonnez-vous pour lire l&rsquo;article complet sur notre site.<\/p>\n<p style=\"margin: 0 !important; padding: 0 !important; font-size: 12px !important;\">Cet article a \u00e9t\u00e9 tronqu\u00e9. Abonnez-vous pour lire l&rsquo;article complet.<\/p>\n<p>    <a href=\"https:\/\/www.lanouvellerepublique.fr\/abonnements\" style=\"display: inline-block; margin-top: 5px !important; padding: 6px 12px !important; background: #cb1c27; color: white; text-decoration: none; border-radius: 4px; font-size: 12px !important;\" target=\"_blank\" rel=\"noopener\"><br \/>\n      S&rsquo;abonner<br \/>\n    <\/a><\/p>\n","protected":false},"excerpt":{"rendered":"Ce n\u2019est pas lui, il ne s\u2019appelle pas comme \u00e7a. Cet Alg\u00e9rien de 27\u00a0ans conteste l\u2019identit\u00e9 qui lui&hellip;\n","protected":false},"author":2,"featured_media":693958,"comment_status":"","ping_status":"","sticky":false,"template":"","format":"standard","meta":{"footnotes":""},"categories":[1587],"tags":[1392,11,672,1804,9856,1805,1803,1777,674,274,1801,303,12,1653,1802,1584],"class_list":{"0":"post-693957","1":"post","2":"type-post","3":"status-publish","4":"format-standard","5":"has-post-thumbnail","7":"category-allemagne","8":"tag-a-la-une-local","9":"tag-actualites","10":"tag-allemagne","11":"tag-bundesrepublik-deutschland","12":"tag-cour-dappel","13":"tag-de","14":"tag-deutschland","15":"tag-eu","16":"tag-europe","17":"tag-faits-divers-justice","18":"tag-germany","19":"tag-justice","20":"tag-news","21":"tag-poitiers","22":"tag-republique-federale-dallemagne","23":"tag-vienne"},"share_on_mastodon":{"url":"https:\/\/pubeurope.com\/@fr\/115970188609802199","error":""},"_links":{"self":[{"href":"https:\/\/www.europesays.com\/fr\/wp-json\/wp\/v2\/posts\/693957","targetHints":{"allow":["GET"]}}],"collection":[{"href":"https:\/\/www.europesays.com\/fr\/wp-json\/wp\/v2\/posts"}],"about":[{"href":"https:\/\/www.europesays.com\/fr\/wp-json\/wp\/v2\/types\/post"}],"author":[{"embeddable":true,"href":"https:\/\/www.europesays.com\/fr\/wp-json\/wp\/v2\/users\/2"}],"replies":[{"embeddable":true,"href":"https:\/\/www.europesays.com\/fr\/wp-json\/wp\/v2\/comments?post=693957"}],"version-history":[{"count":0,"href":"https:\/\/www.europesays.com\/fr\/wp-json\/wp\/v2\/posts\/693957\/revisions"}],"wp:featuredmedia":[{"embeddable":true,"href":"https:\/\/www.europesays.com\/fr\/wp-json\/wp\/v2\/media\/693958"}],"wp:attachment":[{"href":"https:\/\/www.europesays.com\/fr\/wp-json\/wp\/v2\/media?parent=693957"}],"wp:term":[{"taxonomy":"category","embeddable":true,"href":"https:\/\/www.europesays.com\/fr\/wp-json\/wp\/v2\/categories?post=693957"},{"taxonomy":"post_tag","embeddable":true,"href":"https:\/\/www.europesays.com\/fr\/wp-json\/wp\/v2\/tags?post=693957"}],"curies":[{"name":"wp","href":"https:\/\/api.w.org\/{rel}","templated":true}]}}