{"id":693961,"date":"2026-01-28T01:44:11","date_gmt":"2026-01-28T01:44:11","guid":{"rendered":"https:\/\/www.europesays.com\/fr\/693961\/"},"modified":"2026-01-28T01:44:11","modified_gmt":"2026-01-28T01:44:11","slug":"linde-et-lunion-europeenne-ont-signe-un-accord-de-libre-echange","status":"publish","type":"post","link":"https:\/\/www.europesays.com\/fr\/693961\/","title":{"rendered":"L\u2019Inde et l\u2019Union europ\u00e9enne ont sign\u00e9 un\u00a0accord de\u00a0libre-\u00e9change\u00a0"},"content":{"rendered":"<p>Le pr\u00e9sident du Conseil europ\u00e9en, Antonio Costa, le premier ministre indien,  Narendra Modi, et la pr\u00e9sidente de la Commission europ\u00e9enne, Ursula von der Leyen (source: compte Facebook du premier ministre indien)<\/p>\n<p>Cet accord va cr\u00e9er une zone de libre-\u00e9change couvrant 2\u00a0milliards de personnes.\u00a0<\/p>\n<p>Il pr\u00e9voit de supprimer plus de 90% des droits de douane entre l\u2019Inde et les 27 pays membres de l\u2019Union europ\u00e9enne.\u00a0<\/p>\n<p><strong>V\u00e9hicules et vins\u00a0<\/strong><\/p>\n<p>Les droits de douane indiens sur certaines voitures europ\u00e9ennes seront progressivement r\u00e9duits de 110% \u00e0 10%.\u00a0<\/p>\n<p>Les taxes de l\u2019Inde sur le vin:\u00a0<\/p>\n<ul>\n<li>passeront de 150% \u00e0 75% d\u00e8s l\u2019entr\u00e9e en vigueur de l\u2019accord; et\u00a0<\/li>\n<li>s\u2019\u00e9tabliront, \u00e0 terme, \u00e0 environ 20%.<\/li>\n<\/ul>\n<p>L\u2019Inde et l\u2019UE repr\u00e9sentent ensemble:\u00a0<\/p>\n<ul>\n<li>presque un quart de la population mondiale\u00a0<\/li>\n<li>20% du PIB mondial<\/li>\n<\/ul>\n","protected":false},"excerpt":{"rendered":"Le pr\u00e9sident du Conseil europ\u00e9en, Antonio Costa, le premier ministre indien, Narendra Modi, et la pr\u00e9sidente de la&hellip;\n","protected":false},"author":2,"featured_media":693962,"comment_status":"","ping_status":"","sticky":false,"template":"","format":"standard","meta":{"footnotes":""},"categories":[1586],"tags":[11,1977,2160,1777,674,1779,1011,27,5595,12,9130,25,7607,1778,364],"class_list":{"0":"post-693961","1":"post","2":"type-post","3":"status-publish","4":"format-standard","5":"has-post-thumbnail","7":"category-europe","8":"tag-actualites","9":"tag-auto","10":"tag-commerce-international","11":"tag-eu","12":"tag-europe","13":"tag-european-union","14":"tag-fr","15":"tag-france","16":"tag-inde","17":"tag-news","18":"tag-politique-economique","19":"tag-republique-francaise","20":"tag-tarifs-douaniers","21":"tag-ue","22":"tag-union-europeenne"},"share_on_mastodon":{"url":"https:\/\/pubeurope.com\/@fr\/115970196343620498","error":""},"_links":{"self":[{"href":"https:\/\/www.europesays.com\/fr\/wp-json\/wp\/v2\/posts\/693961","targetHints":{"allow":["GET"]}}],"collection":[{"href":"https:\/\/www.europesays.com\/fr\/wp-json\/wp\/v2\/posts"}],"about":[{"href":"https:\/\/www.europesays.com\/fr\/wp-json\/wp\/v2\/types\/post"}],"author":[{"embeddable":true,"href":"https:\/\/www.europesays.com\/fr\/wp-json\/wp\/v2\/users\/2"}],"replies":[{"embeddable":true,"href":"https:\/\/www.europesays.com\/fr\/wp-json\/wp\/v2\/comments?post=693961"}],"version-history":[{"count":0,"href":"https:\/\/www.europesays.com\/fr\/wp-json\/wp\/v2\/posts\/693961\/revisions"}],"wp:featuredmedia":[{"embeddable":true,"href":"https:\/\/www.europesays.com\/fr\/wp-json\/wp\/v2\/media\/693962"}],"wp:attachment":[{"href":"https:\/\/www.europesays.com\/fr\/wp-json\/wp\/v2\/media?parent=693961"}],"wp:term":[{"taxonomy":"category","embeddable":true,"href":"https:\/\/www.europesays.com\/fr\/wp-json\/wp\/v2\/categories?post=693961"},{"taxonomy":"post_tag","embeddable":true,"href":"https:\/\/www.europesays.com\/fr\/wp-json\/wp\/v2\/tags?post=693961"}],"curies":[{"name":"wp","href":"https:\/\/api.w.org\/{rel}","templated":true}]}}