{"id":693971,"date":"2026-01-28T01:55:12","date_gmt":"2026-01-28T01:55:12","guid":{"rendered":"https:\/\/www.europesays.com\/fr\/693971\/"},"modified":"2026-01-28T01:55:12","modified_gmt":"2026-01-28T01:55:12","slug":"je-nai-pas-vu-le-temps-passer-a-34-ans-warren-barguil-aborde-sa-14e-saison-chez-les-professionnels","status":"publish","type":"post","link":"https:\/\/www.europesays.com\/fr\/693971\/","title":{"rendered":"\u00ab\u00a0Je n\u2019ai pas vu le temps passer\u00a0\u00bb\u00a0: \u00e0 34 ans, Warren Barguil aborde sa 14e saison chez les professionnels"},"content":{"rendered":"<p>Sa 14e saison<\/p>\n<p>\u00ab Je ne ressens aucune lassitude, je prends toujours autant de plaisir sur le v\u00e9lo. J\u2019ai conscience que les places sont de plus en plus ch\u00e8res, alors je suis content d\u2019\u00eatre toujours l\u00e0. Et je serai encore pr\u00e9sent l\u2019an prochain, car j\u2019ai prolong\u00e9 d\u2019un an (jusqu\u2019\u00e0 fin 2027) avec mon \u00e9quipe. Pour la suite, franchement, je n\u2019en sais rien. Je le sais, je commence \u00e0 prendre de l\u2019\u00e2ge mais je ne me prends pas trop la t\u00eate avec \u00e7a. J\u2019ai juste envie de profiter. Fin 2026, j\u2019en saurai davantage. Je suis pro depuis 2013 mais je n\u2019ai pas vu le temps passer. L\u2019autre jour, je parlais avec les jeunes de l\u2019\u00e9quipe \u00e0 table, je leur disais de profiter au maximum, qu\u2019une carri\u00e8re, \u00e7a passait vite. \u00bb<\/p>\n<p>Ses attentes<\/p>\n<p>\u00ab Malgr\u00e9 le d\u00e9part d\u2019Oscar (Onley chez Ineos), on a une tr\u00e8s belle \u00e9quipe avec Max (Poole), qui a des grosses capacit\u00e9s, ou Frank (van den Broek) qui est un coureur \u00e0 maturit\u00e9 tardive. Mon r\u00f4le sera donc de les \u00e9pauler. Je serai \u00e0 nouveau le capitaine de route de l\u2019\u00e9quipe (il est le deuxi\u00e8me plus \u00e2g\u00e9 derri\u00e8re John Degenkolb, 36 ans). Je vais aussi avoir ma chance sur certaines courses du calendrier. \u00c0 moi de la saisir. \u00bb<\/p>\n<\/p>\n<p>Son envie de gagner<\/p>\n<p>\u00ab Je n\u2019ai pas gagn\u00e9 depuis 2022 (le Grand Prix Miguel Indurain sous les couleurs d\u2019Ark\u00e9a) alors, forc\u00e9ment, \u00e7a me manque. Malheureusement, ce sont toujours un peu les m\u00eames qui gagnent. \u00c0 l\u2019\u00e9poque, \u00e7a tournait plus. D\u2019un autre c\u00f4t\u00e9, je pense que je peux encore gagner sur des courses d\u2019un niveau inf\u00e9rieur, entre guillemets. Dans un petit groupe, je pense toujours avoir une bonne petite pointe de vitesse. J\u2019esp\u00e8re notamment \u00eatre \u00e0 100 % sur le week-end Dr\u00f4me-Ard\u00e8che avec deux courses qui me correspondent vraiment. \u00bb<\/p>\n<p>L\u2019interrogation Tour d\u2019Italie<\/p>\n<p>\u00ab J\u2019ai gagn\u00e9 sur le Tour d\u2019Espagne (deux \u00e9tapes en 2013) et sur le Tour de France (deux \u00e9tapes en 2017), j\u2019ai toujours envie de rentrer dans le cercle des coureurs qui ont gagn\u00e9 sur les trois Grands tours. Initialement, je ne devais pas courir le Giro 2026 afin d\u2019aider Oscar (Onley) sur le Tour de France mais son d\u00e9part change un peu la donne. En tout cas, je fais le forcing aupr\u00e8s de l\u2019\u00e9quipe pour \u00eatre au d\u00e9part du Tour d\u2019Italie. Le doubl\u00e9 Giro &#8211; Tour de France est possible en 2026. Le Tour d\u2019Italie est toujours plus ouvert : si j\u2019ai les jambes du Tour de France 2025 en mai prochain, je pense que c\u2019est possible d\u2019aller chercher une \u00e9tape sur le Giro. \u00bb<\/p>\n<p>Son regard sur la saison 2026<\/p>\n<p>\u00ab Je pense que Pogacar va encore \u00e9craser la concurrence. Et il va le faire pendant quatre ou cinq ans. Je n\u2019ai pas connu Merckx mais Pogacar, c\u2019est le Merckx actuel. Pogi, c\u2019est vraiment tr\u00e8s au-dessus de tout le monde. Il y a tellement d\u2019\u00e9cart avec les autres. Il est quasiment imbattable. \u00bb<\/p>\n<p>Son programme<\/p>\n<p>Pour la premi\u00e8re fois, Warren Barguil lancera sa saison sur la Figueira Classic, le 14 f\u00e9vrier, au Portugal. Il encha\u00eenera avec la Classic Var (21 f\u00e9vrier), l\u2019Ard\u00e8che Classic (28 f\u00e9vrier), la Dr\u00f4me Classic (1er mars), les Strade Bianche (7 mars) et Tirreno-Adriatico (9-15 mars).<\/p>\n<p>Son apr\u00e8s-carri\u00e8re<\/p>\n<p>\u00ab Pour l\u2019instant, je n\u2019y pense pas trop. Une chose est s\u00fbre, je ferai du v\u00e9lo. Je ne pourrai jamais m\u2019en passer. J\u2019aime trop \u00e7a. Pourquoi ne pas faire du gravel et du triathlon, par exemple ? Professionnellement, je n\u2019ai pas trop envie de me projeter m\u00eame si j\u2019ai des id\u00e9es. Quand on se projette trop, il y a ce risque d\u2019\u00eatre un peu dans le projet, justement. Je ne fais pas de plan. \u00bb<\/p>\n","protected":false},"excerpt":{"rendered":"Sa 14e saison \u00ab Je ne ressens aucune lassitude, je prends toujours autant de plaisir sur le v\u00e9lo.&hellip;\n","protected":false},"author":2,"featured_media":693972,"comment_status":"","ping_status":"","sticky":false,"template":"","format":"standard","meta":{"footnotes":""},"categories":[1411],"tags":[1154,207,765,3166,1011,27,78979,78980,2427,60],"class_list":{"0":"post-693971","1":"post","2":"type-post","3":"status-publish","4":"format-standard","5":"has-post-thumbnail","7":"category-cyclisme","8":"tag-cycling","9":"tag-cyclisme","10":"tag-en-continu","11":"tag-en-continu-sports","12":"tag-fr","13":"tag-france","14":"tag-inzinzac-lochrist","15":"tag-kervignac","16":"tag-professionnels","17":"tag-sports"},"share_on_mastodon":{"url":"https:\/\/pubeurope.com\/@fr\/115970239596628723","error":""},"_links":{"self":[{"href":"https:\/\/www.europesays.com\/fr\/wp-json\/wp\/v2\/posts\/693971","targetHints":{"allow":["GET"]}}],"collection":[{"href":"https:\/\/www.europesays.com\/fr\/wp-json\/wp\/v2\/posts"}],"about":[{"href":"https:\/\/www.europesays.com\/fr\/wp-json\/wp\/v2\/types\/post"}],"author":[{"embeddable":true,"href":"https:\/\/www.europesays.com\/fr\/wp-json\/wp\/v2\/users\/2"}],"replies":[{"embeddable":true,"href":"https:\/\/www.europesays.com\/fr\/wp-json\/wp\/v2\/comments?post=693971"}],"version-history":[{"count":0,"href":"https:\/\/www.europesays.com\/fr\/wp-json\/wp\/v2\/posts\/693971\/revisions"}],"wp:featuredmedia":[{"embeddable":true,"href":"https:\/\/www.europesays.com\/fr\/wp-json\/wp\/v2\/media\/693972"}],"wp:attachment":[{"href":"https:\/\/www.europesays.com\/fr\/wp-json\/wp\/v2\/media?parent=693971"}],"wp:term":[{"taxonomy":"category","embeddable":true,"href":"https:\/\/www.europesays.com\/fr\/wp-json\/wp\/v2\/categories?post=693971"},{"taxonomy":"post_tag","embeddable":true,"href":"https:\/\/www.europesays.com\/fr\/wp-json\/wp\/v2\/tags?post=693971"}],"curies":[{"name":"wp","href":"https:\/\/api.w.org\/{rel}","templated":true}]}}