{"id":693976,"date":"2026-01-28T01:58:28","date_gmt":"2026-01-28T01:58:28","guid":{"rendered":"https:\/\/www.europesays.com\/fr\/693976\/"},"modified":"2026-01-28T01:58:28","modified_gmt":"2026-01-28T01:58:28","slug":"une-critique-de-la-ville-devorante-grace-aux-dessins-decales-de-martin-etienne","status":"publish","type":"post","link":"https:\/\/www.europesays.com\/fr\/693976\/","title":{"rendered":"une critique de la ville d\u00e9vorante gr\u00e2ce aux dessins d\u00e9cal\u00e9s de Martin \u00c9tienne"},"content":{"rendered":"<p>    Sur le m\u00eame sujet<\/p>\n<p>                        <a href=\"https:\/\/www.sudouest.fr\/elections\/municipales\/municipales-2026-armement-de-la-police-municipale-videosurveillance-la-securite-dans-le-viseur-des-maires-27584131.php\" title=\"Municipales 2026 : la s\u00e9curit\u00e9 dans le viseur des maires\" target=\"_blank\" rel=\"noopener\"><br \/>\n                            <img decoding=\"async\" src=\"https:\/\/www.europesays.com\/fr\/wp-content\/uploads\/2026\/01\/visuels-enquetes-et-reportages-2-29.jpg\" alt=\"Municipales 2026 : la s\u00e9curit\u00e9 dans le viseur des maires\"\/><br \/>\n                        <\/a><\/p>\n<p>                    <a href=\"https:\/\/www.sudouest.fr\/elections\/municipales\/municipales-2026-armement-de-la-police-municipale-videosurveillance-la-securite-dans-le-viseur-des-maires-27584131.php\" title=\"Municipales 2026 : la s\u00e9curit\u00e9 dans le viseur des maires\" target=\"_blank\" rel=\"noopener\"><\/p>\n<p>\n                            Municipales 2026 : la s\u00e9curit\u00e9 dans le viseur des maires\n                        <\/p>\n<p>                    <\/a><\/p>\n<p>\n                        \u00c0 quelques semaines du premier tour des Municipales 2026, la s\u00e9curit\u00e9 s\u2019impose comme l\u2019un des enjeux du scrutin. Armement des agents, d\u00e9ploiement de la vid\u00e9osurveillance, extension des pr\u00e9rogatives de la police municipale\u2026 Quelle est la v\u00e9ritable marge de man\u0153uvre des maires face \u00e0 ce d\u00e9fi s\u00e9curitaire\u00a0?\n                    <\/p>\n<p>On y parle tout aussi bien de la construction des routes et d\u2019immeubles qui grignote les banlieues que des rapports de voisinage ou de l\u2019exode rural. Le tout appuy\u00e9 d\u2019un coup de crayon qui fait parfois penser \u00e0 Semp\u00e9. Comme dans cette vignette o\u00f9 le patron d\u2019une droguerie qui d\u00e9borde de babioles assure le commer\u00e7ant voisin de sa sympathie. \u00ab\u00a0Oh, mais vous savez, moi aussi, j\u2019ai commenc\u00e9 avec trois fois rien\u00a0\u00bb, indique-t-il \u00e0 cette boutique chic o\u00f9 trois v\u00eatements s\u2019affichent dans un int\u00e9rieur \u00e9pur\u00e9.\u00a0Remarqu\u00e9s \u00e9galement ces businessmen riv\u00e9s sur leurs ordinateurs portables en terrasse tandis que tous les immeubles autour affichent des affiches \u00ab\u00a0Bureaux \u00e0 louer\u00a0\u00bb.<\/p>\n<p>La visite peut d\u00e9marrer par un triptyque bourr\u00e9 d\u2019ironie qui propose la m\u00eame image aux XIXe, XXe et XXIe\u00a0si\u00e8cles. Un couple de laboureurs est repr\u00e9sent\u00e9 sur les trois dessins avec une tenue qui va raccourcissant tandis que leur environnement se m\u00e9tamorphose. C\u2019est d\u2019abord un champ et la campagne \u00e0 perte de vue jusqu\u2019au campanile de l\u2019\u00e9glise. Puis le m\u00eame champ est investi par un tracteur tandis que des nu\u00e9es d\u2019immeubles et d\u2019autoroutes ont commenc\u00e9 \u00e0 l\u2019entourer. Au XXIe\u00a0si\u00e8cle, le m\u00eame espace est reproduit mais il est cette fois pos\u00e9 sur le toit d\u2019un gratte-ciel\u2026<\/p>\n<p>        <img decoding=\"async\" id=\"27544932\" src=\"https:\/\/www.europesays.com\/fr\/wp-content\/uploads\/2026\/01\/img-1302-r.jpg\" alt=\"Le grignotage de la campagne entre les XIXe et XXe\u00a0si\u00e8cles, selon Martin \u00c9tienne.\" itemprop=\"contentURL\"\/><\/p>\n<p>    Le grignotage de la campagne entre les XIXe et XXe\u00a0si\u00e8cles, selon Martin \u00c9tienne.<\/p>\n<p>Lise Lahitte<\/p>\n<p>    \u00ab\u00a0L\u2019esprit village\u00a0\u00bb<\/p>\n<p>C\u2019est la m\u00e9taphore de la ville d\u00e9vorante, \u00e9clair\u00e9e quelques panneaux plus loin par l\u2019agacement d\u2019un businessman qui doit patienter en raison d\u2019un ascenseur emprunt\u00e9 par un \u00e9leveur et tout son b\u00e9tail pour monter sur le toit. \u00ab\u00a0Votre petite mode des fermes urbaines commence \u00e0 m\u2019agacer s\u00e9rieusement\u00a0!\u00a0\u00bb<\/p>\n<p>        <img decoding=\"async\" id=\"27545025\" src=\"https:\/\/www.europesays.com\/fr\/wp-content\/uploads\/2026\/01\/img-1309-r.jpg\" alt=\"Avec Martin \u00c9tienne, le village de caract\u00e8re existe encore. La campagne alentour, elle, a disparu\u2026\" itemprop=\"contentURL\"\/><\/p>\n<p>    Avec Martin \u00c9tienne, le village de caract\u00e8re existe encore. La campagne alentour, elle, a disparu\u2026<\/p>\n<p>Lise Lahitte<\/p>\n<p>Avant la ville, Martin \u00c9tienne s\u2019int\u00e9resse au monde paysan et aux ruraux. On sourit de ce panneau autoroutier annon\u00e7ant \u00ab\u00a0Village de caract\u00e8re\u00a0\u00bb alors que ce vestige est \u00e9touff\u00e9 par les avenues et entrep\u00f4ts alentour. Plus loin, un lotissement sans \u00e2me est en construction, accompagn\u00e9 d\u2019une r\u00e9clame qui dit \u00ab\u00a0Retrouvez l\u2019esprit village\u00a0\u00bb devant un centre bourg envahi de panneaux \u00ab\u00a0A vendre\u00a0\u00bb.<\/p>\n","protected":false},"excerpt":{"rendered":"Sur le m\u00eame sujet Municipales 2026 : la s\u00e9curit\u00e9 dans le viseur des maires \u00c0 quelques semaines du&hellip;\n","protected":false},"author":2,"featured_media":693977,"comment_status":"","ping_status":"","sticky":false,"template":"","format":"standard","meta":{"footnotes":""},"categories":[1358],"tags":[1348,1384,1385,1386,58,59,1011,27],"class_list":{"0":"post-693976","1":"post","2":"type-post","3":"status-publish","4":"format-standard","5":"has-post-thumbnail","7":"category-arts-et-design","8":"tag-arts","9":"tag-arts-and-design","10":"tag-arts-et-design","11":"tag-design","12":"tag-divertissement","13":"tag-entertainment","14":"tag-fr","15":"tag-france"},"share_on_mastodon":{"url":"https:\/\/pubeurope.com\/@fr\/115970251468247895","error":""},"_links":{"self":[{"href":"https:\/\/www.europesays.com\/fr\/wp-json\/wp\/v2\/posts\/693976","targetHints":{"allow":["GET"]}}],"collection":[{"href":"https:\/\/www.europesays.com\/fr\/wp-json\/wp\/v2\/posts"}],"about":[{"href":"https:\/\/www.europesays.com\/fr\/wp-json\/wp\/v2\/types\/post"}],"author":[{"embeddable":true,"href":"https:\/\/www.europesays.com\/fr\/wp-json\/wp\/v2\/users\/2"}],"replies":[{"embeddable":true,"href":"https:\/\/www.europesays.com\/fr\/wp-json\/wp\/v2\/comments?post=693976"}],"version-history":[{"count":0,"href":"https:\/\/www.europesays.com\/fr\/wp-json\/wp\/v2\/posts\/693976\/revisions"}],"wp:featuredmedia":[{"embeddable":true,"href":"https:\/\/www.europesays.com\/fr\/wp-json\/wp\/v2\/media\/693977"}],"wp:attachment":[{"href":"https:\/\/www.europesays.com\/fr\/wp-json\/wp\/v2\/media?parent=693976"}],"wp:term":[{"taxonomy":"category","embeddable":true,"href":"https:\/\/www.europesays.com\/fr\/wp-json\/wp\/v2\/categories?post=693976"},{"taxonomy":"post_tag","embeddable":true,"href":"https:\/\/www.europesays.com\/fr\/wp-json\/wp\/v2\/tags?post=693976"}],"curies":[{"name":"wp","href":"https:\/\/api.w.org\/{rel}","templated":true}]}}