{"id":69398,"date":"2025-05-02T13:14:09","date_gmt":"2025-05-02T13:14:09","guid":{"rendered":"https:\/\/www.europesays.com\/fr\/69398\/"},"modified":"2025-05-02T13:14:09","modified_gmt":"2025-05-02T13:14:09","slug":"la-ribambelle-fait-face-aux-tensions-mais-garde-le-cap","status":"publish","type":"post","link":"https:\/\/www.europesays.com\/fr\/69398\/","title":{"rendered":"la Ribambelle fait face aux tensions mais garde le cap"},"content":{"rendered":"<p>Qui dit cr\u00e8che parentale dit g\u00e9r\u00e9e par les parents\u2026 C\u2019est donc l\u2019un d\u2019entre eux, C\u00e9dric Laurent, le pr\u00e9sident, qui a ouvert la r\u00e9union en rappelant les valeurs qui animent la Ribambelle.<\/p>\n<p>Il a ensuite pr\u00e9cis\u00e9 que 2024 \u00ab\u00a0a \u00e9t\u00e9 assez bouscul\u00e9e, au niveau des mouvements de personnel, mettant ainsi sous tension l\u2019\u00e9quipe salari\u00e9e en place mais qui a toujours r\u00e9pondu pr\u00e9sente pour offrir aux enfants un cadre d\u2019accueil&#8230;<\/p>\n","protected":false},"excerpt":{"rendered":"Qui dit cr\u00e8che parentale dit g\u00e9r\u00e9e par les parents\u2026 C\u2019est donc l\u2019un d\u2019entre eux, C\u00e9dric Laurent, le pr\u00e9sident,&hellip;\n","protected":false},"author":2,"featured_media":69399,"comment_status":"","ping_status":"","sticky":false,"template":"","format":"standard","meta":{"footnotes":""},"categories":[9635],"tags":[1111,11,1704,1777,674,1011,27,775,11259,11260,1702,12,25,104,1631],"class_list":{"0":"post-69398","1":"post","2":"type-post","3":"status-publish","4":"format-standard","5":"has-post-thumbnail","7":"category-nancy","8":"tag-actu","9":"tag-actualites","10":"tag-edition-nancy-et-agglomeration","11":"tag-eu","12":"tag-europe","13":"tag-fr","14":"tag-france","15":"tag-grand-est","16":"tag-malzeville","17":"tag-metropole-du-grand-nancy-54b4","18":"tag-nancy","19":"tag-news","20":"tag-republique-francaise","21":"tag-societe","22":"tag-vie-associative"},"share_on_mastodon":{"url":"https:\/\/pubeurope.com\/@fr\/114438423431299761","error":""},"_links":{"self":[{"href":"https:\/\/www.europesays.com\/fr\/wp-json\/wp\/v2\/posts\/69398","targetHints":{"allow":["GET"]}}],"collection":[{"href":"https:\/\/www.europesays.com\/fr\/wp-json\/wp\/v2\/posts"}],"about":[{"href":"https:\/\/www.europesays.com\/fr\/wp-json\/wp\/v2\/types\/post"}],"author":[{"embeddable":true,"href":"https:\/\/www.europesays.com\/fr\/wp-json\/wp\/v2\/users\/2"}],"replies":[{"embeddable":true,"href":"https:\/\/www.europesays.com\/fr\/wp-json\/wp\/v2\/comments?post=69398"}],"version-history":[{"count":0,"href":"https:\/\/www.europesays.com\/fr\/wp-json\/wp\/v2\/posts\/69398\/revisions"}],"wp:featuredmedia":[{"embeddable":true,"href":"https:\/\/www.europesays.com\/fr\/wp-json\/wp\/v2\/media\/69399"}],"wp:attachment":[{"href":"https:\/\/www.europesays.com\/fr\/wp-json\/wp\/v2\/media?parent=69398"}],"wp:term":[{"taxonomy":"category","embeddable":true,"href":"https:\/\/www.europesays.com\/fr\/wp-json\/wp\/v2\/categories?post=69398"},{"taxonomy":"post_tag","embeddable":true,"href":"https:\/\/www.europesays.com\/fr\/wp-json\/wp\/v2\/tags?post=69398"}],"curies":[{"name":"wp","href":"https:\/\/api.w.org\/{rel}","templated":true}]}}