{"id":693980,"date":"2026-01-28T02:01:13","date_gmt":"2026-01-28T02:01:13","guid":{"rendered":"https:\/\/www.europesays.com\/fr\/693980\/"},"modified":"2026-01-28T02:01:13","modified_gmt":"2026-01-28T02:01:13","slug":"les-pronostics-hippiques-de-sebastien-mortagne-mercredi-28-janvier-rdl-la-radio-qui-chante","status":"publish","type":"post","link":"https:\/\/www.europesays.com\/fr\/693980\/","title":{"rendered":"Les pronostics hippiques de S\u00e9bastien Mortagne : Mercredi 28 Janvier &#8211; RDL &#8211; La Radio qui Chante"},"content":{"rendered":"<ol>\n<li><a href=\"https:\/\/news.google.com\/rss\/articles\/CBMiXkFVX3lxTE9SZE92bnBwTTVNRVRHOUg1bW1sRldMX3N2aEtfVVJtb3ZKMWE2M1NFUEJCRTVYc2hnZUFSZ2FSeDN5d2lrajBPRGtDRW5FbTNhY0ltdDBud0g5aUhjb2c?oc=5\" target=\"_blank\" rel=\"noopener\">Les pronostics hippiques de S\u00e9bastien Mortagne : Mercredi 28 Janvier<\/a>&nbsp;&nbsp;RDL &#8211; La Radio qui Chante<\/li>\n<li><a href=\"https:\/\/news.google.com\/rss\/articles\/CBMisAFBVV95cUxORWFLZVo0WVNVN2Q1TngzYkpjRE4wdzRnRUNhcDdqdUcyand5TC02RnR4WDMzdTI3aVVqS2RYclhrV0M0bFNuUjR6MWR6d3NXQmZQNGU3MHlYaUR5alN0VHRNUjBfb3l3dDBmZUU1azR1cm5oSVJMNEwwaUxscjdIRzVETjJOb09fYlpDNXZjSUE1NE5lbUdJLTZTZV9XNnYwdG1jT0FEN2VPS21LT0N5Qg?oc=5\" target=\"_blank\" rel=\"noopener\">Les pronos hippiques du mercredi 28 janvier 2026<\/a>&nbsp;&nbsp;RMC Sport<\/li>\n<li><a href=\"https:\/\/news.google.com\/rss\/articles\/CBMi-gFBVV95cUxOQ2RrRnVQS1JqbUVfXzk2Smh5cksyazRRNjdCMVZGUGFITVFKNW81bmdISVdsZmhUc3dJcXpKMWxnVWZjY3IyTmV4WUVBWEhDWjQxdFZZS2xySmRZR09ROGRDYXBBcG9UNXdnN19UT2M1Mzc0T2pod0dUZTFjY3dHbDhIT21Cd0NzZjhYbEMxMl9ObHptN1kybkRJQWtQRDgxR3JoUEJ4RFdselN0OGxnaDR0TFFHS1BnT0NlZWRRZ3JQV2ppSm5kWmxCQzdKc0tMemFMTVJYVWJYV3pVcDg5Uy1jVk1tNEx1OXRMZnowT2hmQUZOYU5RYVd3?oc=5\" target=\"_blank\" rel=\"noopener\">Courses \u00e0 Pau : \u00e0 13h55 ce mercredi, l\u2019ultime Quint\u00e9 palois de l\u2019hiver tr\u00e8s difficile \u00e0 d\u00e9chiffrer<\/a>&nbsp;&nbsp;larepubliquedespyrenees.fr<\/li>\n<li><a href=\"https:\/\/news.google.com\/rss\/articles\/CBMirAFBVV95cUxQZWtJYUkzbmd5TGdYRzVXcnJsZEpkd3Y3Q0l6aW12REZmQkkxbERLU1JEbnk1cHpFUmowUEZhQ19wZFRFUWdCSkxWRzZkdFYyRGlLdDBnTUtNT0dLcjhFYjhUa3o0dHdIQjUzZ3hNTXVFMlVRQk5wOVdmMWo0SWxnOF9lMDBGSmVnYjdSOHFrMmppWEVNMlBOZkZXeWVwdnFvdEhDZEhEUGxOV1B3?oc=5\" target=\"_blank\" rel=\"noopener\">Faites le papier du Quint\u00e9+ de ce mercredi 28 janvier<\/a>&nbsp;&nbsp;Equidia<\/li>\n<li><a href=\"https:\/\/news.google.com\/rss\/articles\/CBMiqAFBVV95cUxNSjdqZTlvWG8tNjBJYzVDaDNjR3VNbW1aRVNwb2hNR3JjQlAtTFEzUHNSMjJJY290VC1xNndudUV5Z3FIWlJIWWx1aHFib1JYSWpDbTVBbG1PVWtYSmZnTVFYc1dEejlJcS1fOG1jYkFHYTFUOGs2dE01TFZ5cnc2YVF3aDk0a0N5YjdjMWhqV2k3eGhiZW14a0ZqTE56NG5lTDMyUWJmTW8?oc=5\" target=\"_blank\" rel=\"noopener\">Quint\u00e9 du mercredi 28 janvier 2026 \u00e0 Pau : les pronostics<\/a>&nbsp;&nbsp;RTL.fr<\/li>\n<\/ol>\n","protected":false},"excerpt":{"rendered":"Les pronostics hippiques de S\u00e9bastien Mortagne : Mercredi 28 Janvier&nbsp;&nbsp;RDL &#8211; La Radio qui Chante Les pronos hippiques&hellip;\n","protected":false},"author":2,"featured_media":693981,"comment_status":"","ping_status":"","sticky":false,"template":"","format":"standard","meta":{"footnotes":""},"categories":[1355],"tags":[119,11,3723,37292,9420,58,920,33,59,1011,27,37289,37290,1114,303,37291,4253,5672,1361,873,12,1308,37294,23862,1072,1825,37288,37293,37295,71,1097],"class_list":{"0":"post-693980","1":"post","2":"type-post","3":"status-publish","4":"format-standard","5":"has-post-thumbnail","7":"category-musique","8":"tag-accident","9":"tag-actualites","10":"tag-actus","11":"tag-bethune","12":"tag-calais","13":"tag-divertissement","14":"tag-dunkerque","15":"tag-economie","16":"tag-entertainment","17":"tag-fr","18":"tag-france","19":"tag-info-locale","20":"tag-info-regionale","21":"tag-infos","22":"tag-justice","23":"tag-le-voix-du-nord","24":"tag-lens","25":"tag-montreuil","26":"tag-music","27":"tag-musique","28":"tag-news","29":"tag-nord","30":"tag-nord-littoral","31":"tag-pas-de-calais","32":"tag-police","33":"tag-radio","34":"tag-rdl","35":"tag-saint-omer","36":"tag-saint-pol-sur-ternoise","37":"tag-sante","38":"tag-trafic"},"share_on_mastodon":{"url":"https:\/\/pubeurope.com\/@fr\/115970263206256079","error":""},"_links":{"self":[{"href":"https:\/\/www.europesays.com\/fr\/wp-json\/wp\/v2\/posts\/693980","targetHints":{"allow":["GET"]}}],"collection":[{"href":"https:\/\/www.europesays.com\/fr\/wp-json\/wp\/v2\/posts"}],"about":[{"href":"https:\/\/www.europesays.com\/fr\/wp-json\/wp\/v2\/types\/post"}],"author":[{"embeddable":true,"href":"https:\/\/www.europesays.com\/fr\/wp-json\/wp\/v2\/users\/2"}],"replies":[{"embeddable":true,"href":"https:\/\/www.europesays.com\/fr\/wp-json\/wp\/v2\/comments?post=693980"}],"version-history":[{"count":0,"href":"https:\/\/www.europesays.com\/fr\/wp-json\/wp\/v2\/posts\/693980\/revisions"}],"wp:featuredmedia":[{"embeddable":true,"href":"https:\/\/www.europesays.com\/fr\/wp-json\/wp\/v2\/media\/693981"}],"wp:attachment":[{"href":"https:\/\/www.europesays.com\/fr\/wp-json\/wp\/v2\/media?parent=693980"}],"wp:term":[{"taxonomy":"category","embeddable":true,"href":"https:\/\/www.europesays.com\/fr\/wp-json\/wp\/v2\/categories?post=693980"},{"taxonomy":"post_tag","embeddable":true,"href":"https:\/\/www.europesays.com\/fr\/wp-json\/wp\/v2\/tags?post=693980"}],"curies":[{"name":"wp","href":"https:\/\/api.w.org\/{rel}","templated":true}]}}