{"id":693988,"date":"2026-01-28T02:05:11","date_gmt":"2026-01-28T02:05:11","guid":{"rendered":"https:\/\/www.europesays.com\/fr\/693988\/"},"modified":"2026-01-28T02:05:11","modified_gmt":"2026-01-28T02:05:11","slug":"jamel-debbouze-a-la-star-academy-sa-fille-lila-14-ans-fait-une-apparition-et-elle-lui-ressemble-trait-pour-trait","status":"publish","type":"post","link":"https:\/\/www.europesays.com\/fr\/693988\/","title":{"rendered":"Jamel Debbouze \u00e0 la Star Academy : sa fille Lila, 14 ans, fait une apparition et elle lui ressemble trait pour trait !"},"content":{"rendered":"<p>Les visites surprises s\u2019encha\u00eenent au <strong>ch\u00e2teau de<br \/>\nDammarie-les-Lys<\/strong>. En effet, apr\u00e8s la visite de<br \/>\n<strong>Thomas Jolly<\/strong>, directeur artistique des c\u00e9r\u00e9monies<br \/>\nolympiques de Paris 2024, les trois demi-finalistes de la<br \/>\n<strong>Star Academy<\/strong> ont re\u00e7u la visite de<br \/>\n<a href=\"https:\/\/www.closermag.fr\/people\/jamel-debbouze-un-peu-moche-son-rapport-douloureux-a-son-physique-1610425\" target=\"_blank\" rel=\"noopener\"><br \/>\nJamel Debbouze<\/a> et de <strong>Philippe Lacheau<\/strong>, le<br \/>\nlundi 26 janvier dernier. Tr\u00e8s proche du prof de th\u00e9\u00e2tre, Papy, les<br \/>\ndeux stars se sont incrust\u00e9es pendant le cours de th\u00e9\u00e2tre du<br \/>\nch\u00e2teau.<\/p>\n<p>Aussi ravi que les acad\u00e9miciens d\u2019\u00eatre pr\u00e9sent au ch\u00e2teau, le<br \/>\nmari de <strong>M\u00e9lissa Theuriau<\/strong> n\u2019a pas manqu\u00e9 de faire<br \/>\nsavoir combien sa fille, <a href=\"https:\/\/www.closermag.fr\/people\/jamel-debbouze-filme-avec-sa-fille-lila-contre-son-gre-le-comedien-tente-de-rectifier-le-tir-en-live-3559240\" target=\"_blank\" rel=\"noopener\"><br \/>\nLila<\/a>, \u00e9tait fan de l\u2019\u00e9mission. \u00ab\u00a0Ma fille, elle<br \/>\n<strong>me mange le cerveau avec vous<\/strong>. Je<br \/>\nconnais vos vies par c\u0153ur\u00a0\u00bb, avait plaisant\u00e9 l\u2019humoriste.<br \/>\nAmbiance tr\u00e8s d\u00e9contract\u00e9e, l\u2019acteur de 50 ans a fait d\u2019autres<br \/>\nconfidence sur sa fille \u00e2g\u00e9e de 14 ans. Notamment qu\u2019elle r\u00eavait de<br \/>\n<strong>jouer dans une com\u00e9die musicale<\/strong>.<\/p>\n<p>Jamel Debbouze \u00e0 la Star Academy : l\u2019apparition de Lila fait<br \/>\nsensation<\/p>\n<p>Apr\u00e8s la rencontre tr\u00e8s enjou\u00e9e de <strong>Jamel<br \/>\nDebbouze<\/strong> et de <a href=\"https:\/\/www.closermag.fr\/people\/un-lit-quon-partage-philippe-lacheau-gene-apres-une-remarque-ambigue-de-vanessa-guide-3278052\" target=\"_blank\" rel=\"noopener\"><br \/>\nPhilippe Lacheau<\/a> avec les acad\u00e9miciens, les deux stars avaient<br \/>\nassouvi leur curiosit\u00e9 en scrutant chaque recoin du ch\u00e2teau.<br \/>\nExplorant avec beaucoup d\u2019int\u00e9r\u00eat chaque pi\u00e8ce, ils sont finalement<br \/>\ntomb\u00e9s sur <strong>le c\u00e9l\u00e8bre t\u00e9l\u00e9phone rouge<\/strong> du ch\u00e2teau<br \/>\nde Dammarie-les-Lys. Il s\u2019agit bien du t\u00e9l\u00e9phone que les candidats<br \/>\nutilisent pour contacter leurs proches.<\/p>\n<p>C\u2019est alors que le papa de L\u00e9on et Lila a eu l\u2019id\u00e9e<br \/>\nd\u2019<strong>appeler sa fille en direct<\/strong>. Une initiative qui<br \/>\navait cr\u00e9\u00e9 beaucoup d\u2019\u00e9motions. Apr\u00e8s tout, la jeune fille de 14<br \/>\nans avait <strong>imm\u00e9diatement reconnu le num\u00e9ro<\/strong><br \/>\nappelant. \u00ab\u00a0Oh my God ! C&rsquo;est la <a href=\"https:\/\/www.telestar.fr\/tele_realite\/exclu-sarah-star-academy-si-jetais-allee-en-finale-jaurais-adore-faire-un-tableau-sur-1752179\" target=\"_blank\" rel=\"noopener\"><br \/>\nStar Ac<\/a>&lsquo; ? <strong>Je vous aime<br \/>\ntrop<\/strong> !\u00a0\u00bb, avait-elle alors lanc\u00e9 avec<br \/>\nbeaucoup de joie et d\u2019enthousiasme.<\/p>\n<blockquote class=\"instagram-media\" style=\"background: #ffffff;border: 0;margin: 1px;width: 100%;padding: 0;max-width: 500px;\" data-instgrm-permalink=\"https:\/\/www.instagram.com\/reel\/DUBdfRdkhwA\/?utm_source=ig_web_copy_link&amp;igsh=MzRlODBiNWFlZA==\" data-instgrm-version=\"14\"\/><p>\nJamel Debbouze : Lila met en garde son<br \/>\np\u00e8re !<\/p>\n<p>Tel p\u00e8re, telle fille, Lila avait \u00e9galement mis en garde<br \/>\n<strong>Jamel Debbouze<\/strong> par t\u00e9l\u00e9phone. Sur un ton<br \/>\nhumoristique, elle avait lanc\u00e9 : \u00ab\u00a0Papa, <strong>t&rsquo;es<br \/>\ngentil avec eux<\/strong> !\u00a0\u00bb. Apr\u00e8s quoi, la jeune<br \/>\nfille, portrait crach\u00e9 de son p\u00e8re, en a profit\u00e9 pour faire passer<br \/>\ndes messages personnalis\u00e9s \u00e0 chaque candidat. Un moment inoubliable<br \/>\n!<\/p>\n<p>Si Jamel Debbouze n\u2019a pas \u00e9t\u00e9 m\u00e9chant avec les trois<br \/>\ndemi-finalistes, il avait tout de m\u00eame pos\u00e9 des questions<br \/>\nd\u00e9licates. Les acad\u00e9miciens n\u2019avaient pas d\u00e9voil\u00e9 le professeur<br \/>\nqu\u2019elles aimaient le moins. Seulement, chacun avait volontiers<br \/>\nd\u00e9voil\u00e9 le professeur qui l\u2019intimidait le plus.<\/p>\n<p><script async src=\"\/\/www.instagram.com\/embed.js\"><\/script><\/p>\n","protected":false},"excerpt":{"rendered":"Les visites surprises s\u2019encha\u00eenent au ch\u00e2teau de Dammarie-les-Lys. En effet, apr\u00e8s la visite de Thomas Jolly, directeur artistique&hellip;\n","protected":false},"author":2,"featured_media":693989,"comment_status":"","ping_status":"","sticky":false,"template":"","format":"standard","meta":{"footnotes":""},"categories":[8],"tags":[21303,58,59,1011,27,70426,65861],"class_list":{"0":"post-693988","1":"post","2":"type-post","3":"status-publish","4":"format-standard","5":"has-post-thumbnail","7":"category-divertissement","8":"tag-buzz_nonli","9":"tag-divertissement","10":"tag-entertainment","11":"tag-fr","12":"tag-france","13":"tag-marfeel_news","14":"tag-trend"},"share_on_mastodon":{"url":"https:\/\/pubeurope.com\/@fr\/115970278925676138","error":""},"_links":{"self":[{"href":"https:\/\/www.europesays.com\/fr\/wp-json\/wp\/v2\/posts\/693988","targetHints":{"allow":["GET"]}}],"collection":[{"href":"https:\/\/www.europesays.com\/fr\/wp-json\/wp\/v2\/posts"}],"about":[{"href":"https:\/\/www.europesays.com\/fr\/wp-json\/wp\/v2\/types\/post"}],"author":[{"embeddable":true,"href":"https:\/\/www.europesays.com\/fr\/wp-json\/wp\/v2\/users\/2"}],"replies":[{"embeddable":true,"href":"https:\/\/www.europesays.com\/fr\/wp-json\/wp\/v2\/comments?post=693988"}],"version-history":[{"count":0,"href":"https:\/\/www.europesays.com\/fr\/wp-json\/wp\/v2\/posts\/693988\/revisions"}],"wp:featuredmedia":[{"embeddable":true,"href":"https:\/\/www.europesays.com\/fr\/wp-json\/wp\/v2\/media\/693989"}],"wp:attachment":[{"href":"https:\/\/www.europesays.com\/fr\/wp-json\/wp\/v2\/media?parent=693988"}],"wp:term":[{"taxonomy":"category","embeddable":true,"href":"https:\/\/www.europesays.com\/fr\/wp-json\/wp\/v2\/categories?post=693988"},{"taxonomy":"post_tag","embeddable":true,"href":"https:\/\/www.europesays.com\/fr\/wp-json\/wp\/v2\/tags?post=693988"}],"curies":[{"name":"wp","href":"https:\/\/api.w.org\/{rel}","templated":true}]}}