{"id":693992,"date":"2026-01-28T02:07:15","date_gmt":"2026-01-28T02:07:15","guid":{"rendered":"https:\/\/www.europesays.com\/fr\/693992\/"},"modified":"2026-01-28T02:07:15","modified_gmt":"2026-01-28T02:07:15","slug":"la-france-impose-visio-dici-2027","status":"publish","type":"post","link":"https:\/\/www.europesays.com\/fr\/693992\/","title":{"rendered":"la France impose Visio d&rsquo;ici 2027"},"content":{"rendered":"<p>Pour imposer Visio, son alternative souveraine \u00e0 Teams et Zoom, la France entend passer en force. D\u2019ici \u00e0 2027, l\u2019acc\u00e8s aux plateformes \u00e9trang\u00e8res sera techniquement coup\u00e9 sur le r\u00e9seau interminist\u00e9riel, obligeant l\u2019administration \u00e0 basculer vers une solution 100 % fran\u00e7aise.<\/p>\n<p>Utiliser de la visio, c\u2019est bien. Mais employer de la visio fran\u00e7aise, c\u2019est mieux. Voil\u00e0 en somme la philosophie qui a pr\u00e9sid\u00e9 \u00e0 la d\u00e9cision de Paris de <a href=\"https:\/\/www.numerama.com\/cyberguerre\/2167301-la-france-veut-remplacer-microsoft-teams-et-google-meet-par-visio-un-outil-souverain-pour-les-appels-video.html\" target=\"_blank\" rel=\"noopener\">privil\u00e9gier \u00e0 l\u2019avenir un outil souverain de visioconf\u00e9rence<\/a>, plut\u00f4t que de compter sur une solution \u00e9trang\u00e8re (Google Meet, Microsoft Teams, Zoom, WebEx, qui viennent toutes des \u00c9tats-Unis), aussi performante soit-elle.<\/p>\n<p>Cette migration vers un logiciel de visioconf\u00e9rence 100 % hexagonal a \u00e9t\u00e9 officialis\u00e9e le 26 janvier 2026 dans une annonce du minist\u00e8re charg\u00e9 de la fonction publique et de la r\u00e9forme de l\u2019\u00c9tat. \u00ab L\u2019objectif : mettre fin \u00e0 l\u2019utilisation de solutions extra-europ\u00e9ennes [et] garantir la s\u00e9curit\u00e9 et la confidentialit\u00e9 des communications \u00e9lectroniques publiques. \u00bb<\/p>\n<p>Une migration forc\u00e9e d\u2019ici \u00e0 2027<\/p>\n<p>Mais cette bascule ne se fera pas d\u2019un coup de baguette magique. Pour que l\u2019ensemble de l\u2019administration op\u00e8re cette transition vers <a href=\"https:\/\/lasuite.numerique.gouv.fr\/produits\/visio\" target=\"_blank\" rel=\"noreferrer noopener\">Visio<\/a> (le nom de l\u2019outil d\u00e9velopp\u00e9 par la direction interminist\u00e9rielle du Num\u00e9rique \u2014 DINUM), le pays se donne un an. La g\u00e9n\u00e9ralisation de Visio devra \u00eatre achev\u00e9e d\u2019ici \u00e0 2027, selon le calendrier avanc\u00e9 par le minist\u00e8re.<\/p>\n<p>Et il n\u2019y aura pas le choix. Guillaume Rozier, qui officie comme conseiller en strat\u00e9gie num\u00e9rique publique aupr\u00e8s de la pr\u00e9sidence de la R\u00e9publique, a fait savoir sur X le 27 janvier que l\u2019\u00c9tat pr\u00e9voit la mani\u00e8re forte pour imposer cette solution souveraine. Tous les autres flux de visioconf\u00e9rence finiront par \u00eatre bloqu\u00e9s sur les r\u00e9seaux internes de l\u2019\u00c9tat.<\/p>\n<p><a href=\"https:\/\/www.numerama.com\/wp-content\/uploads\/2026\/01\/img-0331.jpeg\" target=\"_blank\" rel=\"noopener\"><img decoding=\"async\" width=\"1024\" height=\"576\" loading=\"lazy\" alt=\"Visio, le logiciel souverain fran\u00e7ais pour les appels vid\u00e9o. \/\/ Source : Numerama\" title=\"Visio, le logiciel souverain fran\u00e7ais pour les appels vid\u00e9o. \/\/ Source : Numerama\" class=\"wp-image-2167427 placeholder-default wp-image\" src=\"https:\/\/www.europesays.com\/fr\/wp-content\/uploads\/2026\/01\/img-0331-1024x576.jpeg\" \/><\/a>Visio, le logiciel souverain fran\u00e7ais pour les appels vid\u00e9o. \/\/ Source : Numerama<\/p>\n<p>\u00ab Concernant [cette annonce], c\u2019est une it\u00e9ration concr\u00e8te : Visio existe d\u00e9j\u00e0 et est actuellement utilis\u00e9e par de nombreux agents. Dans le courant de l\u2019ann\u00e9e, tous les flux r\u00e9seau des autres services de visio seront bloqu\u00e9s sur le r\u00e9seau interminist\u00e9riel de l\u2019\u00c9tat (RIE) \u00bb, <a href=\"https:\/\/x.com\/GuillaumeRozier\/status\/2015825702403059982\" target=\"_blank\" rel=\"noreferrer noopener\">a-t-il comment\u00e9<\/a>. \u00c0 ce stade, aucun calendrier particulier n\u2019a \u00e9t\u00e9 avanc\u00e9.<\/p>\n<p>Cette mesure ne concerne donc ni les internautes au sens large, ni m\u00eame les agents du service public dans leur vie priv\u00e9e, mais bien les activit\u00e9s en ligne de ces derniers lorsqu\u2019ils sont en fonction. Le RIE est le r\u00e9seau informatique de l\u2019\u00c9tat. Ce service, g\u00e9r\u00e9 par la DINUM, interconnecte tous les minist\u00e8res et toutes les administrations centrales.<\/p>\n<p>Ainsi, en agissant directement au niveau de cette infrastructure critique, les autorit\u00e9s entendent s\u2019assurer que cette nouvelle r\u00e8gle ne puisse pas \u00eatre contourn\u00e9e techniquement. Les logiciels comme Teams ou Zoom ne seront en principe pas en capacit\u00e9 de joindre leurs serveurs depuis un poste de travail connect\u00e9 \u00e0 ce r\u00e9seau officiel.<\/p>\n<p>S\u2019affranchir de la d\u00e9pendance am\u00e9ricaine<\/p>\n<p>Le contexte politique international n\u2019appara\u00eet pas \u00e9tranger \u00e0 cette bascule vers Visio. La politique agressive de l\u2019administration Trump envers l\u2019Union europ\u00e9enne coupl\u00e9e \u00e0 un exercice beaucoup plus d\u00e9brid\u00e9 et assum\u00e9 de la puissance (y compris militaire) ont agi comme un v\u00e9ritable carburant en faveur d\u2019une plus grande ind\u00e9pendance du Vieux Continent.<\/p>\n<p>Le mouvement d\u2019\u00e9mancipation \u00e0 l\u2019\u00e9gard de la tech am\u00e9ricaine existe depuis longtemps et de nombreuses alternatives tout \u00e0 fait valables existent dans de nombreux domaines et pour de nombreux logiciels et services (<a href=\"https:\/\/www.numerama.com\/tech\/2166429-envie-de-quitter-chatgpt-lamericain-voila-deux-chatbots-made-in-europe.html\" target=\"_blank\" rel=\"noopener\">ChatGPT<\/a>, <a href=\"https:\/\/www.numerama.com\/tech\/1979753-et-si-vous-changiez-de-messagerie-decouvrez-ces-alternatives-europeennes-a-whatsapp.html\" target=\"_blank\" rel=\"noopener\">WhatsApp<\/a>, <a href=\"https:\/\/www.numerama.com\/tech\/1949631-envie-de-lacher-gmail-voila-deux-excellents-webmails-made-in-europe.html\" target=\"_blank\" rel=\"noopener\">Gmail<\/a>, <a href=\"https:\/\/www.numerama.com\/tech\/1970725-les-meilleures-alternatives-europeennes-a-google-drive.html\" target=\"_blank\" rel=\"noopener\">Google Drive<\/a>, <a href=\"https:\/\/www.numerama.com\/tech\/1944067-il-ny-a-pas-que-google-translate-dans-la-vie-les-meilleures-alternatives-europeennes.html\" target=\"_blank\" rel=\"noopener\">Google Translate<\/a>, etc.). Mais sa vigueur est bien plus forte aujourd\u2019hui, sous les coups de boutoir de Washington.<\/p>\n<p>Ce ph\u00e9nom\u00e8ne ne touche d\u2019ailleurs pas que les particuliers. L\u2019administration aussi est gagn\u00e9e par <a href=\"https:\/\/www.numerama.com\/tag\/souverainete-numerique\/\" target=\"_blank\" rel=\"noopener\">cette vague de souverainet\u00e9 tech<\/a>. Elle non plus n\u2019est pas r\u00e9cente, mais \u00e9tait inconstante. Elle semble davantage se concr\u00e9tiser depuis quelques ann\u00e9es. En tout cas, les projets fleurissent : Visio, mais aussi <a href=\"https:\/\/www.numerama.com\/tech\/1575168-pourquoi-les-ministres-vont-devoir-renoncer-a-whatsapp-signal-et-telegram.html\" target=\"_blank\" rel=\"noopener\">Tchap<\/a> et <a href=\"https:\/\/www.numerama.com\/tech\/953285-questions-sur-olvid-app-francaise-messagerie-securisee.html\" target=\"_blank\" rel=\"noopener\">Olvid<\/a> (des messageries s\u00e9curis\u00e9es), ou <a href=\"https:\/\/www.numerama.com\/telecharger\/la-suite-numerique.html\" target=\"_blank\" rel=\"noopener\">la Suite Num\u00e9rique<\/a>.<\/p>\n<p><a href=\"https:\/\/www.numerama.com\/wp-content\/uploads\/2025\/04\/google-meet.jpg\" target=\"_blank\" rel=\"noopener\"><img decoding=\"async\" width=\"1024\" height=\"640\" loading=\"lazy\" alt=\"Google Meet, une int\u00e9gration parfaite avec l\u2019\u00e9cosyst\u00e8me Google\" title=\"Google Meet, une int\u00e9gration parfaite avec l\u2019\u00e9cosyst\u00e8me Google\" class=\"wp-image-1951319 placeholder-default wp-image\" src=\"https:\/\/www.europesays.com\/fr\/wp-content\/uploads\/2026\/01\/google-meet-1024x640.jpg\" \/><\/a>Google Meet, une int\u00e9gration parfaite avec l\u2019\u00e9cosyst\u00e8me Google. \/\/ Source : Google<\/p>\n<p>La souverainet\u00e9 tech a des allures de travaux hercul\u00e9ens, avec des chantiers qui paraissent titanesques \u00e0 achever. Comment, en effet, se d\u00e9faire de la domination extr\u00eame des Am\u00e9ricains dans les paiements (Visa et Mastercard), des syst\u00e8mes d\u2019exploitation (Android, Windows, Mac, iOS) ou encore de certains mat\u00e9riels (les composants pour l\u2019IA) ?<\/p>\n<p>Mais il faut bien commencer quelque part, y compris sur des briques de la tech qui ont l\u2019air anodines. Par ailleurs, d\u2019aucuns diront que r\u00e9duire la voilure reste pr\u00e9f\u00e9rable \u00e0 l\u2019inaction, m\u00eame si on n\u2019aboutit pas \u00e0 une souverainet\u00e9 et une autonomie totales. Au moins, les leviers de pression sur l\u2019ind\u00e9pendance seront moindres.<\/p>\n<p>Reste, au-del\u00e0 des principes g\u00e9n\u00e9raux, la r\u00e9alit\u00e9 du terrain et des besoins concrets des agents. Par exemple, on peut <a href=\"https:\/\/x.com\/AlexArchambault\/status\/2016063278124847125\" target=\"_blank\" rel=\"noreferrer noopener\">craindre des frictions<\/a> dans le cas de tentatives d\u2019appels en visio avec des personnes ext\u00e9rieures au RIE (des particuliers, des agents \u00e9trangers dans le cadre d\u2019une coop\u00e9ration judiciaire ou polici\u00e8re, etc.) ou des <a href=\"https:\/\/x.com\/NaismithMiles1\/status\/2016066234601578508\" target=\"_blank\" rel=\"noreferrer noopener\">performances moindres<\/a>.<\/p>\n<p>Des enjeux de commodit\u00e9 et d\u2019efficacit\u00e9 qui ne sont \u00e9videmment pas ignor\u00e9s par la DINUM. D\u2019ailleurs, Visio peut accueillir des r\u00e9unions avec des externes, \u00e0 condition de fournir les liens ad\u00e9quats \u2014 ce qui a le m\u00e9rite de ne pas couper les agents fran\u00e7ais du monde ext\u00e9rieur. C\u2019est cl\u00e9 pour la r\u00e9ussite de Visio et l\u2019adh\u00e9sion du personnel.<\/p>\n<p>        <img decoding=\"async\" width=\"75\" height=\"75\" loading=\"eager\" alt=\"La Suite Num\u00e9rique \u2013 Icon\" title=\"La Suite Num\u00e9rique \u2013 Icon\" class=\"is-block wp-image\" fetchpriority=\"high\" src=\"https:\/\/www.europesays.com\/fr\/wp-content\/uploads\/2026\/01\/La-Suite-Numerique-Icon.png\" \/>    <\/p>\n<p>            <a href=\"https:\/\/www.numerama.com\/telecharger\/la-suite-numerique.html#download\" class=\"is-inline-flex btn m-1 is-align-items-center has-text-weight-bold\" target=\"_blank\" rel=\"nofollow noopener\"><br \/>\n            <strong>T\u00e9l\u00e9charger gratuitement<\/strong><\/p>\n<p>        <\/a><\/p>\n<p>            <img decoding=\"async\" src=\"https:\/\/www.europesays.com\/fr\/wp-content\/uploads\/2025\/12\/iPhone-16-pro-vDJtn9o4_vzSsPIGCFDc5.png\" alt=\"Toute l'actu tech en un clien d'oeil\"\/><\/p>\n<p class=\"card-install-pwa__title\">Toute l&rsquo;actu tech en un clin d&rsquo;\u0153il<\/p>\n<p class=\"card-install-pwa__description\">Ajoutez Numerama \u00e0 votre \u00e9cran d&rsquo;accueil et restez connect\u00e9s au futur !<\/p>\n<p>            <img decoding=\"async\" src=\"https:\/\/www.numerama.com\/wp-content\/themes\/numerama-next\/dist\/images\/premium\/logo-card-pwa-coupe-vCvPQ_Q_ysBNfqKp6w7gG.svg\" alt=\"Logo PWA\"\/><\/p>\n<p>       Installer Numerama<\/p>\n","protected":false},"excerpt":{"rendered":"Pour imposer Visio, son alternative souveraine \u00e0 Teams et Zoom, la France entend passer en force. D\u2019ici \u00e0&hellip;\n","protected":false},"author":2,"featured_media":693993,"comment_status":"","ping_status":"","sticky":false,"template":"","format":"standard","meta":{"footnotes":""},"categories":[6],"tags":[18506,35,33,34,1011,27,78922,78982,17311,78983,78923],"class_list":{"0":"post-693992","1":"post","2":"type-post","3":"status-publish","4":"format-standard","5":"has-post-thumbnail","7":"category-economie","8":"tag-administration","9":"tag-business","10":"tag-economie","11":"tag-economy","12":"tag-fr","13":"tag-france","14":"tag-google-meet","15":"tag-la-suite-numerique","16":"tag-service-public","17":"tag-visio","18":"tag-zoom"},"share_on_mastodon":{"url":"https:\/\/pubeurope.com\/@fr\/115970286997949381","error":""},"_links":{"self":[{"href":"https:\/\/www.europesays.com\/fr\/wp-json\/wp\/v2\/posts\/693992","targetHints":{"allow":["GET"]}}],"collection":[{"href":"https:\/\/www.europesays.com\/fr\/wp-json\/wp\/v2\/posts"}],"about":[{"href":"https:\/\/www.europesays.com\/fr\/wp-json\/wp\/v2\/types\/post"}],"author":[{"embeddable":true,"href":"https:\/\/www.europesays.com\/fr\/wp-json\/wp\/v2\/users\/2"}],"replies":[{"embeddable":true,"href":"https:\/\/www.europesays.com\/fr\/wp-json\/wp\/v2\/comments?post=693992"}],"version-history":[{"count":0,"href":"https:\/\/www.europesays.com\/fr\/wp-json\/wp\/v2\/posts\/693992\/revisions"}],"wp:featuredmedia":[{"embeddable":true,"href":"https:\/\/www.europesays.com\/fr\/wp-json\/wp\/v2\/media\/693993"}],"wp:attachment":[{"href":"https:\/\/www.europesays.com\/fr\/wp-json\/wp\/v2\/media?parent=693992"}],"wp:term":[{"taxonomy":"category","embeddable":true,"href":"https:\/\/www.europesays.com\/fr\/wp-json\/wp\/v2\/categories?post=693992"},{"taxonomy":"post_tag","embeddable":true,"href":"https:\/\/www.europesays.com\/fr\/wp-json\/wp\/v2\/tags?post=693992"}],"curies":[{"name":"wp","href":"https:\/\/api.w.org\/{rel}","templated":true}]}}