{"id":694006,"date":"2026-01-28T02:16:11","date_gmt":"2026-01-28T02:16:11","guid":{"rendered":"https:\/\/www.europesays.com\/fr\/694006\/"},"modified":"2026-01-28T02:16:11","modified_gmt":"2026-01-28T02:16:11","slug":"le-porte-avions-charles-de-gaulle-en-route-pour-latlantique","status":"publish","type":"post","link":"https:\/\/www.europesays.com\/fr\/694006\/","title":{"rendered":"Le porte-avions Charles de Gaulle en route pour l\u2019Atlantique"},"content":{"rendered":"<p>\n      Le groupe a\u00e9ronaval fran\u00e7ais a appareill\u00e9 de Toulon mardi 27 janvier pour un nouveau d\u00e9ploiement. Avec, pour commencer, l\u2019exercice interarm\u00e9es et interalli\u00e9s Orion, qui d\u00e9butera dans quelques jours en Atlantique et dans l\u2019ouest de la France.\n    <\/p>\n<p>C\u2019est par une m\u00e9t\u00e9o ex\u00e9crable que le Charles de Gaulle a quitt\u00e9 la base navale de Toulon mardi matin. \u00c0 la t\u00eate du groupe a\u00e9ronaval fran\u00e7ais, le porte-avions a mis le cap vers Gibraltar pour sortir de la M\u00e9diterran\u00e9e et entrer en Atlantique, o\u00f9 il n\u2019a pas \u00e9volu\u00e9 depuis 2020.\u00a0<\/p>\n<p>\u00a0<\/p>\n<p>      Le Charles de Gaulle quittant Toulon le 27 janvier.\u00a0<\/p>\n<p>\u00a0<\/p>\n<p>Habituellement, les d\u00e9ploiements du Charles de Gaulle sont d\u00e9taill\u00e9s par le minist\u00e8re des Arm\u00e9es, qui communique assez largement sur les grands objectifs de la mission et les r\u00e9gions que le groupe a\u00e9ronaval va traverser. Mais pas cette fois, la communication \u00e9tant particuli\u00e8rement restreinte alors que le contexte g\u00e9ostrat\u00e9gique est particuli\u00e8rement instable. D\u00e9cision a donc \u00e9t\u00e9 prise de m\u00e9nager autant que possible des marges de man\u0153uvre en en fonction de l\u2019\u00e9volution de la situation internationale, tr\u00e8s mouvante actuellement, des messages politiques \u00e0 envoyer et anticiper d\u2019\u00e9ventuels \u00e9v\u00e8nements qui viendraient modifier le parcours initial, pr\u00e9par\u00e9 de longue date.\u00a0<\/p>\n<p>Pour le moment, il n\u2019est donc question que de la participation du groupe a\u00e9ronaval (GAN) <a href=\"https:\/\/www.meretmarine.com\/fr\/defense\/le-groupe-aeronaval-francais-en-partance-pour-l-atlantique\" target=\"_blank\" rel=\"noopener\">\u00e0 Orion 26, le plus grand exercice interarm\u00e9es et interalli\u00e9s organis\u00e9 par les forces fran\u00e7aises, qui va se d\u00e9rouler de f\u00e9vrier \u00e0 avril, d\u2019abord en Atlantique et dans l\u2019ouest de l\u2019Hexagone<\/a>. Au plan naval, pas moins de 25 grands b\u00e2timents de combat de la Marine nationale et d\u2019autres nations vont y participer dans les semaines qui viennent. En plus du Charles de Gaulle et de son escorte, un groupe amphibie sera \u00e9galement mobilis\u00e9 afin de proc\u00e9der \u00e0 des op\u00e9rations de d\u00e9barquement sur les plages bretonnes. Deux porte-h\u00e9licopt\u00e8res amphibies (PHA) fran\u00e7ais devraient y participer et quitter prochainement Toulon pour rejoindre \u00e0 leur tour l&rsquo;Atlantique.\u00a0<\/p>\n<p>Autour du Charles de Gaulle et de son groupe a\u00e9rien embarqu\u00e9, comprenant une grosse vingtaine de Rafale Marine, des avions de guet a\u00e9rien Hawkeye et des h\u00e9licopt\u00e8res, la composition du GAN, plac\u00e9 sous l\u2019autorit\u00e9 du contre-amiral Thibault de Possesse, commandant de la force maritime de r\u00e9action rapide depuis le 25 ao\u00fbt dernier, n\u2019a pas \u00e9t\u00e9 pr\u00e9cis\u00e9e. Il semble, sans que la confirmation ait \u00e9t\u00e9 obtenue, que la fr\u00e9gate de d\u00e9fense a\u00e9rienne Chevalier Paul, la fr\u00e9gate multi-missions \u00e0 capacit\u00e9s de d\u00e9fense a\u00e9rienne renforc\u00e9es (FREMM DA) Alsace et le b\u00e2timent ravitailleur de forces (BRF) Jacques Chevallier soient de la partie. G\u00e9n\u00e9ralement, un sous-marin nucl\u00e9aire d\u2019attaque (SNA) est aussi int\u00e9gr\u00e9 au GAN. Celui-ci va de plus \u00eatre renforc\u00e9 avec des b\u00e2timents alli\u00e9s, dont tr\u00e8s probablement<a href=\"https:\/\/www.meretmarine.com\/fr\/defense\/la-fregate-italienne-andrea-doria-a-toulon\" target=\"_blank\" rel=\"noopener\"> la fr\u00e9gate italienne Andrea Doria, arriv\u00e9e \u00e0 Toulon vendredi dernier <\/a>et qui devait repartir au moment o\u00f9 le groupe a\u00e9ronaval quittait Toulon.\u00a0<\/p>\n<p>\u00a0<\/p>\n<p>      L&rsquo;Andrea Doria \u00e0 son arriv\u00e9e \u00e0 Toulon le 23 janvier.\u00a0<\/p>\n<p>\u00a0<\/p>\n<p>      L&rsquo;Andrea Doria \u00e0 son arriv\u00e9e \u00e0 Toulon le 23 janvier.\u00a0<\/p>\n<p>\u00a0<\/p>\n<p>      L&rsquo;Andrea Doria \u00e0 son arriv\u00e9e \u00e0 Toulon le 23 janvier.\u00a0<\/p>\n<p>\u00a0<\/p>\n<p>Logiquement, apr\u00e8s sa participation \u00e0 Orion, le GAN devrait poursuive son d\u00e9ploiement vers l&rsquo;Europe du Nord, surtout au moment o\u00f9 la France et l\u2019OTAN cherchent \u00e0 accro\u00eetre leur pr\u00e9sence militaire pour r\u00e9pondre aux pressions am\u00e9ricaines. Mais il se peut \u00e9galement, en cas de crise au Moyen-Orient si les Am\u00e9ricains en viennent \u00e0 frapper l\u2019Iran et que la situation d\u00e9g\u00e9n\u00e8re, que l\u2019armada fran\u00e7aise soit au besoin repositionn\u00e9e dans des eaux plus chaudes. Elle pourrait en effet contribuer \u00e0 prot\u00e9ger les approvisionnements strat\u00e9giques de l\u2019Europe transitant par le golfe Arabo-persique, ainsi que les pays alli\u00e9s et implantations militaires fran\u00e7aises dans la r\u00e9gion.\u00a0<\/p>\n<p>D\u2019o\u00f9 cette discr\u00e9tion sur la suite du d\u00e9ploiement du Charles de Gaulle, l\u2019absence de programme laissant \u00e0 Paris toute latitude pour employer librement ce puissant outil diplomatique et militaire en fonction des \u00e9v\u00e8nements et de la r\u00e9action que l&rsquo;ex\u00e9cutif souhaite y apporter.\u00a0<\/p>\n<p><strong>\u00a9 Un article de la r\u00e9daction de Mer et Marine.\u00a0Reproduction interdite sans consentement du ou des auteurs.\u00a0\u00a0<\/strong><\/p>\n<p>\u00a0<\/p>\n","protected":false},"excerpt":{"rendered":"Le groupe a\u00e9ronaval fran\u00e7ais a appareill\u00e9 de Toulon mardi 27 janvier pour un nouveau d\u00e9ploiement. Avec, pour commencer,&hellip;\n","protected":false},"author":2,"featured_media":694007,"comment_status":"","ping_status":"","sticky":false,"template":"","format":"standard","meta":{"footnotes":""},"categories":[9619],"tags":[1111,11,6130,6141,6131,6138,2380,6135,554,1777,6136,674,1011,27,6139,6134,3135,6128,567,6129,6127,12,6132,4838,882,6133,25,6140,6137,2310],"class_list":{"0":"post-694006","1":"post","2":"type-post","3":"status-publish","4":"format-standard","5":"has-post-thumbnail","7":"category-toulon","8":"tag-actu","9":"tag-actualites","10":"tag-chantiers","11":"tag-commando","12":"tag-construction-navale","13":"tag-costa","14":"tag-croisiere","15":"tag-dcns","16":"tag-defense","17":"tag-eu","18":"tag-euronaval","19":"tag-europe","20":"tag-fr","21":"tag-france","22":"tag-fremm","23":"tag-interviews","24":"tag-littoral","25":"tag-marine","26":"tag-marine-nationale","27":"tag-maritime","28":"tag-mer","29":"tag-news","30":"tag-offshore","31":"tag-peche","32":"tag-provence-alpes-cote-dazur","33":"tag-reportages","34":"tag-republique-francaise","35":"tag-sncm","36":"tag-stx","37":"tag-toulon"},"share_on_mastodon":{"url":"https:\/\/pubeurope.com\/@fr\/115970322205750594","error":""},"_links":{"self":[{"href":"https:\/\/www.europesays.com\/fr\/wp-json\/wp\/v2\/posts\/694006","targetHints":{"allow":["GET"]}}],"collection":[{"href":"https:\/\/www.europesays.com\/fr\/wp-json\/wp\/v2\/posts"}],"about":[{"href":"https:\/\/www.europesays.com\/fr\/wp-json\/wp\/v2\/types\/post"}],"author":[{"embeddable":true,"href":"https:\/\/www.europesays.com\/fr\/wp-json\/wp\/v2\/users\/2"}],"replies":[{"embeddable":true,"href":"https:\/\/www.europesays.com\/fr\/wp-json\/wp\/v2\/comments?post=694006"}],"version-history":[{"count":0,"href":"https:\/\/www.europesays.com\/fr\/wp-json\/wp\/v2\/posts\/694006\/revisions"}],"wp:featuredmedia":[{"embeddable":true,"href":"https:\/\/www.europesays.com\/fr\/wp-json\/wp\/v2\/media\/694007"}],"wp:attachment":[{"href":"https:\/\/www.europesays.com\/fr\/wp-json\/wp\/v2\/media?parent=694006"}],"wp:term":[{"taxonomy":"category","embeddable":true,"href":"https:\/\/www.europesays.com\/fr\/wp-json\/wp\/v2\/categories?post=694006"},{"taxonomy":"post_tag","embeddable":true,"href":"https:\/\/www.europesays.com\/fr\/wp-json\/wp\/v2\/tags?post=694006"}],"curies":[{"name":"wp","href":"https:\/\/api.w.org\/{rel}","templated":true}]}}