{"id":694025,"date":"2026-01-28T02:30:48","date_gmt":"2026-01-28T02:30:48","guid":{"rendered":"https:\/\/www.europesays.com\/fr\/694025\/"},"modified":"2026-01-28T02:30:48","modified_gmt":"2026-01-28T02:30:48","slug":"le-groupe-niortais-ima-reprend-une-societe-de-securite-en-liquidation","status":"publish","type":"post","link":"https:\/\/www.europesays.com\/fr\/694025\/","title":{"rendered":"Le groupe niortais IMA reprend une soci\u00e9t\u00e9 de s\u00e9curit\u00e9 en liquidation"},"content":{"rendered":"<p>Le groupe <a target=\"_self\" href=\"https:\/\/www.lanouvellerepublique.fr\/niort\/niort-700-a-800-emplois-nets-crees-et-une-vraie-percee-a-l-international-pour-ima-1749221466\" rel=\"noopener\">niortais IMA<\/a>, via sa filiale IMA Protect, annonce ce mardi 27\u00a0janvier 2026 avoir repris la totalit\u00e9 des activit\u00e9s de la soci\u00e9t\u00e9 Excelium, bas\u00e9e \u00e0 Nantes (Loire-Atlantique). Celle-ci travaille sur le march\u00e9 de la s\u00e9curit\u00e9. En liquidation judiciaire depuis octobre\u00a02025, elle \u00e9tait dans l\u2019attente d\u2019un repreneur. Une nouvelle entit\u00e9, IMA Protect Solutions, est cr\u00e9\u00e9e. Elle int\u00e9grera 80\u00a0% de l\u2019effectif d\u2019Excelium, qui employait 66 personnes lors de sa liquidation.<\/p>\n<p>\u00ab\u00a0IMA souhaite acc\u00e9l\u00e9rer sa trajectoire sur le march\u00e9 de la t\u00e9l\u00e9surveillance\u00a0\u00bb, explique le groupe pour justifier cet investissement. <a target=\"_self\" href=\"https:\/\/www.lanouvellerepublique.fr\/niort\/top-des-entreprises-deux-sevres-a-niort-ima-protect-filiale-d-inter-mutuelles-assistance-revolutionne-l-alarme\" rel=\"noopener\">IMA Protect<\/a> vend des syst\u00e8mes de s\u00e9curit\u00e9 (anti-intrusion, vid\u00e9osurveillance, contr\u00f4le d\u2019acc\u00e8s) et des services de vid\u00e9o ou t\u00e9l\u00e9surveillance. Bas\u00e9e \u00e0 Nantes et Angers (Maine-et-Loire), elle compte 115.000 clients partout en France. Sur ce march\u00e9, sa nouvelle entit\u00e9 IMA Protect Solutions va se consacrer \u00e0 la client\u00e8le des entreprises.<\/p>\n<p>Objectif affich\u00e9 par IMA Protect par la voix de son directeur d\u00e9l\u00e9gu\u00e9, Jean-Pierre Deleplanque\u00a0: \u00ab\u00a0Doubler le nombre de clients, le chiffre d\u2019affaires et recruter 200 collaborateurs d\u2019ici \u00e0 2030.\u00a0\u00bb<\/p>\n","protected":false},"excerpt":{"rendered":"Le groupe niortais IMA, via sa filiale IMA Protect, annonce ce mardi 27\u00a0janvier 2026 avoir repris la totalit\u00e9&hellip;\n","protected":false},"author":2,"featured_media":694026,"comment_status":"","ping_status":"","sticky":false,"template":"","format":"standard","meta":{"footnotes":""},"categories":[2818],"tags":[1392,1111,11,2545,33,1777,674,1011,27,766,12,6752,2636,25,656],"class_list":{"0":"post-694025","1":"post","2":"type-post","3":"status-publish","4":"format-standard","5":"has-post-thumbnail","7":"category-nantes","8":"tag-a-la-une-local","9":"tag-actu","10":"tag-actualites","11":"tag-deux-sevres","12":"tag-economie","13":"tag-eu","14":"tag-europe","15":"tag-fr","16":"tag-france","17":"tag-nantes","18":"tag-news","19":"tag-niort","20":"tag-pays-de-la-loire","21":"tag-republique-francaise","22":"tag-securite"},"share_on_mastodon":{"url":"https:\/\/pubeurope.com\/@fr\/115970381208376568","error":""},"_links":{"self":[{"href":"https:\/\/www.europesays.com\/fr\/wp-json\/wp\/v2\/posts\/694025","targetHints":{"allow":["GET"]}}],"collection":[{"href":"https:\/\/www.europesays.com\/fr\/wp-json\/wp\/v2\/posts"}],"about":[{"href":"https:\/\/www.europesays.com\/fr\/wp-json\/wp\/v2\/types\/post"}],"author":[{"embeddable":true,"href":"https:\/\/www.europesays.com\/fr\/wp-json\/wp\/v2\/users\/2"}],"replies":[{"embeddable":true,"href":"https:\/\/www.europesays.com\/fr\/wp-json\/wp\/v2\/comments?post=694025"}],"version-history":[{"count":0,"href":"https:\/\/www.europesays.com\/fr\/wp-json\/wp\/v2\/posts\/694025\/revisions"}],"wp:featuredmedia":[{"embeddable":true,"href":"https:\/\/www.europesays.com\/fr\/wp-json\/wp\/v2\/media\/694026"}],"wp:attachment":[{"href":"https:\/\/www.europesays.com\/fr\/wp-json\/wp\/v2\/media?parent=694025"}],"wp:term":[{"taxonomy":"category","embeddable":true,"href":"https:\/\/www.europesays.com\/fr\/wp-json\/wp\/v2\/categories?post=694025"},{"taxonomy":"post_tag","embeddable":true,"href":"https:\/\/www.europesays.com\/fr\/wp-json\/wp\/v2\/tags?post=694025"}],"curies":[{"name":"wp","href":"https:\/\/api.w.org\/{rel}","templated":true}]}}