{"id":694041,"date":"2026-01-28T02:41:23","date_gmt":"2026-01-28T02:41:23","guid":{"rendered":"https:\/\/www.europesays.com\/fr\/694041\/"},"modified":"2026-01-28T02:41:23","modified_gmt":"2026-01-28T02:41:23","slug":"comment-amine-kessaci-candidat-sous-protection-policiere-va-faire-campagne","status":"publish","type":"post","link":"https:\/\/www.europesays.com\/fr\/694041\/","title":{"rendered":"Comment Amine Kessaci, candidat sous protection polici\u00e8re, va faire campagne"},"content":{"rendered":"<p>A <a href=\"https:\/\/www.20minutes.fr\/marseille\/\" class=\"c-link c-link--is-underlined\" target=\"_blank\" rel=\"noopener\">Marseille<\/a>, le gilet pare-balles \u00e0 sa place dans le dressing de la campagne municipale d\u2019<a href=\"https:\/\/www.20minutes.fr\/societe\/4186802-20251122-narcotrafics-amine-kessaci-iconisation-essentielle-lutte-contre-trafic-drogue\" class=\"c-link c-link--is-underlined\" target=\"_blank\" rel=\"noopener\">Amine Kessaci. Le militant politique EELV, engag\u00e9 contre le narcotrafi<\/a>c, <a href=\"https:\/\/www.20minutes.fr\/politique\/4198157-20260126-municipales-2026-marseille-amine-kessaci-liste-maire-sortant-benoit-payan\" class=\"c-link c-link--is-underlined\" target=\"_blank\" rel=\"noopener\">a annonc\u00e9 ce lundi<\/a> rejoindre la liste du <a href=\"https:\/\/www.20minutes.fr\/politique\/printemps-marseillais\/\" class=\"c-link c-link--is-underlined\" target=\"_blank\" rel=\"noopener\">Printemps Marseillais<\/a>, emmen\u00e9e par <a href=\"https:\/\/www.20minutes.fr\/marseille\/benoit-payan\/\" class=\"c-link c-link--is-underlined\" target=\"_blank\" rel=\"noopener\">Beno\u00eet Payan<\/a>. Un ralliement qui intervient quelques semaines apr\u00e8s l\u2019enterrement de son fr\u00e8re Mehdi, assassin\u00e9 en novembre dernier dans un \u00ab\u00a0crime d\u2019intimidation\u00a0\u00bb.<\/p>\n<p>Le lancement de la campagne a \u00e9t\u00e9 fait dans les quartiers nord de Marseille, \u00e0 l\u2019Apr\u00e8s M, un ancien McDo repris par ses ex-salari\u00e9s au terme d\u2019une longue lutte sociale. Si en temps normal, ce type de d\u00e9placement est anodin, ici tout a \u00e9t\u00e9 calcul\u00e9 \u00e0 la minute pr\u00e8s car le jeune homme vit sous protection polici\u00e8re depuis plusieurs mois.<\/p>\n<p>\u00ab\u00a0Cela ne l\u2019emp\u00eachera en rien\u00a0\u00bb de participer \u00e0 la campagne<\/p>\n<p>\u00ab\u00a0Les menaces qui p\u00e8sent sur lui n\u00e9cessitent \u00e9videmment de s\u2019adapter, souligne-t-on du c\u00f4t\u00e9 de l\u2019organisation de la campagne du Printemps Marseillais. Mais cela ne l\u2019emp\u00eachera en rien d\u2019y participer pleinement. On fera en sorte qu\u2019il ne prenne aucun risque. Aussi, les dispositifs sont pr\u00e9vus et adapt\u00e9s en coop\u00e9ration avec les autorit\u00e9s\u00a0\u00bb. Des dispositifs dont ni les autorit\u00e9s ni l\u2019entourage d\u2019Amine Kessaci ne diront naturellement rien\u00a0: \u00ab\u00a0moins cela se sait, plus il est en s\u00e9curit\u00e9\u00a0\u00bb.<\/p>\n<\/p>\n<p>En mati\u00e8re de protection, le plus efficace reste de se fondre dans l\u2019anonymat. \u00ab\u00a0Cela complique tout lorsqu\u2019il s\u2019agit d\u2019homme ou de femme politique\u00a0\u00bb, explique Jean-Pierre Diot, vice pr\u00e9sident de la F\u00e9d\u00e9ration fran\u00e7aise de la protection rapproch\u00e9e et ancien garde du corps de Nicolas Sarkozy.<\/p>\n<p>\u00ab\u00a0Le plus difficile \u00e0 g\u00e9rer, ce sont les foules, bien plus que les r\u00e9unions ou les sommets qui se font dans des espaces contr\u00f4l\u00e9s\u00a0\u00bb, pr\u00e9cise l\u2019expert. G\u00e9n\u00e9ralement, un d\u00e9placement est pr\u00e9c\u00e9d\u00e9 d\u2019un minutieux travail d\u2019inspection. \u00ab\u00a0Quelques heures ou jours avant, un \u00ab\u00a0pr\u00e9curseur\u00a0\u00bb est charg\u00e9 de rep\u00e9rer l\u2019itin\u00e9raire, de s\u2019impr\u00e9gner de l\u2019endroit et de pr\u00e9voir des issues de secours des itin\u00e9raires d\u2019\u00e9vacuation d\u2019urgence. Cela afin de permettre de r\u00e9duire le temps de r\u00e9action en cas d\u2019incident\u00a0\u00bb, poursuit le professionnel.<\/p>\n<p>Audit de s\u00e9curit\u00e9 et protection rapproch\u00e9e<\/p>\n<p>Lors d\u2019une campagne \u00e9lectorale, il est in\u00e9vitable d\u2019\u00eatre sur le terrain, un moment de tension pour les \u00e9quipes de protection. \u00ab\u00a0Le protocole ordinaire veut qu\u2019il y ait dans le premier cercle 4 \u00e0 5 personnes. Un \u00e9l\u00e9ment avanc\u00e9, g\u00e9n\u00e9ralement qui a fait partie de l\u2019\u00e9quipe de reconnaissance, un flanc gauche, un droit, un \u201ckevlar\u201d &#8211; \u00e7a porte son nom &#8211; et un \u00e9vacuateur\u00a0\u00bb, liste Jean-Pierre Diot. Vient ensuite un second cercle, de \u00ab\u00a0lib\u00e9raux, qui circulent autour et reniflent un peu ce qu\u2019il se passe\u00a0\u00bb.<\/p>\n<p>Des sc\u00e8nes de protections rapproch\u00e9es auxquelles on risquerait bien d\u2019assister au cours de cette campagne marseillaise qui ne peut pas faire l\u2019\u00e9conomie d\u2019un d\u00e9bat et d\u2019un programme de lutte contre narcotrafic. \u00ab\u00a0Je suis sur un combat, sur une lutte \u00e0 mort que j\u2019ai entam\u00e9e avec le narcotrafic, avec tout ce dispositif de s\u00e9curit\u00e9 qu\u2019il y a autour de moi\u00a0\u00bb, r\u00e9sume \u00e0 20 Minutes Amine Kessaci, qui tient par ailleurs \u00e0 remercier toutes les personnes du service de protection.<\/p>\n<p>\u00ab\u00a0Une lutte \u00e0 mort\u00a0\u00bb<\/p>\n<p>Une \u00ab\u00a0lutte \u00e0 mort\u00a0\u00bb, selon les mots du jeune homme, qui entend mener au c\u00f4t\u00e9 du Printemps Marseillais, et faire de Marseille \u00ab\u00a0la vitrine nationale de lutte contre le narcotrafic\u00a0\u00bb, avant de structurer \u00ab\u00a0une association des maires de France contre le narcotrafic\u00a0\u00bb. Un programme qu\u2019Amine Kessaci compte porter tout au long de la campagne. Avec escorte et gilet pare-balles s\u2019il le faut, lui qui avait \u00e9t\u00e9 battu de justesse aux l\u00e9gislatives anticip\u00e9es de\u00a02024 dans les quartiers nord de Marseille.<\/p>\n","protected":false},"excerpt":{"rendered":"A Marseille, le gilet pare-balles \u00e0 sa place dans le dressing de la campagne municipale d\u2019Amine Kessaci. Le&hellip;\n","protected":false},"author":2,"featured_media":694042,"comment_status":"","ping_status":"","sticky":false,"template":"","format":"standard","meta":{"footnotes":""},"categories":[2814],"tags":[1111,47,11,6744,6469,885,2761,1777,674,1011,27,78986,32356,884,8721,12,883,4484,1072,316,4846,882,11681,25,104,887],"class_list":{"0":"post-694041","1":"post","2":"type-post","3":"status-publish","4":"format-standard","5":"has-post-thumbnail","7":"category-marseille","8":"tag-actu","9":"tag-actualite","10":"tag-actualites","11":"tag-assassinat","12":"tag-benoit-payan","13":"tag-bouches-du-rhone","14":"tag-elections-municipales-2026","15":"tag-eu","16":"tag-europe","17":"tag-fr","18":"tag-france","19":"tag-le-printemps-marseillais","20":"tag-les-ecologistes-eelv","21":"tag-marseille","22":"tag-narcotrafic","23":"tag-news","24":"tag-paca","25":"tag-parti-socialiste-ps","26":"tag-police","27":"tag-politique","28":"tag-protection","29":"tag-provence-alpes-cote-dazur","30":"tag-reglement-de-comptes","31":"tag-republique-francaise","32":"tag-societe","33":"tag-trafic-de-drogue"},"share_on_mastodon":{"url":"https:\/\/pubeurope.com\/@fr\/115970420425426637","error":""},"_links":{"self":[{"href":"https:\/\/www.europesays.com\/fr\/wp-json\/wp\/v2\/posts\/694041","targetHints":{"allow":["GET"]}}],"collection":[{"href":"https:\/\/www.europesays.com\/fr\/wp-json\/wp\/v2\/posts"}],"about":[{"href":"https:\/\/www.europesays.com\/fr\/wp-json\/wp\/v2\/types\/post"}],"author":[{"embeddable":true,"href":"https:\/\/www.europesays.com\/fr\/wp-json\/wp\/v2\/users\/2"}],"replies":[{"embeddable":true,"href":"https:\/\/www.europesays.com\/fr\/wp-json\/wp\/v2\/comments?post=694041"}],"version-history":[{"count":0,"href":"https:\/\/www.europesays.com\/fr\/wp-json\/wp\/v2\/posts\/694041\/revisions"}],"wp:featuredmedia":[{"embeddable":true,"href":"https:\/\/www.europesays.com\/fr\/wp-json\/wp\/v2\/media\/694042"}],"wp:attachment":[{"href":"https:\/\/www.europesays.com\/fr\/wp-json\/wp\/v2\/media?parent=694041"}],"wp:term":[{"taxonomy":"category","embeddable":true,"href":"https:\/\/www.europesays.com\/fr\/wp-json\/wp\/v2\/categories?post=694041"},{"taxonomy":"post_tag","embeddable":true,"href":"https:\/\/www.europesays.com\/fr\/wp-json\/wp\/v2\/tags?post=694041"}],"curies":[{"name":"wp","href":"https:\/\/api.w.org\/{rel}","templated":true}]}}