{"id":694044,"date":"2026-01-28T02:43:19","date_gmt":"2026-01-28T02:43:19","guid":{"rendered":"https:\/\/www.europesays.com\/fr\/694044\/"},"modified":"2026-01-28T02:43:19","modified_gmt":"2026-01-28T02:43:19","slug":"une-adolescente-sequestree-et-torturee-pres-de-lyon-ses-agresseurs-mineurs-arretes","status":"publish","type":"post","link":"https:\/\/www.europesays.com\/fr\/694044\/","title":{"rendered":"Une adolescente s\u00e9questr\u00e9e et tortur\u00e9e pr\u00e8s de Lyon, ses agresseurs mineurs arr\u00eat\u00e9s"},"content":{"rendered":"<p>Une adolescente de 15 ans a \u00e9t\u00e9 s\u00e9questr\u00e9e et violemment tortur\u00e9e dans un sous-sol au sud de Lyon par quatre mineurs, dont trois filles, qui ont \u00e9t\u00e9 arr\u00eat\u00e9s lundi, ont indiqu\u00e9 des sources proches de l&rsquo;enqu\u00eate.<\/p>\n<p>D\u00a0\u00bbhorribles s\u00e9vices\u00a0\u00bb<\/p>\n<p>La jeune fille, plac\u00e9e dans un foyer d&rsquo;Annecy, avait accompagn\u00e9 son ex-petit ami de 17 ans jusqu&rsquo;\u00e0 Oullins-Pierre-B\u00e9nite, dans le Rh\u00f4ne, avant d&rsquo;y \u00eatre violemment prise \u00e0 partie par le gar\u00e7on et trois de ses amies mineures, qui lui ont inflig\u00e9 d'\u00a0\u00bbhorribles s\u00e9vices\u00a0\u00bb, a expliqu\u00e9 \u00e0 l&rsquo;AFP une de ces sources confirmant une information r\u00e9v\u00e9l\u00e9e par le quotidien Le Progr\u00e8s.<\/p>\n","protected":false},"excerpt":{"rendered":"Une adolescente de 15 ans a \u00e9t\u00e9 s\u00e9questr\u00e9e et violemment tortur\u00e9e dans un sous-sol au sud de Lyon&hellip;\n","protected":false},"author":2,"featured_media":694045,"comment_status":"","ping_status":"","sticky":false,"template":"","format":"standard","meta":{"footnotes":""},"categories":[1889],"tags":[5734,1111,11,13008,2430,1777,674,274,1011,27,2428,12,3762,25,60305,2407,78987,96],"class_list":{"0":"post-694044","1":"post","2":"type-post","3":"status-publish","4":"format-standard","5":"has-post-thumbnail","7":"category-lyon","8":"tag-5734","9":"tag-actu","10":"tag-actualites","11":"tag-adolescente","12":"tag-auvergne-rhone-alpes","13":"tag-eu","14":"tag-europe","15":"tag-faits-divers-justice","16":"tag-fr","17":"tag-france","18":"tag-lyon","19":"tag-news","20":"tag-pres","21":"tag-republique-francaise","22":"tag-sequestree","23":"tag-ses","24":"tag-torturee","25":"tag-une"},"share_on_mastodon":{"url":"https:\/\/pubeurope.com\/@fr\/115970428240612658","error":""},"_links":{"self":[{"href":"https:\/\/www.europesays.com\/fr\/wp-json\/wp\/v2\/posts\/694044","targetHints":{"allow":["GET"]}}],"collection":[{"href":"https:\/\/www.europesays.com\/fr\/wp-json\/wp\/v2\/posts"}],"about":[{"href":"https:\/\/www.europesays.com\/fr\/wp-json\/wp\/v2\/types\/post"}],"author":[{"embeddable":true,"href":"https:\/\/www.europesays.com\/fr\/wp-json\/wp\/v2\/users\/2"}],"replies":[{"embeddable":true,"href":"https:\/\/www.europesays.com\/fr\/wp-json\/wp\/v2\/comments?post=694044"}],"version-history":[{"count":0,"href":"https:\/\/www.europesays.com\/fr\/wp-json\/wp\/v2\/posts\/694044\/revisions"}],"wp:featuredmedia":[{"embeddable":true,"href":"https:\/\/www.europesays.com\/fr\/wp-json\/wp\/v2\/media\/694045"}],"wp:attachment":[{"href":"https:\/\/www.europesays.com\/fr\/wp-json\/wp\/v2\/media?parent=694044"}],"wp:term":[{"taxonomy":"category","embeddable":true,"href":"https:\/\/www.europesays.com\/fr\/wp-json\/wp\/v2\/categories?post=694044"},{"taxonomy":"post_tag","embeddable":true,"href":"https:\/\/www.europesays.com\/fr\/wp-json\/wp\/v2\/tags?post=694044"}],"curies":[{"name":"wp","href":"https:\/\/api.w.org\/{rel}","templated":true}]}}