{"id":694059,"date":"2026-01-28T02:52:21","date_gmt":"2026-01-28T02:52:21","guid":{"rendered":"https:\/\/www.europesays.com\/fr\/694059\/"},"modified":"2026-01-28T02:52:21","modified_gmt":"2026-01-28T02:52:21","slug":"tensions-avec-la-police-de-limmigration-aux-usa-paris-pousse-capgemini-groupe-francais-sous-contrat-avec-lice-a-se-questionner","status":"publish","type":"post","link":"https:\/\/www.europesays.com\/fr\/694059\/","title":{"rendered":"Tensions avec la police de l&rsquo;immigration aux USA &#8211; Paris pousse Capgemini, groupe fran\u00e7ais sous contrat avec l&rsquo;ICE \u00e0, se \u00ab\u00a0questionner\u00a0\u00bb"},"content":{"rendered":"<p class=\"ap-StoryElement ap-StoryElement--mb ap-StoryText\">Dans un message publi\u00e9 dimanche sur le r\u00e9seau social LinkedIn, le directeur g\u00e9n\u00e9ral de Capgemini, Aiman Ezzat, avait indiqu\u00e9 avoir appris \u00ab\u00a0par des sources publiques\u00a0\u00bb la signature en d\u00e9cembre d&rsquo;un contrat entre sa filiale am\u00e9ricaine et l&rsquo;ICE. Selon le dirigeant, la structure de cette filiale ind\u00e9pendante, soumise \u00e0 la l\u00e9gislation am\u00e9ricaine, impose des r\u00e8gles d&rsquo;\u00e9tanch\u00e9it\u00e9 avec la direction centrale de l&rsquo;entreprise. Cette filiale \u00ab\u00a0prend les d\u00e9cisions de mani\u00e8re autonome, dispose de r\u00e9seaux \u00e9tanches, et (&#8230;) le groupe Capgemini est dans l&rsquo;impossibilit\u00e9 d&rsquo;acc\u00e9der \u00e0 toute information classifi\u00e9e, \u00e0 des contrats classifi\u00e9s\u00a0\u00bb, a poursuivi Aiman Ezzat.<\/p>\n<p class=\"ap-StoryElement ap-StoryElement--mb ap-StoryText\">\u00c0 l&rsquo;Assembl\u00e9e nationale, Roland Lescure a affirm\u00e9 avoir interpell\u00e9 l&rsquo;entreprise \u00e0 ce sujet, estimant que cette explication ne \u00ab\u00a0suffisait pas\u00a0\u00bb.<\/p>\n<p class=\"ap-StoryElement ap-StoryElement--mb ap-StoryText\">De son c\u00f4t\u00e9, le syndicat CGT de Capgemini a demand\u00e9 \u00ab\u00a0l&rsquo;arr\u00eat imm\u00e9diat et public de toute collaboration avec l&rsquo;ICE\u00a0\u00bb. \u00ab\u00a0Ces partenariats (&#8230;) font de notre groupe un complice actif de violations graves des droits humains\u00a0\u00bb, a \u00e9crit le syndicat dans un courrier adress\u00e9 \u00e0 Aiman Ezzat.<\/p>\n","protected":false},"excerpt":{"rendered":"Dans un message publi\u00e9 dimanche sur le r\u00e9seau social LinkedIn, le directeur g\u00e9n\u00e9ral de Capgemini, Aiman Ezzat, avait&hellip;\n","protected":false},"author":2,"featured_media":2837,"comment_status":"","ping_status":"","sticky":false,"template":"","format":"standard","meta":{"footnotes":""},"categories":[1589],"tags":[11,313,73,1866,27,1061,12,42,1864,1865,1863,308],"class_list":{"0":"post-694059","1":"post","2":"type-post","3":"status-publish","4":"format-standard","5":"has-post-thumbnail","7":"category-etats-unis","8":"tag-actualites","9":"tag-entreprises","10":"tag-etats-unis","11":"tag-etats-unis-damerique","12":"tag-france","13":"tag-immigration","14":"tag-news","15":"tag-technologies","16":"tag-united-states","17":"tag-united-states-of-america","18":"tag-us","19":"tag-usa"},"share_on_mastodon":{"url":"https:\/\/pubeurope.com\/@fr\/115970464914095197","error":""},"_links":{"self":[{"href":"https:\/\/www.europesays.com\/fr\/wp-json\/wp\/v2\/posts\/694059","targetHints":{"allow":["GET"]}}],"collection":[{"href":"https:\/\/www.europesays.com\/fr\/wp-json\/wp\/v2\/posts"}],"about":[{"href":"https:\/\/www.europesays.com\/fr\/wp-json\/wp\/v2\/types\/post"}],"author":[{"embeddable":true,"href":"https:\/\/www.europesays.com\/fr\/wp-json\/wp\/v2\/users\/2"}],"replies":[{"embeddable":true,"href":"https:\/\/www.europesays.com\/fr\/wp-json\/wp\/v2\/comments?post=694059"}],"version-history":[{"count":0,"href":"https:\/\/www.europesays.com\/fr\/wp-json\/wp\/v2\/posts\/694059\/revisions"}],"wp:featuredmedia":[{"embeddable":true,"href":"https:\/\/www.europesays.com\/fr\/wp-json\/wp\/v2\/media\/2837"}],"wp:attachment":[{"href":"https:\/\/www.europesays.com\/fr\/wp-json\/wp\/v2\/media?parent=694059"}],"wp:term":[{"taxonomy":"category","embeddable":true,"href":"https:\/\/www.europesays.com\/fr\/wp-json\/wp\/v2\/categories?post=694059"},{"taxonomy":"post_tag","embeddable":true,"href":"https:\/\/www.europesays.com\/fr\/wp-json\/wp\/v2\/tags?post=694059"}],"curies":[{"name":"wp","href":"https:\/\/api.w.org\/{rel}","templated":true}]}}