{"id":69408,"date":"2025-05-02T13:19:07","date_gmt":"2025-05-02T13:19:07","guid":{"rendered":"https:\/\/www.europesays.com\/fr\/69408\/"},"modified":"2025-05-02T13:19:07","modified_gmt":"2025-05-02T13:19:07","slug":"lexposition-collective-des-briscarts-avant-la-36e-edition-du-parcours-dateliers","status":"publish","type":"post","link":"https:\/\/www.europesays.com\/fr\/69408\/","title":{"rendered":"l&rsquo;exposition collective des Briscarts avant la 36e \u00e9dition du parcours d&rsquo;ateliers"},"content":{"rendered":"<p>            Par<br \/>\n        <strong><br \/>\n            <a href=\"https:\/\/actu.fr\/auteur\/metropoop\" title=\"Consulter tous les articles de R\u00e9daction M\u00e9tropolitain\" rel=\"nofollow noopener\" target=\"_blank\">R\u00e9daction M\u00e9tropolitain<\/a><br \/>\n        <\/strong><\/p>\n<p>        Publi\u00e9 le<\/p>\n<p>            2 mai 2025 \u00e0 15h06        <\/p>\n<p>Ce samedi 3 et dimanche 4 mai 2025, <strong>les Briscarts<\/strong> ouvrent leurs ateliers. Pour <strong>cette 36e \u00e9dition de ce parcours<\/strong>, <strong>vingt-huit artistes<\/strong> de<strong> Montpellier<\/strong> accueilleront le public dans l\u2019antre de leur cr\u00e9ation et pr\u00e9sentent <strong>une exposition collective<\/strong> sur le th\u00e8me des chim\u00e8res \u00e0 l\u2019espace Saint-Ravy. Vernissage ce vendredi 2 mai \u00e0 18h30 en pr\u00e9sence des artistes.<\/p>\n<p>De Saint-Ravy aux ateliers<\/p>\n<p class=\" wall-content\">Depuis 2008, l\u2019association les Briscarts est inscrite dans la dynamique de la ville en proposant deux fois par an, au printemps puis en automne, les Parcours d\u2019Ateliers d\u2019Artistes. Un \u00e9v\u00e9nement, devenu incontournable de la vie culturelle de Montpellier, dont la 36e \u00e9dition d\u00e9bute ce vendredi\u00a0 avec le vernissage de l\u2019exposition collective qui accompagne l\u2019ouverture des ateliers. \u00ab\u00a0Et si tout ce qu\u2019on vivait n\u2019\u00e9tait que fantasmes, illusions, mirages, CHIM\u00c8RES ?\u00a0\u00bb. Telle est l\u2019invitation lanc\u00e9e par les vingt-huit artistes qui pr\u00e9sentent chacun une \u0153uvre unique, pr\u00e9sent\u00e9es par ailleurs sur le site <a href=\"https:\/\/briscarts.com\/\" rel=\"nofollow noopener\" target=\"_blank\">Briscarts.com<\/a> et dans la galerie num\u00e9rique <a href=\"https:\/\/umap.openstreetmap.fr\/fr\/map\/samedi-3-et-dimanche-4-mai-2025-36eme-parcours-dat_523926#18\/43.60849\/3.86653\" rel=\"nofollow noopener\" target=\"_blank\">openstreetmap<\/a>, sur ce sujet singulier.<\/p>\n<p class=\" wall-content\">Comme toujours autour de ce th\u00e8me, plusieurs techniques se confrontent sculptures, peintures, gravures, photographies, collages\u2026 tout comme les styles et les interpr\u00e9tations, permettant d\u2019appr\u00e9hender les univers de chacun des artistes \u00e0 d\u00e9couvrir plus en d\u00e9tail dans leurs ateliers samedi et dimanche. L\u2019occasion de discuter avec eux et pourquoi pas d\u2019acqu\u00e9rir des oeuvres. Pour faciliter le parcours, un plan est t\u00e9l\u00e9chargeable sur le site <a href=\"https:\/\/briscarts.com\/infos.html\" rel=\"nofollow noopener\" target=\"_blank\">briscarts.com<\/a>, pr\u00e9sentant par quartiers tous les participants.<\/p>\n<p>Les artistes<\/p>\n<p>BASSEDE Francine \/ BESNIER Elisabeth \/ CAILLENS-BONIFACE Florence \/ CARRAZ Daniel \/ CAZES H\u00e9l\u00e8ne \/ CAZILHAC Gis\u00e8le \/ CHAMP \/ CORTEY Colette \/ DOYEN Christophe \/ FARABI Sadik \/ FLO \/ GIRARD Elisabeth \/ G\u00dcLPAMUK \/ KLOD \/ LADOUX Christiane \/ LECARPENTIER Isabelle \/ LUIS 70 \/ MANIOK \/ MARIE NO\u00cbL \/ MIA \/ O.VINGT \/ PEYTAVI Pierryl \/ RAHEM ANCEY Virginie \/ RIVERA V\u00e9ronique \/ ROCHETTE Caroline \/ SEIGNEURET Sylvie \/ THOMAS Madeleine \/ TOQUEBIOL Jean-Claude.<\/p>\n<p>    <a href=\"https:\/\/www.google.com\/maps\/embed?pb=!1m18!1m12!1m3!1d2888.874046059932!2d3.874389875804778!3d43.60916407110421!2m3!1f0!2f0!3f0!3m2!1i1024!2i768!4f13.1!3m3!1m2!1s0x12b6afa79537ea2f%3A0x6eb5af439ef821c!2sEspace%20Saint-Ravy!5e0!3m2!1sfr!2sfr!4v1746186726736!5m2!1sfr!2sfr\" title=\"Ouvrie le lien\" rel=\"nofollow noopener\" target=\"_blank\">Cliquez ici pour visualiser le contenu<\/a><\/p>\n<p>Vid\u00e9os : en ce moment sur Actu<\/p>\n<p>L\u2019exposition \u00e0 l\u2019Espace Saint-Ravy ouvre ses portes du vendredi 2 au dimanche 4 mai 2de 11h \u00e0 19h. Vernissage vendredi 2 mai \u00e0 18h30. Les ateliers sont ouverts de 11h \u00e0 19h les samedi et dimanche 3 et 4 mai de 11h \u00e0 19h. Espace Saint-Ravy, place Saint-Ravy, Montpellier.<\/p>\n<p class=\" wall-content\">Suivez toute l\u2019actualit\u00e9 de vos villes et m\u00e9dias favoris en vous inscrivant \u00e0 <a href=\"https:\/\/moncompte.actu.fr\" title=\"D\u00e9couvez Mon Actu\" rel=\"nofollow noopener\" data-trk=\"{&quot;cta&quot;:{&quot;action&quot;:&quot;https:\\\/\\\/moncompte.actu.fr&quot;,&quot;category&quot;:&quot;mon compte&quot;,&quot;from&quot;:&quot;article footer&quot;,&quot;name&quot;:&quot;Mon actu&quot;,&quot;type&quot;:&quot;cta&quot;}}\" target=\"_blank\">Mon Actu<\/a>.<\/p>\n","protected":false},"excerpt":{"rendered":"Par R\u00e9daction M\u00e9tropolitain Publi\u00e9 le 2 mai 2025 \u00e0 15h06 Ce samedi 3 et dimanche 4 mai 2025,&hellip;\n","protected":false},"author":2,"featured_media":69409,"comment_status":"","ping_status":"","sticky":false,"template":"","format":"standard","meta":{"footnotes":""},"categories":[9599],"tags":[1111,11,1777,674,1349,1011,27,1652,2208,12,2680,25],"class_list":{"0":"post-69408","1":"post","2":"type-post","3":"status-publish","4":"format-standard","5":"has-post-thumbnail","7":"category-montpellier","8":"tag-actu","9":"tag-actualites","10":"tag-eu","11":"tag-europe","12":"tag-expositions","13":"tag-fr","14":"tag-france","15":"tag-loisirs-culture","16":"tag-montpellier","17":"tag-news","18":"tag-occitanie","19":"tag-republique-francaise"},"share_on_mastodon":{"url":"https:\/\/pubeurope.com\/@fr\/114438443067657620","error":""},"_links":{"self":[{"href":"https:\/\/www.europesays.com\/fr\/wp-json\/wp\/v2\/posts\/69408","targetHints":{"allow":["GET"]}}],"collection":[{"href":"https:\/\/www.europesays.com\/fr\/wp-json\/wp\/v2\/posts"}],"about":[{"href":"https:\/\/www.europesays.com\/fr\/wp-json\/wp\/v2\/types\/post"}],"author":[{"embeddable":true,"href":"https:\/\/www.europesays.com\/fr\/wp-json\/wp\/v2\/users\/2"}],"replies":[{"embeddable":true,"href":"https:\/\/www.europesays.com\/fr\/wp-json\/wp\/v2\/comments?post=69408"}],"version-history":[{"count":0,"href":"https:\/\/www.europesays.com\/fr\/wp-json\/wp\/v2\/posts\/69408\/revisions"}],"wp:featuredmedia":[{"embeddable":true,"href":"https:\/\/www.europesays.com\/fr\/wp-json\/wp\/v2\/media\/69409"}],"wp:attachment":[{"href":"https:\/\/www.europesays.com\/fr\/wp-json\/wp\/v2\/media?parent=69408"}],"wp:term":[{"taxonomy":"category","embeddable":true,"href":"https:\/\/www.europesays.com\/fr\/wp-json\/wp\/v2\/categories?post=69408"},{"taxonomy":"post_tag","embeddable":true,"href":"https:\/\/www.europesays.com\/fr\/wp-json\/wp\/v2\/tags?post=69408"}],"curies":[{"name":"wp","href":"https:\/\/api.w.org\/{rel}","templated":true}]}}