{"id":694121,"date":"2026-01-28T03:40:19","date_gmt":"2026-01-28T03:40:19","guid":{"rendered":"https:\/\/www.europesays.com\/fr\/694121\/"},"modified":"2026-01-28T03:40:19","modified_gmt":"2026-01-28T03:40:19","slug":"rennes-lhomme-soupconne-detre-le-violeur-a-velo-arrete-et-mis-en-examen","status":"publish","type":"post","link":"https:\/\/www.europesays.com\/fr\/694121\/","title":{"rendered":"Rennes : L\u2019homme soup\u00e7onn\u00e9 d\u2019\u00eatre le \u00ab violeur \u00e0 v\u00e9lo \u00bb arr\u00eat\u00e9 et mis en examen"},"content":{"rendered":"<p class=\"mb-4 text-lg md:leading-8 break-words\"><strong>violences sexuelles &#8211; Accus\u00e9 d\u2019avoir fait deux victimes, l\u2019homme, qui a reconnu les faits, a \u00e9t\u00e9 mis en examen pour viol et tentative de viol<\/strong><\/p>\n<p class=\"mb-4 text-lg md:leading-8 break-words\">Les enqu\u00eateurs semblent avoir fait un grand pas dans l\u2019affaire du \u00ab\u00a0violeur \u00e0 v\u00e9lo\u00a0\u00bb pr\u00e8s de <a href=\"https:\/\/www.20minutes.fr\/faits_divers\/faits-divers-rennes\/?at_medium=RSS%20feed&amp;at_campaign=ynews&amp;utm_source=yahoo&amp;utm_medium=rss&amp;utm_campaign=news_feed&amp;utm_content=in_article_link\" rel=\"nofollow noopener\" target=\"_blank\" data-ylk=\"slk:Rennes;elm:context_link;itc:0;sec:content-canvas\" class=\"link \">Rennes<\/a>. Selon un communiqu\u00e9 mercredi du procureur de la R\u00e9publique de la ville, la Brigade anti-criminalit\u00e9 a en effet arr\u00eat\u00e9 la veille vers 05 heures du matin dans le centre-ville de la pr\u00e9fecture de la <a href=\"https:\/\/www.20minutes.fr\/dossier\/bretagne?at_medium=RSS%20feed&amp;at_campaign=ynews&amp;utm_source=yahoo&amp;utm_medium=rss&amp;utm_campaign=news_feed&amp;utm_content=in_article_link\" rel=\"nofollow noopener\" target=\"_blank\" data-ylk=\"slk:Bretagne;elm:context_link;itc:0;sec:content-canvas\" class=\"link \">Bretagne<\/a>, un individu \u00ab\u00a0correspondant en tout point \u00e0 la description donn\u00e9e par les deux victimes\u00a0\u00bb.<\/p>\n<p>Un viol sous la menace d\u2019un couteau et d\u2019un taser<\/p>\n<p class=\"mb-4 text-lg md:leading-8 break-words\">Dans ce dossier, la premi\u00e8re affaire date du 18\u00a0janvier. Ce jour-l\u00e0, une jeune femme a \u00e9t\u00e9 victime de faits de <a href=\"https:\/\/www.20minutes.fr\/dossier\/violences_sexuelles?at_medium=RSS%20feed&amp;at_campaign=ynews&amp;utm_source=yahoo&amp;utm_medium=rss&amp;utm_campaign=news_feed&amp;utm_content=in_article_link\" rel=\"nofollow noopener\" target=\"_blank\" data-ylk=\"slk:viol;elm:context_link;itc:0;sec:content-canvas\" class=\"link \">viol<\/a> et d\u2019extorsion de son t\u00e9l\u00e9phone portable, sous la menace d\u2019un couteau et d\u2019un taser. \u00ab\u00a0Les faits se sont d\u00e9roul\u00e9s \u00e0 Cesson-S\u00e9vign\u00e9, \u00e0 07\u00a0heures du matin, alors qu\u2019elle s\u2019appr\u00eatait \u00e0 commencer sa journ\u00e9e de travail\u00a0\u00bb, a fait savoir le procureur Fr\u00e9d\u00e9ric Teillet. L\u2019enqu\u00eate, aid\u00e9e par la vid\u00e9osurveillance, a par la suite d\u00e9termin\u00e9 que le suspect avait suivi la plaignante sur plusieurs kilom\u00e8tres \u00e0 v\u00e9lo avant de passer \u00e0 l\u2019acte.<\/p>\n<p class=\"mb-4 text-lg md:leading-8 break-words\">Le principal suspect semble ne pas s\u2019\u00eatre arr\u00eat\u00e9 l\u00e0. Selon le procureur de Rennes, \u00ab\u00a0le 25\u00a0janvier 2026, une seconde jeune femme a d\u00e9nonc\u00e9 des faits d\u2019extorsion et de tentative de viol, pr\u00e9sentant un mode op\u00e9ratoire identique\u00a0\u00bb. Les faits ont cette fois eu lieu \u00e0 Rennes. En rentrant \u00e0 son domicile \u00e0 v\u00e9lo apr\u00e8s une soir\u00e9e entre amis, elle a constat\u00e9 qu\u2019elle \u00e9tait suivie, depuis le centre-ville, par un individu qui veillait \u00e0 ne pas la d\u00e9passer. Arriv\u00e9e en bas de chez-elle, dans le quartier de Cleunay,(&#8230;)<\/p>\n<p class=\"mb-4 text-lg md:leading-8 break-words\"><a href=\"https:\/\/www.20minutes.fr\/faits_divers\/faits-divers-rennes\/4198432-20260128-rennes-homme-soupconne-etre-violeur-velo-arrete-mis-examen?at_medium=RSS%20feed&amp;at_campaign=ynews&amp;utm_source=yahoo&amp;utm_medium=rss&amp;utm_campaign=news_feed&amp;utm_content=read_more_link&quot;\" rel=\"nofollow noopener\" target=\"_blank\" data-ylk=\"slk:Lire la suite sur 20minutes;elm:context_link;itc:0;sec:content-canvas\" class=\"link \">Lire la suite sur 20minutes<\/a><\/p>\n<p>\u00c0 lire aussi :<br \/><a href=\"https:\/\/www.20minutes.fr\/societe\/4198330-20260127-rennes-nouveau-prefet-demande-expulsion-locataires-impliques-narcotrafic?at_medium=RSS%20feed&amp;at_campaign=ynews&amp;utm_source=yahoo&amp;utm_medium=rss&amp;utm_campaign=news_feed&amp;utm_content=related_content_link\" rel=\"nofollow noopener\" target=\"_blank\" data-ylk=\"slk:Rennes\u00a0: Le nouveau pr\u00e9fet demande l\u2019expulsion de locataires impliqu\u00e9s dans le narcotrafic;elm:context_link;itc:0;sec:content-canvas\" class=\"link \">Rennes\u00a0: Le nouveau pr\u00e9fet demande l\u2019expulsion de locataires impliqu\u00e9s dans le narcotrafic<\/a><br \/><a href=\"https:\/\/www.20minutes.fr\/faits_divers\/faits-divers-rennes\/4197826-20260124-bretagne-appelle-depuis-coffre-secours-quatre-hommes-incarceres-enlevement?at_medium=RSS%20feed&amp;at_campaign=ynews&amp;utm_source=yahoo&amp;utm_medium=rss&amp;utm_campaign=news_feed&amp;utm_content=related_content_link\" rel=\"nofollow noopener\" target=\"_blank\" data-ylk=\"slk:Bretagne\u00a0: Elle appelle depuis le coffre au secours, quatre hommes incarc\u00e9r\u00e9s pour enl\u00e8vement;elm:context_link;itc:0;sec:content-canvas\" class=\"link \">Bretagne\u00a0: Elle appelle depuis le coffre au secours, quatre hommes incarc\u00e9r\u00e9s pour enl\u00e8vement<\/a><\/p>\n","protected":false},"excerpt":{"rendered":"violences sexuelles &#8211; Accus\u00e9 d\u2019avoir fait deux victimes, l\u2019homme, qui a reconnu les faits, a \u00e9t\u00e9 mis en&hellip;\n","protected":false},"author":2,"featured_media":694122,"comment_status":"","ping_status":"","sticky":false,"template":"","format":"standard","meta":{"footnotes":""},"categories":[2821],"tags":[1111,11,829,1777,674,1011,27,12,3764,584,25,208,1265],"class_list":{"0":"post-694121","1":"post","2":"type-post","3":"status-publish","4":"format-standard","5":"has-post-thumbnail","7":"category-rennes","8":"tag-actu","9":"tag-actualites","10":"tag-bretagne","11":"tag-eu","12":"tag-europe","13":"tag-fr","14":"tag-france","15":"tag-news","16":"tag-procureur-de-la-republique","17":"tag-rennes","18":"tag-republique-francaise","19":"tag-velo","20":"tag-viol"},"share_on_mastodon":{"url":"https:\/\/pubeurope.com\/@fr\/115970652345662497","error":""},"_links":{"self":[{"href":"https:\/\/www.europesays.com\/fr\/wp-json\/wp\/v2\/posts\/694121","targetHints":{"allow":["GET"]}}],"collection":[{"href":"https:\/\/www.europesays.com\/fr\/wp-json\/wp\/v2\/posts"}],"about":[{"href":"https:\/\/www.europesays.com\/fr\/wp-json\/wp\/v2\/types\/post"}],"author":[{"embeddable":true,"href":"https:\/\/www.europesays.com\/fr\/wp-json\/wp\/v2\/users\/2"}],"replies":[{"embeddable":true,"href":"https:\/\/www.europesays.com\/fr\/wp-json\/wp\/v2\/comments?post=694121"}],"version-history":[{"count":0,"href":"https:\/\/www.europesays.com\/fr\/wp-json\/wp\/v2\/posts\/694121\/revisions"}],"wp:featuredmedia":[{"embeddable":true,"href":"https:\/\/www.europesays.com\/fr\/wp-json\/wp\/v2\/media\/694122"}],"wp:attachment":[{"href":"https:\/\/www.europesays.com\/fr\/wp-json\/wp\/v2\/media?parent=694121"}],"wp:term":[{"taxonomy":"category","embeddable":true,"href":"https:\/\/www.europesays.com\/fr\/wp-json\/wp\/v2\/categories?post=694121"},{"taxonomy":"post_tag","embeddable":true,"href":"https:\/\/www.europesays.com\/fr\/wp-json\/wp\/v2\/tags?post=694121"}],"curies":[{"name":"wp","href":"https:\/\/api.w.org\/{rel}","templated":true}]}}