{"id":694148,"date":"2026-01-28T03:58:23","date_gmt":"2026-01-28T03:58:23","guid":{"rendered":"https:\/\/www.europesays.com\/fr\/694148\/"},"modified":"2026-01-28T03:58:23","modified_gmt":"2026-01-28T03:58:23","slug":"une-adolescente-sequestree-et-torturee-pres-de-lyon-ses-agresseurs-mineurs-arretes-2","status":"publish","type":"post","link":"https:\/\/www.europesays.com\/fr\/694148\/","title":{"rendered":"une adolescente s\u00e9questr\u00e9e et tortur\u00e9e pr\u00e8s de Lyon, ses agresseurs mineurs arr\u00eat\u00e9s"},"content":{"rendered":"<p class=\"article-p mdl\">Une adolescente de 15 ans a \u00e9t\u00e9 s\u00e9questr\u00e9e et violemment tortur\u00e9e dans un sous-sol au sud de Lyon par quatre mineurs, dont trois filles, qui ont \u00e9t\u00e9 arr\u00eat\u00e9s, lundi, ont indiqu\u00e9 des sources proches de l&rsquo;enqu\u00eate. La jeune fille, plac\u00e9e dans un foyer d&rsquo;Annecy, avait accompagn\u00e9 son ex-petit ami de 17 ans jusqu&rsquo;\u00e0 Oullins-Pierre-B\u00e9nite, dans le Rh\u00f4ne, avant d&rsquo;y \u00eatre violemment prise \u00e0 partie par le gar\u00e7on et trois de ses amies mineures. Ils lui ont inflig\u00e9 d'\u00a0\u00bbhorribles s\u00e9vices\u00a0\u00bb, a expliqu\u00e9 \u00e0 l&rsquo;AFP une de ces sources confirmant une information r\u00e9v\u00e9l\u00e9e par le quotidien\u00a0<a class=\"link\" href=\"https:\/\/www.leprogres.fr\/faits-divers-justice\/2026\/01\/27\/sequestree-et-torturee-pres-de-lyon-une-fille-de-15-ans-s-evade-de-l-enfer-quatre-jeunes-suspects-interpelles\" target=\"_blank\" rel=\"noopener\">Le Progr\u00e8s<\/a>.\u00a0<\/p>\n<p class=\"article-p mdl\">L&rsquo;ex-copain \u00e9tait venu la chercher dimanche 25 janvier dans son foyer d&rsquo;Annecy, en compagnie d&rsquo;autres personnes. \u00c0 Oullins, l&rsquo;adolescente a \u00e9t\u00e9 emmen\u00e9e dans un appartement, avec trois filles de 14 \u00e0 17 ans, dont la nouvelle petite amie du gar\u00e7on. La jeune victime a alors \u00ab\u00a0subi un premier v\u00e9ritable d\u00e9cha\u00eenement de violences\u00a0\u00bb, notamment de la part des filles, et a \u00e9t\u00e9 emmen\u00e9e dans un sous-sol, selon la m\u00eame source.\u00a0<\/p>\n<p class=\"article-p mdl\">L\u00e0, l&rsquo;une des adolescentes lui a plant\u00e9 un couteau dans la cuisse, une autre a asperg\u00e9 son corps du contenu d&rsquo;un extincteur, la br\u00fblant gravement, avant que le groupe ne la d\u00e9shabille et lui entaille le dos \u00e0 de multiples endroits. Elle a r\u00e9ussi \u00e0 s&rsquo;\u00e9chapper et a \u00e9t\u00e9 trouv\u00e9e par des passants lundi 26 janvier \u00e0 l&rsquo;aube, errant ensanglant\u00e9e dans une rue d&rsquo;Oullins. Les pompiers l&rsquo;ont imm\u00e9diatement prise en charge.\u00a0<\/p>\n<p>            Ils avaient film\u00e9 les s\u00e9vices inflig\u00e9s \u00e0 la jeune fille<\/p>\n<p class=\"article-p mdl\">Les policiers ont r\u00e9ussi rapidement \u00e0 retrouver lundi matin deux des agresseuses dans le logement o\u00f9 l&rsquo;adolescente avait \u00e9t\u00e9 emmen\u00e9e et ont interpell\u00e9 dans la soir\u00e9e les deux autres mineurs, dont le gar\u00e7on, \u00e0 Villefranche-sur-Sa\u00f4ne, au nord de Lyon. Un jeune adulte, qui avait conduit la voiture depuis Annecy, a \u00e9galement \u00e9t\u00e9 arr\u00eat\u00e9 mais n&rsquo;est pas impliqu\u00e9 au m\u00eame degr\u00e9 que les mineurs, selon la source proche de l&rsquo;enqu\u00eate.\u00a0<\/p>\n<p class=\"article-p mdl\">Les cinq sont en garde \u00e0 vue et des vid\u00e9os ont \u00e9t\u00e9 saisies : ils avaient film\u00e9 les s\u00e9vices inflig\u00e9s \u00e0 la jeune fille. Les quatre adolescents seront pr\u00e9sent\u00e9s mercredi au parquet des mineurs \u00e0 Lyon, selon les m\u00eames sources.\u00a0<\/p>\n<p class=\"article-p mdl\">Ils n&rsquo;ont pas le profil de voyous et ne sont pas connus comme tels des services de police, le quartier o\u00f9 r\u00e9sidaient les jeunes filles \u00e0 Oullins n&rsquo;est pas un quartier difficile, a comment\u00e9 l&rsquo;une des sources, qui parle d&rsquo;actes \u00ab\u00a0totalement incompr\u00e9hensibles\u00a0\u00bb chez ces adolescents, \u00ab\u00a0par leur violence et leur cruaut\u00e9\u00a0\u00bb. La jeune victime est soign\u00e9e \u00e0 l&rsquo;h\u00f4pital.\u00a0 \u00a0<\/p>\n<p>    La r\u00e9daction vous recommande<\/p>\n<p class=\"s-newsletter__title\">\n                L\u2019actualit\u00e9 par la r\u00e9daction de RTL dans votre bo\u00eete mail.\n            <\/p>\n<p class=\"s-newsletter__subtitle\">\n                Gr\u00e2ce \u00e0 votre compte RTL abonnez-vous \u00e0 la newsletter RTL info pour suivre toute l&rsquo;actualit\u00e9 au quotidien\n            <\/p>\n<p>\n                                    Lire la suite\n                                <\/p>\n","protected":false},"excerpt":{"rendered":"Une adolescente de 15 ans a \u00e9t\u00e9 s\u00e9questr\u00e9e et violemment tortur\u00e9e dans un sous-sol au sud de Lyon&hellip;\n","protected":false},"author":2,"featured_media":694149,"comment_status":"","ping_status":"","sticky":false,"template":"","format":"standard","meta":{"footnotes":""},"categories":[1889],"tags":[1111,11,2430,1777,674,118,107,1011,27,2428,12,25,2429],"class_list":{"0":"post-694148","1":"post","2":"type-post","3":"status-publish","4":"format-standard","5":"has-post-thumbnail","7":"category-lyon","8":"tag-actu","9":"tag-actualites","10":"tag-auvergne-rhone-alpes","11":"tag-eu","12":"tag-europe","13":"tag-faits-divers","14":"tag-fil-info","15":"tag-fr","16":"tag-france","17":"tag-lyon","18":"tag-news","19":"tag-republique-francaise","20":"tag-rhone"},"share_on_mastodon":{"url":"https:\/\/pubeurope.com\/@fr\/115970723202887339","error":""},"_links":{"self":[{"href":"https:\/\/www.europesays.com\/fr\/wp-json\/wp\/v2\/posts\/694148","targetHints":{"allow":["GET"]}}],"collection":[{"href":"https:\/\/www.europesays.com\/fr\/wp-json\/wp\/v2\/posts"}],"about":[{"href":"https:\/\/www.europesays.com\/fr\/wp-json\/wp\/v2\/types\/post"}],"author":[{"embeddable":true,"href":"https:\/\/www.europesays.com\/fr\/wp-json\/wp\/v2\/users\/2"}],"replies":[{"embeddable":true,"href":"https:\/\/www.europesays.com\/fr\/wp-json\/wp\/v2\/comments?post=694148"}],"version-history":[{"count":0,"href":"https:\/\/www.europesays.com\/fr\/wp-json\/wp\/v2\/posts\/694148\/revisions"}],"wp:featuredmedia":[{"embeddable":true,"href":"https:\/\/www.europesays.com\/fr\/wp-json\/wp\/v2\/media\/694149"}],"wp:attachment":[{"href":"https:\/\/www.europesays.com\/fr\/wp-json\/wp\/v2\/media?parent=694148"}],"wp:term":[{"taxonomy":"category","embeddable":true,"href":"https:\/\/www.europesays.com\/fr\/wp-json\/wp\/v2\/categories?post=694148"},{"taxonomy":"post_tag","embeddable":true,"href":"https:\/\/www.europesays.com\/fr\/wp-json\/wp\/v2\/tags?post=694148"}],"curies":[{"name":"wp","href":"https:\/\/api.w.org\/{rel}","templated":true}]}}