{"id":694168,"date":"2026-01-28T04:10:11","date_gmt":"2026-01-28T04:10:11","guid":{"rendered":"https:\/\/www.europesays.com\/fr\/694168\/"},"modified":"2026-01-28T04:10:11","modified_gmt":"2026-01-28T04:10:11","slug":"en-europe-donald-trump-divise-les-droites-radicales","status":"publish","type":"post","link":"https:\/\/www.europesays.com\/fr\/694168\/","title":{"rendered":"en Europe, Donald Trump divise les droites radicales"},"content":{"rendered":"<p>Selon un sondage Cluster17-Le Grand Continent, le pr\u00e9sident am\u00e9ricain ne jouirait plus d\u2019une image tr\u00e8s reluisante au sein des opinions europ\u00e9ennes. Jusqu\u2019\u00e0 cliver les partis de droite, notamment en France.<\/p>\n<p class=\"c-paragraph\">La Trumpmania a-t-elle v\u00e9cu en Europe ? C\u2019est l\u2019enseignement du <a href=\"https:\/\/legrandcontinent.eu\/fr\/eurobazooka-moment-groenland-tris-croises-politiques\/\" rel=\"noopener\" target=\"_blank\">dernier sondage Cluster17-Le Grand Continent<\/a> paru ce mercredi. Les sondeurs ont notamment demand\u00e9 aux citoyens de plusieurs pays europ\u00e9ens leur avis sur l\u2019action du pr\u00e9sident am\u00e9ricain.<\/p>\n<p class=\"c-paragraph\">S\u2019agit-il de la <a href=\"https:\/\/www.lepoint.fr\/monde\/comment-la-capture-de-maduro-a-replace-la-cia-au-coeur-de-lamerique-latine-P4M3XNLHUBDRVJOV7FMHFHLYPE\/\" target=\"_blank\" rel=\"noreferrer noopener\" title=\"https:\/\/www.lepoint.fr\/monde\/comment-la-capture-de-maduro-a-replace-la-cia-au-coeur-de-lamerique-latine-P4M3XNLHUBDRVJOV7FMHFHLYPE\/\">capture soudaine de Nicolas Maduro<\/a> ? Du d\u00e9ni des bavures mortelles de <a href=\"https:\/\/www.lepoint.fr\/monde\/on-est-ou-la-en-irak-minneapolis-en-etat-de-siege-apres-la-mort-dalex-pretti-YQMH2GHCKBC5XCUGIUXVD6YK2Y\/\" target=\"_blank\" rel=\"noreferrer noopener\" title=\"https:\/\/www.lepoint.fr\/monde\/on-est-ou-la-en-irak-minneapolis-en-etat-de-siege-apres-la-mort-dalex-pretti-YQMH2GHCKBC5XCUGIUXVD6YK2Y\/\">l\u2019ICE \u00e0 Minneapolis<\/a> ? De la logorrh\u00e9e anti-europ\u00e9enne de <a href=\"https:\/\/www.lepoint.fr\/monde\/vous-pouvez-dire-non-pour-le-groenland-nous-nous-en-souviendrons-a-davos-la-charge-brutale-de-donald-I6IVKLAXQFGQTM33CLDWU5NH5M\/\" target=\"_blank\" rel=\"noreferrer noopener\" title=\"https:\/\/www.lepoint.fr\/monde\/vous-pouvez-dire-non-pour-le-groenland-nous-nous-en-souviendrons-a-davos-la-charge-brutale-de-donald-I6IVKLAXQFGQTM33CLDWU5NH5M\/\">Donald Trump \u00e0 Davos<\/a> ? Toujours est-il qu\u2019en France, l\u2019aura du pr\u00e9sident am\u00e9ricain en prend un coup. <a href=\"https:\/\/www.lepoint.fr\/politique\/nicolas-conquer-le-parcours-intrigant-du-trumpiste-made-in-france-FEXZ4DDXBNFK3B3R3Q4NCN6SAU\/\" target=\"_blank\" rel=\"noreferrer noopener\" title=\"https:\/\/www.lepoint.fr\/politique\/nicolas-conquer-le-parcours-intrigant-du-trumpiste-made-in-france-FEXZ4DDXBNFK3B3R3Q4NCN6SAU\/\">Ses soutiens publics<\/a> se font plus discrets, alors qu\u2019il \u00e9tait encens\u00e9 par une partie de la droite fran\u00e7aise il y a encore quelques mois. On peut distinguer deux blocs \u00e9lectoraux distincts. Le premier, situ\u00e9 \u00e0 gauche et au centre, rejette massivement Trump : ce sont les sympathisants de La France Insoumise (78 %), des \u00c9cologistes (72 %) et de Renaissance (73 %) qui le consid\u00e8rent le plus comme un \u00ab ennemi \u00bb.<\/p>\n<p>L\u2019\u00e9lectorat du RN partag\u00e9<\/p>\n<p class=\"c-paragraph\">La question est plus int\u00e9ressante \u00e0 observer \u00e0 droite, o\u00f9 le soutien est plus ambivalent. Seuls 7 % des sympathisants du Rassemblement national (RN) voient en Trump un \u00ab ami \u00bb. La majorit\u00e9 (56 %) se r\u00e9fugie plut\u00f4t dans la neutralit\u00e9 (\u00ab ni l\u2019un ni l\u2019autre \u00bb). Le POTUS ne trouve gr\u00e2ce qu\u2019aux yeux d\u2019une partie (20 %) des sympathisants du parti identitaire Reconqu\u00eate, et une frange (18 %) du RN. \u00ab Les \u00e9lecteurs du Rassemblement national sont presque syst\u00e9matiquement partag\u00e9s \u00e0 parts \u00e9gales entre le soutien et le rejet du pr\u00e9sident am\u00e9ricain, ce qui rend difficile la d\u00e9finition d\u2019un positionnement pour leurs leaders \u00bb, observe aupr\u00e8s du Point Gilles Gressani, directeur de la revue Le Grand Continent. \u00ab C\u2019est une constante en Europe pour les dirigeants qui avaient salu\u00e9 positivement la victoire de Trump, de Jordan Bardella \u00e0 Giorgia Meloni. Comme l\u2019a dit le Premier ministre belge, qui si\u00e8ge dans le m\u00eame groupe que la pr\u00e9sidente du Conseil italien : \u201c\u00catre un vassal heureux est une chose. \u00catre un mis\u00e9rable esclave en est une autre\u201d. \u00bb<\/p>\n<p class=\"newsletter-subscription__disclaimer\">En vous inscrivant, vous acceptez les <a class=\"c-link newsletter-subscription__legal-link\" href=\"https:\/\/www.lepoint.fr\/html\/cgu\/\" target=\"_blank\" rel=\"noopener\">conditions g\u00e9n\u00e9rales d&rsquo;utilisation<\/a> et notre <a class=\"c-link newsletter-subscription__legal-link\" href=\"https:\/\/www.lepoint.fr\/html\/politique-de-protection-donnees-personnelles\/\" target=\"_blank\" rel=\"noopener\">politique de confidentialit\u00e9<\/a>.<\/p>\n<p class=\"c-paragraph\">Plus largement, le barom\u00e8tre r\u00e9v\u00e8le une m\u00e9fiance profonde des Europ\u00e9ens \u00e0 l\u2019\u00e9gard de Trump, per\u00e7u par une majorit\u00e9 comme une menace directe pour la stabilit\u00e9 du continent. 51 % des sond\u00e9s le consid\u00e8rent en effet comme un \u00ab ennemi de l\u2019Europe \u00bb, contre seulement 8 % qui voient en lui un \u00ab ami \u00bb. Cette perception est particuli\u00e8rement marqu\u00e9e en France, en Allemagne et en Belgique, o\u00f9 plus de 55 % de la population adopte cette vision hostile.<\/p>\n<p class=\"c-paragraph\">\u00ab Donald Trump est en train d\u2019op\u00e9rer une consolidation in\u00e9dite de l\u2019arc progressiste et de provoquer un clivage profond au sein de l\u2019espace trumpiste, poursuit Gilles Gressani. L\u2019opinion publique europ\u00e9enne pose d\u00e9sormais majoritairement un diagnostic s\u00e9v\u00e8re et exige de plus en plus de r\u00e9sister au projet de vassalisation de Donald Trump \u00bb.<\/p>\n<p class=\"c-paragraph\">Le tournant pris par l\u2019administration Trump inqui\u00e8te. Seuls 10 % des Europ\u00e9ens estiment qu\u2019il respecte les principes d\u00e9mocratiques, tandis que 44 % jugent qu\u2019il a une tendance autoritaire. Et 44 % vont jusqu\u2019\u00e0 dire qu\u2019il se comporte en \u00ab dictateur \u00bb. Sa politique \u00e9trang\u00e8re, illustr\u00e9e par son app\u00e9tit pour le Groenland et l\u2019intervention au Venezuela, est largement interpr\u00e9t\u00e9e comme une forme de \u00ab recolonisation et de pr\u00e9dation des ressources mondiales \u00bb par 64 % des personnes interrog\u00e9es.<\/p>\n<p class=\"c-paragraph\">Face \u00e0 la d\u00e9gradation des relations transatlantiques, l\u2019opinion europ\u00e9enne semble basculer vers une volont\u00e9 d\u2019ind\u00e9pendance. 73 % des sond\u00e9s estiment par exemple que l\u2019Europe <a href=\"https:\/\/www.lepoint.fr\/monde\/strategie-de-defense-nationale-americaine-le-grand-virage-de-donald-trump-D3G4RETNNFHFDAPZKP2QBRFYPM\/\" target=\"_blank\" rel=\"noreferrer noopener\" title=\"https:\/\/www.lepoint.fr\/monde\/strategie-de-defense-nationale-americaine-le-grand-virage-de-donald-trump-D3G4RETNNFHFDAPZKP2QBRFYPM\/\">ne doit plus compter que sur elle-m\u00eame pour sa d\u00e9fense<\/a>. Une majorit\u00e9 pr\u00e9conise de garder la m\u00eame distance entre les \u00c9tats-Unis et la Chine, refusant l\u2019alignement syst\u00e9matique sur Washington. Et en cas d\u2019intervention militaire am\u00e9ricaine au Groenland, 63 % seraient favorables \u00e0 l\u2019envoi de troupes europ\u00e9ennes pour prot\u00e9ger la souverainet\u00e9 du territoire !<\/p>\n<p>En Allemagne, l\u2019\u00e9lectorat de l\u2019AfD divis\u00e9<\/p>\n<p class=\"c-paragraph\">En Allemagne, o\u00f9 l\u2019\u00e9lectorat est historiquement atlantiste, le trumpisme cr\u00e9e des remous dans la vie politique. Si 3 % des \u00e9lecteurs de la CDU (lib\u00e9raux conservateurs) consid\u00e8rent Trump comme un d\u00e9mocrate, jusqu\u2019\u00e0 51 % des chr\u00e9tiens-d\u00e9mocrates le qualifient de \u00ab dictateur \u00bb. Plus \u00e0 droite, m\u00eame les \u00e9lecteurs de <a href=\"https:\/\/www.lepoint.fr\/monde\/en-allemagne-l-extreme-droite-de-l-afd-s-incruste-a-l-ouest-29-09-2025-2599784_24.php\" target=\"_blank\" rel=\"noreferrer noopener\" title=\"https:\/\/www.lepoint.fr\/monde\/en-allemagne-l-extreme-droite-de-l-afd-s-incruste-a-l-ouest-29-09-2025-2599784_24.php\">l\u2019AfD \u2013 parti tr\u00e8s proche de Trump<\/a> \u2013 sont partag\u00e9s, \u00e0 l\u2019image de ceux du RN en France : 43 % pensent que Trump agit de fa\u00e7on \u00ab l\u00e9gitime \u00bb sur la sc\u00e8ne internationale, mais pour 40 %, il agit de fa\u00e7on \u00ab pr\u00e9datrice \u00bb.<\/p>\n<p class=\"c-paragraph\">Les m\u00eames dynamiques sont \u00e0 l\u2019\u0153uvre en Italie dans le parti de Giorgia Meloni. Finalement, malgr\u00e9 les positions pro-Trump de certains leaders de droite radicale, l\u2019\u00e9lectorat ne suit pas toujours, et s\u2019interroge sur l\u2019ind\u00e9pendance de l\u2019Europe par rapport aux \u00c9tats-Unis. La g\u00e9opolitique s\u2019immisce de plus en plus dans les vies politiques europ\u00e9ennes : en France, en Italie, en Allemagne et en Espagne, plus d\u2019un \u00e9lecteur sur deux int\u00e8gre la capacit\u00e9 \u00e0 s\u2019opposer aux ing\u00e9rences am\u00e9ricaines comme un futur crit\u00e8re de vote.<\/p>\n","protected":false},"excerpt":{"rendered":"Selon un sondage Cluster17-Le Grand Continent, le pr\u00e9sident am\u00e9ricain ne jouirait plus d\u2019une image tr\u00e8s reluisante au sein&hellip;\n","protected":false},"author":2,"featured_media":694169,"comment_status":"","ping_status":"","sticky":false,"template":"","format":"standard","meta":{"footnotes":""},"categories":[1586],"tags":[11,75,73,1777,674,1011,27,12,25],"class_list":{"0":"post-694168","1":"post","2":"type-post","3":"status-publish","4":"format-standard","5":"has-post-thumbnail","7":"category-europe","8":"tag-actualites","9":"tag-donald-trump","10":"tag-etats-unis","11":"tag-eu","12":"tag-europe","13":"tag-fr","14":"tag-france","15":"tag-news","16":"tag-republique-francaise"},"share_on_mastodon":{"url":"https:\/\/pubeurope.com\/@fr\/115970770586989602","error":""},"_links":{"self":[{"href":"https:\/\/www.europesays.com\/fr\/wp-json\/wp\/v2\/posts\/694168","targetHints":{"allow":["GET"]}}],"collection":[{"href":"https:\/\/www.europesays.com\/fr\/wp-json\/wp\/v2\/posts"}],"about":[{"href":"https:\/\/www.europesays.com\/fr\/wp-json\/wp\/v2\/types\/post"}],"author":[{"embeddable":true,"href":"https:\/\/www.europesays.com\/fr\/wp-json\/wp\/v2\/users\/2"}],"replies":[{"embeddable":true,"href":"https:\/\/www.europesays.com\/fr\/wp-json\/wp\/v2\/comments?post=694168"}],"version-history":[{"count":0,"href":"https:\/\/www.europesays.com\/fr\/wp-json\/wp\/v2\/posts\/694168\/revisions"}],"wp:featuredmedia":[{"embeddable":true,"href":"https:\/\/www.europesays.com\/fr\/wp-json\/wp\/v2\/media\/694169"}],"wp:attachment":[{"href":"https:\/\/www.europesays.com\/fr\/wp-json\/wp\/v2\/media?parent=694168"}],"wp:term":[{"taxonomy":"category","embeddable":true,"href":"https:\/\/www.europesays.com\/fr\/wp-json\/wp\/v2\/categories?post=694168"},{"taxonomy":"post_tag","embeddable":true,"href":"https:\/\/www.europesays.com\/fr\/wp-json\/wp\/v2\/tags?post=694168"}],"curies":[{"name":"wp","href":"https:\/\/api.w.org\/{rel}","templated":true}]}}