{"id":694170,"date":"2026-01-28T04:11:17","date_gmt":"2026-01-28T04:11:17","guid":{"rendered":"https:\/\/www.europesays.com\/fr\/694170\/"},"modified":"2026-01-28T04:11:17","modified_gmt":"2026-01-28T04:11:17","slug":"cette-fois-ca-y-est-lue-a-appris-la-lecon","status":"publish","type":"post","link":"https:\/\/www.europesays.com\/fr\/694170\/","title":{"rendered":"cette fois, \u00e7a y est, l\u2019UE a appris la le\u00e7on"},"content":{"rendered":"\n<p>\u00c7a y est, Donald Trump ne menace plus d\u2019annexer le Groenland\u00a0! Aussi le sommet extraordinaire, convoqu\u00e9 d\u2019urgence jeudi 22\u00a0janvier par le pr\u00e9sident du Conseil europ\u00e9en, Ant\u00f3nio Costa, s\u2019est d\u00e9roul\u00e9 dans une atmosph\u00e8re plus d\u00e9tendue. <a href=\"https:\/\/www.courrierinternational.com\/article\/revirement-recul-ou-desescalade-trump-evoque-un-accord-sur-le-groenland-et-renonce-aux-taxes-douanieres_239661\" target=\"_blank\" rel=\"noopener\">Gr\u00e2ce au compromis conclu par le secr\u00e9taire g\u00e9n\u00e9ral de l\u2019ONU, Mark Rutte<\/a>, qui pr\u00e9voit de ren\u00e9gocier l\u2019accord de s\u00e9curit\u00e9 pass\u00e9 en\u00a01951 entre les \u00c9tats-Unis et le Danemark \u00e0 propos de la pr\u00e9sence militaire am\u00e9ricaine sur l\u2019\u00eele, les Europ\u00e9ens n\u2019ont pas eu \u00e0 prendre de d\u00e9cision douloureuse. Reste que la crise groenlandaise a caus\u00e9 un choc politique et psychologique profond chez les dirigeants europ\u00e9ens.<\/p>\n<p>Dans la semaine qui a suivi l\u2019annonce par Trump, de nouveaux droits de douane contre le Danemark et sept autres pays <a href=\"https:\/\/www.courrierinternational.com\/article\/arctique-soldats-europeens-au-groenland-copenhague-et-nuuk-veulent-demontrer-a-trump-leur-capacite-a-proteger-la-region_239436\" target=\"_blank\" rel=\"noopener\">qui avaient envoy\u00e9 des soldats au Groenland<\/a>, tout a chang\u00e9. Rappelons que, cette fois-ci, il ne s\u2019agit pas d\u2019un simple conflit commercial ou de divergences sur l\u2019Ukraine\u00a0: c\u2019est la souverainet\u00e9 m\u00eame de l\u2019Union europ\u00e9enne (UE) qui est en jeu. Au cours de cette semaine-l\u00e0, donc, les dirigeants europ\u00e9ens se sont rendu compte que leur strat\u00e9gie d\u2019apaisement ne fonctionnait pas. Et que l\u2019heure \u00e9tait venue de passer \u00e0 la dissuasion. \u00c0\u00a0pr\u00e9sent, ils se disent d\u00e9termin\u00e9s \u00e0 r\u00e9pondre \u00e0 Trump avec fermet\u00e9. R\u00e9ussiront-ils\u00a0?<\/p>\n<p>Le second mandat de Trump a <\/p>\n<p>  Offres sp\u00e9ciales  Pour lire la suite de cet article, abonnez-vous <\/p>\n<p class=\"paywall-text\">Acc\u00e9dez \u00e0\u00a0l\u2019int\u00e9gralit\u00e9 de\u00a0nos contenus sur le\u00a0site et\u00a0l\u2019application en\u00a0vous abonnant \u00e0\u00a0<strong>l\u2019offre sp\u00e9ciale.<\/strong><\/p>\n<p class=\"price\">D\u00e8s <strong>2,99\u00a0\u20ac<\/strong>\/mois<\/p>\n<p> Sans engagement \u2022 R\u00e9siliable en ligne                             Offres sp\u00e9ciales  <\/p>\n<p class=\"popin-title\"> <strong>Profitez d\u2019un acc\u00e8s illimit\u00e9 (-57%)<\/strong> <\/p>\n<p>    <img loading=\"lazy\" decoding=\"async\" class=\"popin-img\" src=\"https:\/\/www.europesays.com\/fr\/wp-content\/uploads\/2025\/12\/1766808989_718_fe6cca3_upload-1-y50fm5af5abj-pop-in.png\"  alt=\"Image d'illustration pour l'abonnement\" width=\"300\" height=\"250\"\/>    <\/p>\n<p class=\"price\"> 2,99 \u20ac par mois <\/p>\n<p class=\"popin-engagement\">au lieu de 6,99 \u20ac, r\u00e9siliable \u00e0 tout moment<\/p>\n<p>  <a class=\"ithal-element\" href=\"https:\/\/macommande.courrierinternational.com\/account\/create\/CWADIMENS299PRIO\/CW365N3600ADD1FPRIO?marketing=RCWSITEDISPLAY01\" data-model=\"button\" data-ithal=\"popin_offre_speciale\" data-ithalc=\"[cta_abo]\" id=\"click_popin_offre_speciale\" target=\"_blank\" rel=\"noopener\">J\u2019en profite<\/a>             <\/p>\n<p class=\"article-authors\">                         <a href=\"https:\/\/www.courrierinternational.com\/auteur\/david-carretta\" target=\"_blank\" rel=\"noopener\">David Carretta<\/a>    <\/p>\n<p class=\"article-vo\"><a href=\"https:\/\/mailchi.mp\/ilfoglio.it\/europaore7_26_dicembre_2026?e=d3ced93857\" rel=\"noopener\" target=\"_blank\">Lire l\u2019article original<\/a><\/p>\n<p>Source de l\u2019article<\/p>\n<p>   <img decoding=\"async\" class=\"source-logo\" src=\"https:\/\/www.europesays.com\/fr\/wp-content\/uploads\/2026\/01\/c7e3e8f_1643654130442-ilfoglio.jpg\"  alt=\"Logo\" loading=\"lazy\" width=\"32\" height=\"32\"\/>  Il Foglio  (Milan)       <\/p>\n<p>Cr\u00e9\u00e9 en 1996 par Giuliano Ferrara, ancien porte-parole du gouvernement Berlusconi, et anim\u00e9 par une \u00e9quipe de lib\u00e9raux et de conservateurs,\u00a0Il Foglio\u00a0se veut le quotidien de l\u2019intelligentsia de la droite italienne.<\/p>\n<p>Le journal, dont le si\u00e8ge est \u00e0 Milan, doit son nom \u00e0 l\u2019aust\u00e9rit\u00e9 de sa maquette\u00a0: il \u00e9tait compos\u00e9 d\u2019une seule page (foglio) \u00e0 l\u2019origine.<\/p>\n<p>S\u2019il affiche un tirage de 25 000 exemplaires, seuls 8 500 journaux se vendent.<\/p>\n<p>Son site Internet (2 500 num\u00e9riques) est \u00e0 l\u2019image de la version papier\u00a0: aust\u00e8re et peu\u00a0pl\u00e9thorique.<\/p>\n<p>      <a href=\"https:\/\/www.courrierinternational.com\/notule-source\/il-foglio\" class=\"source-link\" target=\"_blank\" rel=\"noopener\">Lire la suite<\/a>                 <\/p>\n<p>Nos services<\/p>\n","protected":false},"excerpt":{"rendered":"\u00c7a y est, Donald Trump ne menace plus d\u2019annexer le Groenland\u00a0! Aussi le sommet extraordinaire, convoqu\u00e9 d\u2019urgence jeudi&hellip;\n","protected":false},"author":2,"featured_media":694171,"comment_status":"","ping_status":"","sticky":false,"template":"","format":"standard","meta":{"footnotes":""},"categories":[1586],"tags":[11,145,75,1777,674,1779,1011,27,146,1892,12,25,1778,364,2475],"class_list":{"0":"post-694170","1":"post","2":"type-post","3":"status-publish","4":"format-standard","5":"has-post-thumbnail","7":"category-europe","8":"tag-actualites","9":"tag-danemark","10":"tag-donald-trump","11":"tag-eu","12":"tag-europe","13":"tag-european-union","14":"tag-fr","15":"tag-france","16":"tag-groenland","17":"tag-gu00e9opolitique","18":"tag-news","19":"tag-republique-francaise","20":"tag-ue","21":"tag-union-europeenne","22":"tag-union-europu00e9enne"},"share_on_mastodon":{"url":"https:\/\/pubeurope.com\/@fr\/115970774468582591","error":""},"_links":{"self":[{"href":"https:\/\/www.europesays.com\/fr\/wp-json\/wp\/v2\/posts\/694170","targetHints":{"allow":["GET"]}}],"collection":[{"href":"https:\/\/www.europesays.com\/fr\/wp-json\/wp\/v2\/posts"}],"about":[{"href":"https:\/\/www.europesays.com\/fr\/wp-json\/wp\/v2\/types\/post"}],"author":[{"embeddable":true,"href":"https:\/\/www.europesays.com\/fr\/wp-json\/wp\/v2\/users\/2"}],"replies":[{"embeddable":true,"href":"https:\/\/www.europesays.com\/fr\/wp-json\/wp\/v2\/comments?post=694170"}],"version-history":[{"count":0,"href":"https:\/\/www.europesays.com\/fr\/wp-json\/wp\/v2\/posts\/694170\/revisions"}],"wp:featuredmedia":[{"embeddable":true,"href":"https:\/\/www.europesays.com\/fr\/wp-json\/wp\/v2\/media\/694171"}],"wp:attachment":[{"href":"https:\/\/www.europesays.com\/fr\/wp-json\/wp\/v2\/media?parent=694170"}],"wp:term":[{"taxonomy":"category","embeddable":true,"href":"https:\/\/www.europesays.com\/fr\/wp-json\/wp\/v2\/categories?post=694170"},{"taxonomy":"post_tag","embeddable":true,"href":"https:\/\/www.europesays.com\/fr\/wp-json\/wp\/v2\/tags?post=694170"}],"curies":[{"name":"wp","href":"https:\/\/api.w.org\/{rel}","templated":true}]}}