{"id":694175,"date":"2026-01-28T04:14:38","date_gmt":"2026-01-28T04:14:38","guid":{"rendered":"https:\/\/www.europesays.com\/fr\/694175\/"},"modified":"2026-01-28T04:14:38","modified_gmt":"2026-01-28T04:14:38","slug":"la-commission-europeenne-confirme-que-la-france-peut-interdire-les-reseaux-sociaux-avant-15-ans","status":"publish","type":"post","link":"https:\/\/www.europesays.com\/fr\/694175\/","title":{"rendered":"La Commission europ\u00e9enne confirme que la France peut interdire les r\u00e9seaux sociaux avant 15 ans"},"content":{"rendered":"<p>        <img decoding=\"async\" loading=\"lazy\" src=\"https:\/\/www.europesays.com\/fr\/wp-content\/uploads\/2026\/01\/2a9279f_upload-1-hyw68ql8cgd3-afp-20260101-hl-afillon-3005352-v1-highres-francefrenchgovwantstobanso.jpeg\"  width=\"728\" height=\"409\" alt=\"Bruxelles confirme le droit de la France \u00e0 fixer un \u00e2ge minimum pour les r\u00e9seaux sociaux et se dit pr\u00eate \u00e0 contraindre les plateformes \u00e0 faire respecter la r\u00e8gle.\"\/>  <\/p>\n<p>ADRIEN FILLON \/ Hans Lucas via AFP<\/p>\n<p>Bruxelles confirme le droit de la France \u00e0 fixer un \u00e2ge minimum pour les r\u00e9seaux sociaux et se dit pr\u00eate \u00e0 contraindre les plateformes \u00e0 faire respecter la r\u00e8gle.<\/p>\n<p class=\"asset asset-text\">Oui, la France est dans son droit. La Commission europ\u00e9enne a confirm\u00e9 ce mardi 27\u00a0janvier que Paris pouvait l\u00e9galement interdire l\u2019acc\u00e8s aux r\u00e9seaux sociaux aux moins de 15\u00a0ans, comme le pr\u00e9voit une proposition de loi adopt\u00e9e en premi\u00e8re lecture \u00e0 l\u2019Assembl\u00e9e nationale.<\/p>\n<p class=\"asset asset-text\">\u00ab\u00a0Oui, les autorit\u00e9s fran\u00e7aises ont le droit d\u2019instaurer une majorit\u00e9 num\u00e9rique qui s\u2019adresse \u00e0 leurs citoyens\u00a0\u00bb, a affirm\u00e9 le porte-parole de l\u2019ex\u00e9cutif europ\u00e9en, Thomas Regnier, lors d\u2019un point presse \u00e0 Bruxelles.<\/p>\n<p class=\"asset asset-text\">Mais si la loi rel\u00e8ve du niveau national, son application incombera \u00e0 l\u2019Union europ\u00e9enne. \u00ab\u00a0Les grandes plateformes en ligne ont l\u2019obligation de respecter la l\u00e9gislation nationale, mais s\u2019assurer que c\u2019est applicable et qu\u2019elles ont mis en place des dispositifs de v\u00e9rification d\u2019\u00e2ge ad\u00e9quats est une pr\u00e9rogative de la Commission\u00a0\u00bb, a pr\u00e9cis\u00e9 le porte-parole.<\/p>\n<p class=\"asset asset-text\">Bruxelles rappelle d\u2019ailleurs que plusieurs \u00c9tats membres, dont la France, testent actuellement un outil europ\u00e9en de v\u00e9rification d\u2019\u00e2ge. Cette exp\u00e9rimentation doit s\u2019achever d\u2019ici \u00e0 la fin de l\u2019ann\u00e9e, et pourrait servir de socle technique au futur dispositif.<\/p>\n<p>                     \u00ab\u00a0Reprendre en main notre destin num\u00e9rique\u00a0\u00bb    <\/p>\n<p class=\"asset asset-text\">Sur X, Emmanuel Macron s\u2019est f\u00e9licit\u00e9 de ce soutien europ\u00e9en, remerciant au passage la Commission \u00ab\u00a0d\u2019ouvrir la voie \u00e0 l\u2019interdiction des r\u00e9seaux sociaux avant 15\u00a0ans\u00a0\u00bb, apr\u00e8s l\u2019adoption en juillet dernier de lignes directrices europ\u00e9ennes sur la protection des mineurs. \u00ab\u00a0Reprendre en main notre destin num\u00e9rique, prot\u00e9ger nos enfants\u00a0: gr\u00e2ce \u00e0 l\u2019Europe, la France pionni\u00e8re\u00a0\u00bb, a-t-il \u00e9crit.<\/p>\n<p class=\"asset asset-text\">Le texte, port\u00e9 par la majorit\u00e9 pr\u00e9sidentielle, a \u00e9t\u00e9 <a href=\"https:\/\/www.huffingtonpost.fr\/politique\/article\/les-deputes-votent-l-interdiction-des-reseaux-sociaux-aux-moins-de-15-ans-avec-une-application-des-septembre_259664.html\" target=\"_blank\" rel=\"noopener\">adopt\u00e9 dans la nuit de lundi \u00e0 mardi<\/a> \u00e0 l\u2019Assembl\u00e9e. Il vise \u00e0 limiter l\u2019exposition des adolescents aux risques li\u00e9s aux r\u00e9seaux sociaux, notamment en mati\u00e8re de sant\u00e9 mentale.<\/p>\n<p class=\"asset asset-text\">La proposition de loi doit d\u00e9sormais \u00eatre examin\u00e9e par le S\u00e9nat \u00ab\u00a0dans les semaines \u00e0 venir\u00a0\u00bb, selon la ministre du Num\u00e9rique Anne Le\u00a0H\u00e9nanff. Le gouvernement souhaite une mise en \u0153uvre rapide\u00a0: d\u00e8s la rentr\u00e9e 2026\u00a0pour les nouveaux comptes, suivi d\u2019une v\u00e9rification d\u2019\u00e2ge g\u00e9n\u00e9ralis\u00e9e \u00e0 tous les utilisateurs au 1er\u00a0janvier\u00a02027.<\/p>\n<p class=\"asset asset-text\">Si le texte est d\u00e9finitivement adopt\u00e9, la France deviendrait le deuxi\u00e8me pays au monde \u00e0 instaurer une telle restriction, apr\u00e8s l\u2019Australie.<\/p>\n","protected":false},"excerpt":{"rendered":"ADRIEN FILLON \/ Hans Lucas via AFP Bruxelles confirme le droit de la France \u00e0 fixer un \u00e2ge&hellip;\n","protected":false},"author":2,"featured_media":694176,"comment_status":"","ping_status":"","sticky":false,"template":"","format":"standard","meta":{"footnotes":""},"categories":[4],"tags":[11,5215,1073,1011,27,12,4125,316,25,938,24551],"class_list":{"0":"post-694175","1":"post","2":"type-post","3":"status-publish","4":"format-standard","5":"has-post-thumbnail","7":"category-france","8":"tag-actualites","9":"tag-adolescence","10":"tag-emmanuel-macron","11":"tag-fr","12":"tag-france","13":"tag-news","14":"tag-numerique","15":"tag-politique","16":"tag-republique-francaise","17":"tag-reseaux-sociaux","18":"tag-tech-futurs"},"share_on_mastodon":{"url":"https:\/\/pubeurope.com\/@fr\/115970786149036166","error":""},"_links":{"self":[{"href":"https:\/\/www.europesays.com\/fr\/wp-json\/wp\/v2\/posts\/694175","targetHints":{"allow":["GET"]}}],"collection":[{"href":"https:\/\/www.europesays.com\/fr\/wp-json\/wp\/v2\/posts"}],"about":[{"href":"https:\/\/www.europesays.com\/fr\/wp-json\/wp\/v2\/types\/post"}],"author":[{"embeddable":true,"href":"https:\/\/www.europesays.com\/fr\/wp-json\/wp\/v2\/users\/2"}],"replies":[{"embeddable":true,"href":"https:\/\/www.europesays.com\/fr\/wp-json\/wp\/v2\/comments?post=694175"}],"version-history":[{"count":0,"href":"https:\/\/www.europesays.com\/fr\/wp-json\/wp\/v2\/posts\/694175\/revisions"}],"wp:featuredmedia":[{"embeddable":true,"href":"https:\/\/www.europesays.com\/fr\/wp-json\/wp\/v2\/media\/694176"}],"wp:attachment":[{"href":"https:\/\/www.europesays.com\/fr\/wp-json\/wp\/v2\/media?parent=694175"}],"wp:term":[{"taxonomy":"category","embeddable":true,"href":"https:\/\/www.europesays.com\/fr\/wp-json\/wp\/v2\/categories?post=694175"},{"taxonomy":"post_tag","embeddable":true,"href":"https:\/\/www.europesays.com\/fr\/wp-json\/wp\/v2\/tags?post=694175"}],"curies":[{"name":"wp","href":"https:\/\/api.w.org\/{rel}","templated":true}]}}