{"id":694187,"date":"2026-01-28T04:25:28","date_gmt":"2026-01-28T04:25:28","guid":{"rendered":"https:\/\/www.europesays.com\/fr\/694187\/"},"modified":"2026-01-28T04:25:28","modified_gmt":"2026-01-28T04:25:28","slug":"restaurer-le-visible-pour-servir-linvisible","status":"publish","type":"post","link":"https:\/\/www.europesays.com\/fr\/694187\/","title":{"rendered":"restaurer le visible pour servir l\u2019Invisible"},"content":{"rendered":"<p>Restauratrice de tableaux install\u00e9e en Touraine, Osanne Daranti\u00e8re, 34 ans, redonne vie \u00e0 des tableaux avec patience et humilit\u00e9 depuis pr\u00e8s de quinze ans. Une exigence professionnelle nourrie par une foi qui a pris une dimension particuli\u00e8re lors d\u2019une mission b\u00e9n\u00e9vole en Irak.<\/p>\n<p>Dans son atelier install\u00e9 \u00e0 domicile, en Touraine, Osanne Daranti\u00e8re redonne patiemment vie \u00e0 des \u0153uvres fragilis\u00e9es par les ann\u00e9es. <a href=\"https:\/\/atelier-osanne.fr\/\" target=\"_blank\" rel=\"noopener\" title=\"\">Restauratrice de tableaux<\/a> depuis pr\u00e8s de quinze ans, cette artisan d\u2019art de 34 ans a fait du temps et de la pr\u00e9cision les piliers de son m\u00e9tier. Apr\u00e8s dix ann\u00e9es pass\u00e9es \u00e0 Paris, o\u00f9 elle partageait un atelier avec d\u2019autres restaurateurs, Osanne a choisi de s\u2019\u00e9loigner de la capitale. \u00ab\u00a0C\u2019est stimulant de confronter son avis avec d\u2019autres professionnels, mais aujourd\u2019hui j\u2019appr\u00e9cie aussi de travailler seule, chez moi\u00a0\u00bb, confie-t-elle.\u00a0<\/p>\n<p>Rien ne pr\u00e9destinait Osanne \u00e0 la restauration d\u2019art. Issue d\u2019une famille \u00e9loign\u00e9e du milieu artistique, elle ressent pourtant un attrait pour l\u2019artisanat : \u00ab\u00a0J\u2019ai toujours voulu faire quelque chose avec mes mains\u00a0\u00bb, explique-t-elle. Le d\u00e9clic survient au lyc\u00e9e, en d\u00e9couvrant une vid\u00e9o de pr\u00e9sentation des m\u00e9tiers de l\u2019art avec son p\u00e8re. \u00ab\u00a0Le travail de la peinture m\u2019a tout de suite parl\u00e9. Redonner vie aux \u0153uvres \u00e9tait quelque chose d\u2019\u00e9vident.\u00a0\u00bb<\/p>\n<p><img alt=\"RESTAURATION-TABLEAUX-OSANNE\" loading=\"lazy\" width=\"1200\" height=\"675\" decoding=\"async\" data-nimg=\"1\" class=\"ImageBlock_image__Y5gng\" style=\"color:transparent\"   src=\"https:\/\/www.europesays.com\/fr\/wp-content\/uploads\/2026\/01\/RESTAURATION-TABLEAUX-OSANNE.jpg\"\/>\u00ab\u00a0Dans notre milieu, le bouche-\u00e0-oreille est essentiel, mais il faut du temps. Il ne faut pas \u00eatre press\u00e9.\u00a0\u00bb<\/p>\n<p>Raphael de Bellevile<\/p>\n<p>Apr\u00e8s un premier stage chez une restauratrice \u00e0 Marseille, elle int\u00e8gre une formation sp\u00e9cialis\u00e9e en restauration de tableaux \u00e0 Rennes. Trois ann\u00e9es d\u2019apprentissage intensif et elle se lance dans la vie professionnelle. Soutenue sans r\u00e9serve par ses parents, Osanne mesure aujourd\u2019hui \u00ab\u00a0la chance immense\u00a0\u00bb d\u2019avoir \u00e9t\u00e9 encourag\u00e9e dans cette voie exigeante.<\/p>\n<p>Se faire un nom, patiemment<\/p>\n<p>Comme beaucoup de restaurateurs issus d\u2019\u00e9coles priv\u00e9es, Osanne se met rapidement \u00e0 son compte. \u00ab\u00a0Dans notre milieu, le bouche-\u00e0-oreille est essentiel, mais il faut du temps. Il ne faut pas \u00eatre press\u00e9\u00a0\u00bb, souligne-t-elle. Aujourd\u2019hui, sa client\u00e8le est majoritairement compos\u00e9e de particuliers mais son travail s\u2019\u00e9tend aussi aux \u00e9glises, aux communes et aux commissaires-priseurs. Elle intervient ponctuellement pour des monuments historiques, un secteur plus contraignant, soumis \u00e0 des appels d\u2019offres et \u00e0 des autorisations administratives. \u00ab\u00a0Heureusement, il y a \u00e9norm\u00e9ment de magnifiques tableaux qui ne sont pas class\u00e9s\u00a0\u00bb, observe-t-elle.<\/p>\n<p>Restaurer sans trahir<\/p>\n<p>La restauration d\u2019un tableau ob\u00e9it \u00e0 des r\u00e8gles strictes, \u00e0 la fois \u00e9thiques et techniques. Osanne distingue quatre grandes \u00e9tapes. La restauration curative d\u2019abord, pour traiter moisissures ou infestations ; la restauration conservative afin de stabiliser l\u2019\u0153uvre (refixage de la toile, r\u00e9parations des d\u00e9chirures, remise \u00e0 plat) ; la restauration esth\u00e9tique (nettoyage, all\u00e8gement du vernis, masticage et retouches) et enfin, la conservation pr\u00e9ventive qui permet d\u2019assurer la long\u00e9vit\u00e9 de l\u2019\u0153uvre gr\u00e2ce \u00e0 des syst\u00e8mes de protection adapt\u00e9s.<\/p>\n<p>\u00ab\u00a0On restaure toujours de la m\u00eame mani\u00e8re, selon trois principes fondamentaux\u00a0\u00bb, insiste-t-elle : la r\u00e9versibilit\u00e9 des mat\u00e9riaux, la lisibilit\u00e9 de l\u2019\u0153uvre et la compatibilit\u00e9 des produits utilis\u00e9s. Un cadre strict, souvent mis \u00e0 mal par les restaurations anciennes. \u00ab\u00a0On est parfois oblig\u00e9 de \u201cd\u00e9-restaurer\u201d ce qui a \u00e9t\u00e9 fait auparavant. Certaines colles durcissent, certains mat\u00e9riaux n\u2019\u00e9taient pas adapt\u00e9s. C\u2019est un \u00e9norme travail de patience.\u00a0\u00bb<\/p>\n<p><img alt=\"\" loading=\"lazy\" width=\"1200\" height=\"675\" decoding=\"async\" data-nimg=\"1\" class=\"ImageBlock_image__Y5gng\" style=\"color:transparent\"   src=\"https:\/\/www.europesays.com\/fr\/wp-content\/uploads\/2026\/01\/RESTAURATION-FRESQUE-ATELIER-OSANNE.jpg\"\/>Si elle restaure principalement des tableaux, Osanne intervient aussi sur des objets d\u2019art polychromes : paravents, bo\u00eetes peintes, \u00e9ventails. <\/p>\n<p>Atelier Osanne<\/p>\n<p>Si elle restaure principalement des tableaux, Osanne intervient aussi sur des objets d\u2019art polychromes : paravents, bo\u00eetes peintes, \u00e9ventails. \u00ab\u00a0\u00c7a change, et c\u2019est tr\u00e8s agr\u00e9able\u00a0\u00bb, sourit-elle.<\/p>\n<p>Des chantiers qui marquent une vie<\/p>\n<p>Mais certains projets laissent une empreinte plus durable que d\u2019autres. Par leur ampleur \u2014 comme le chemin de croix monumental restaur\u00e9 pendant cinq ans dans l\u2019\u00e9glise Saint-Joseph de Bruxelles \u2014 ou par leur complexit\u00e9 extr\u00eame. Mais c\u2019est un chantier de restauration b\u00e9n\u00e9vole en Irak qui a profond\u00e9ment transform\u00e9 son regard.<\/p>\n<p>\u00c0 l\u2019origine de cette mission, le d\u00e9part en Irak d\u2019une de ses coll\u00e8gues, S\u00e9gol\u00e8ne d\u2019Ornellas, restauratrice de livres anciens, engag\u00e9e aupr\u00e8s de SOS Chr\u00e9tiens d\u2019Orient, une association qui vient en aide aux chr\u00e9tiens d&rsquo;Orient. Inspir\u00e9e par cette initiative, Osanne d\u00e9cide \u00e0 son tour de s\u2019engager. Aux c\u00f4t\u00e9s de sa cons\u0153ur et amie, Sophie de Joussineau, \u00e9galement restauratrice de tableaux, elles choisissent de donner de leur temps pour restaurer des tableaux dont une Madone de Mossoul. Catholiques toutes les deux, il leur tenait \u00e0 c\u0153ur de soutenir l\u2019action de SOS Chr\u00e9tiens d\u2019Orient par leur savoir-faire. Partie deux semaines sur le terrain, Osanne prend alors pleinement conscience de la port\u00e9e spirituelle et symbolique de son travail. \u00ab\u00a0Quand le pr\u00eatre nous a dit : \u201cVous avez restaur\u00e9 ce pour quoi on se fait massacrer\u201d, j\u2019ai compris que, pour eux, c\u2019\u00e9tait un geste immense.\u00a0\u00bb<\/p>\n<p><img alt=\"exemple-de-restauration-tableau-osanne\" loading=\"lazy\" width=\"1200\" height=\"675\" decoding=\"async\" data-nimg=\"1\" class=\"ImageBlock_image__Y5gng\" style=\"color:transparent\"   src=\"https:\/\/www.europesays.com\/fr\/wp-content\/uploads\/2026\/01\/exemple-de-restauration-tableau-osanne.jpg\"\/><\/p>\n<p>Atelier Osanne<\/p>\n<p>Depuis, chaque tableau religieux est abord\u00e9 diff\u00e9remment. \u00ab\u00a0Je pense \u00e0 son contexte de cr\u00e9ation, \u00e0 ceux qui ont pri\u00e9 devant lui et \u00e0 ceux qui le feront par la suite. Restaurer, c\u2019est aussi aider \u00e0 transmettre cette ferveur qui r\u00e9unit les croyants.\u00a0\u00bb<\/p>\n<p>Ce qu\u2019elle aime avant tout dans son m\u00e9tier ? La diversit\u00e9. Les tableaux s\u2019encha\u00eenent, se r\u00e9pondent, se reposent pendant les temps de s\u00e9chage. \u00ab\u00a0On ne se lasse jamais\u00a0\u00bb, assure-t-elle. Apr\u00e8s avoir restaur\u00e9 entre 300 et 400 tableaux, Osanne continue d\u2019apprendre, d\u2019exp\u00e9rimenter, de se remettre en question. Car restaurer une \u0153uvre, ce n\u2019est pas seulement r\u00e9parer : c\u2019est dialoguer avec le pass\u00e9 avec humilit\u00e9 pour que le regard d\u2019aujourd\u2019hui puisse encore s\u2019y poser demain.<\/p>\n","protected":false},"excerpt":{"rendered":"Restauratrice de tableaux install\u00e9e en Touraine, Osanne Daranti\u00e8re, 34 ans, redonne vie \u00e0 des tableaux avec patience et&hellip;\n","protected":false},"author":2,"featured_media":694188,"comment_status":"","ping_status":"","sticky":false,"template":"","format":"standard","meta":{"footnotes":""},"categories":[1358],"tags":[1348,1384,1385,1386,58,59,1011,27],"class_list":{"0":"post-694187","1":"post","2":"type-post","3":"status-publish","4":"format-standard","5":"has-post-thumbnail","7":"category-arts-et-design","8":"tag-arts","9":"tag-arts-and-design","10":"tag-arts-et-design","11":"tag-design","12":"tag-divertissement","13":"tag-entertainment","14":"tag-fr","15":"tag-france"},"share_on_mastodon":{"url":"https:\/\/pubeurope.com\/@fr\/115970829520046207","error":""},"_links":{"self":[{"href":"https:\/\/www.europesays.com\/fr\/wp-json\/wp\/v2\/posts\/694187","targetHints":{"allow":["GET"]}}],"collection":[{"href":"https:\/\/www.europesays.com\/fr\/wp-json\/wp\/v2\/posts"}],"about":[{"href":"https:\/\/www.europesays.com\/fr\/wp-json\/wp\/v2\/types\/post"}],"author":[{"embeddable":true,"href":"https:\/\/www.europesays.com\/fr\/wp-json\/wp\/v2\/users\/2"}],"replies":[{"embeddable":true,"href":"https:\/\/www.europesays.com\/fr\/wp-json\/wp\/v2\/comments?post=694187"}],"version-history":[{"count":0,"href":"https:\/\/www.europesays.com\/fr\/wp-json\/wp\/v2\/posts\/694187\/revisions"}],"wp:featuredmedia":[{"embeddable":true,"href":"https:\/\/www.europesays.com\/fr\/wp-json\/wp\/v2\/media\/694188"}],"wp:attachment":[{"href":"https:\/\/www.europesays.com\/fr\/wp-json\/wp\/v2\/media?parent=694187"}],"wp:term":[{"taxonomy":"category","embeddable":true,"href":"https:\/\/www.europesays.com\/fr\/wp-json\/wp\/v2\/categories?post=694187"},{"taxonomy":"post_tag","embeddable":true,"href":"https:\/\/www.europesays.com\/fr\/wp-json\/wp\/v2\/tags?post=694187"}],"curies":[{"name":"wp","href":"https:\/\/api.w.org\/{rel}","templated":true}]}}