{"id":69421,"date":"2025-05-02T13:31:11","date_gmt":"2025-05-02T13:31:11","guid":{"rendered":"https:\/\/www.europesays.com\/fr\/69421\/"},"modified":"2025-05-02T13:31:11","modified_gmt":"2025-05-02T13:31:11","slug":"nice-un-homme-victime-dune-noyade-a-la-plage-les-pompiers-interviennent-en-urgence","status":"publish","type":"post","link":"https:\/\/www.europesays.com\/fr\/69421\/","title":{"rendered":"Nice. Un homme victime d&rsquo;une noyade \u00e0 la plage, les pompiers interviennent en urgence"},"content":{"rendered":"<p>            Par<br \/>\n        <strong><br \/>\n            <a href=\"https:\/\/actu.fr\/auteur\/ugo-maillard\" title=\"Consulter tous les articles de Ugo Maillard\" rel=\"nofollow noopener\" target=\"_blank\">Ugo Maillard<\/a><br \/>\n        <\/strong><\/p>\n<p>        Publi\u00e9 le<\/p>\n<p>            2 mai 2025 \u00e0 15h22        <\/p>\n<p>Journ\u00e9e mouvement\u00e9e pour les pompiers des Alpes-Maritimes. Alors que les secours ont \u00e9t\u00e9 mobilis\u00e9s pour prendre en charge une femme d\u2019environ 70 ans pour<a href=\"https:\/\/actu.fr\/provence-alpes-cote-d-azur\/cannes_06029\/pres-de-nice-une-femme-se-noie-en-mer-elle-est-hospitalisee-dans-un-etat-grave_62587753.html\" rel=\"nofollow noopener\" target=\"_blank\"> une noyade \u00e0 Cannes<\/a>, une autre intervention pour noyade a \u00e9t\u00e9 organis\u00e9e.\u00a0<\/p>\n<p class=\" wall-content\">Un homme d\u2019environ 40 ans a \u00e9t\u00e9 <strong>victime d\u2019une noyade<\/strong> alors qu\u2019il se trouvait au niveau de la plage Coco Beach \u00e0 <a href=\"https:\/\/actu.fr\/nice\/\" rel=\"nofollow noopener\" target=\"_blank\">Nice<\/a>.\u00a0<\/p>\n<p>    <a href=\"https:\/\/www.google.com\/maps\/embed?pb=!1m18!1m12!1m3!1d2885.0687219996985!2d7.2916465114752!3d43.68833467097985!2m3!1f0!2f0!3f0!3m2!1i1024!2i768!4f13.1!3m3!1m2!1s0x12cddae924e6ffbf%3A0xe60a0a56d7bf76a8!2sCoCo%20Beach!5e0!3m2!1sfr!2sfr!4v1746191966045!5m2!1sfr!2sfr\" title=\"Ouvrie le lien\" rel=\"nofollow noopener\" target=\"_blank\">Cliquez ici pour visualiser le contenu<\/a><\/p>\n<p class=\" wall-content\">Il \u00e9tait 14h lorsque les pompiers ont pris en charge la victime en arr\u00eat cardiorespiratoire.\u00a0<\/p>\n<p>Victime d\u2019une chute<\/p>\n<p class=\" wall-content\">Selon les \u00e9l\u00e9ments des pompiers transmis \u00e0 actu Nice, il aurait<strong> chut\u00e9 alors qu\u2019il se trouvait sur des rochers<\/strong>.<\/p>\n<p>Vid\u00e9os : en ce moment sur Actu<\/p>\n<p class=\" wall-content\">Les sapeurs-pompiers ont r\u00e9ussi \u00e0 r\u00e9animer l\u2019individu. Ce dernier a \u00e9t\u00e9 transport\u00e9 au CH Pasteur II de Nice dans un<strong> \u00e9tat grave<\/strong>.<\/p>\n<p class=\" wall-content\">Suivez toute l\u2019actualit\u00e9 de vos villes et m\u00e9dias favoris en vous inscrivant \u00e0 <a href=\"https:\/\/moncompte.actu.fr\" title=\"D\u00e9couvez Mon Actu\" rel=\"nofollow noopener\" data-trk=\"{&quot;cta&quot;:{&quot;action&quot;:&quot;https:\\\/\\\/moncompte.actu.fr&quot;,&quot;category&quot;:&quot;mon compte&quot;,&quot;from&quot;:&quot;article footer&quot;,&quot;name&quot;:&quot;Mon actu&quot;,&quot;type&quot;:&quot;cta&quot;}}\" target=\"_blank\">Mon Actu<\/a>.<\/p>\n","protected":false},"excerpt":{"rendered":"Par Ugo Maillard Publi\u00e9 le 2 mai 2025 \u00e0 15h22 Journ\u00e9e mouvement\u00e9e pour les pompiers des Alpes-Maritimes. Alors&hellip;\n","protected":false},"author":2,"featured_media":69422,"comment_status":"","ping_status":"","sticky":false,"template":"","format":"standard","meta":{"footnotes":""},"categories":[2819],"tags":[1111,11,1777,674,118,1011,27,12,2401,1311,882,25],"class_list":{"0":"post-69421","1":"post","2":"type-post","3":"status-publish","4":"format-standard","5":"has-post-thumbnail","7":"category-nice","8":"tag-actu","9":"tag-actualites","10":"tag-eu","11":"tag-europe","12":"tag-faits-divers","13":"tag-fr","14":"tag-france","15":"tag-news","16":"tag-nice","17":"tag-pompiers","18":"tag-provence-alpes-cote-dazur","19":"tag-republique-francaise"},"share_on_mastodon":{"url":"https:\/\/pubeurope.com\/@fr\/114438490592704916","error":""},"_links":{"self":[{"href":"https:\/\/www.europesays.com\/fr\/wp-json\/wp\/v2\/posts\/69421","targetHints":{"allow":["GET"]}}],"collection":[{"href":"https:\/\/www.europesays.com\/fr\/wp-json\/wp\/v2\/posts"}],"about":[{"href":"https:\/\/www.europesays.com\/fr\/wp-json\/wp\/v2\/types\/post"}],"author":[{"embeddable":true,"href":"https:\/\/www.europesays.com\/fr\/wp-json\/wp\/v2\/users\/2"}],"replies":[{"embeddable":true,"href":"https:\/\/www.europesays.com\/fr\/wp-json\/wp\/v2\/comments?post=69421"}],"version-history":[{"count":0,"href":"https:\/\/www.europesays.com\/fr\/wp-json\/wp\/v2\/posts\/69421\/revisions"}],"wp:featuredmedia":[{"embeddable":true,"href":"https:\/\/www.europesays.com\/fr\/wp-json\/wp\/v2\/media\/69422"}],"wp:attachment":[{"href":"https:\/\/www.europesays.com\/fr\/wp-json\/wp\/v2\/media?parent=69421"}],"wp:term":[{"taxonomy":"category","embeddable":true,"href":"https:\/\/www.europesays.com\/fr\/wp-json\/wp\/v2\/categories?post=69421"},{"taxonomy":"post_tag","embeddable":true,"href":"https:\/\/www.europesays.com\/fr\/wp-json\/wp\/v2\/tags?post=69421"}],"curies":[{"name":"wp","href":"https:\/\/api.w.org\/{rel}","templated":true}]}}