{"id":694224,"date":"2026-01-28T04:53:49","date_gmt":"2026-01-28T04:53:49","guid":{"rendered":"https:\/\/www.europesays.com\/fr\/694224\/"},"modified":"2026-01-28T04:53:49","modified_gmt":"2026-01-28T04:53:49","slug":"rennes-le-nouveau-prefet-demande-lexpulsion-de-locataires-impliques-dans-le-narcotrafic","status":"publish","type":"post","link":"https:\/\/www.europesays.com\/fr\/694224\/","title":{"rendered":"Rennes : Le nouveau pr\u00e9fet demande l\u2019expulsion de locataires impliqu\u00e9s dans le narcotrafic"},"content":{"rendered":"<p class=\"mb-4 text-lg md:leading-8 break-words\"><strong>bail r\u00e9sili\u00e9 &#8211; Neuf dossiers ont \u00e9t\u00e9 ouverts pour solliciter le d\u00e9part de familles r\u00e9sidant dans des logements sociaux<\/strong><\/p>\n<p class=\"mb-4 text-lg md:leading-8 break-words\">Il a contribu\u00e9 \u00e0 l\u2019\u00e9criture de cette loi. Alors il n\u2019est pas vraiment surprenant de voir Franck Robine s\u2019emparer de certaines dispositions de <a href=\"https:\/\/www.20minutes.fr\/justice\/4192934-20260105-meurtres-trafic-drogue-blanchiment-defis-pnaco-nouveau-parquet-contre-criminalite-organisee?at_medium=RSS%20feed&amp;at_campaign=ynews&amp;utm_source=yahoo&amp;utm_medium=rss&amp;utm_campaign=news_feed&amp;utm_content=in_article_link\" rel=\"nofollow noopener\" target=\"_blank\" data-ylk=\"slk:la nouvelle loi sur le narcotrafic;elm:context_link;itc:0;sec:content-canvas\" class=\"link \">la nouvelle loi sur le narcotrafic<\/a> adopt\u00e9e l\u2019\u00e9t\u00e9 dernier. Omnipr\u00e9sent <a href=\"https:\/\/www.20minutes.fr\/societe\/4190359-20251208-rennes-combat-perdu-nouveau-prefet-reste-optimiste-malgre-narchomicide?at_medium=RSS%20feed&amp;at_campaign=ynews&amp;utm_source=yahoo&amp;utm_medium=rss&amp;utm_campaign=news_feed&amp;utm_content=in_article_link\" rel=\"nofollow noopener\" target=\"_blank\" data-ylk=\"slk:depuis son arriv\u00e9e en Bretagne en novembre;elm:context_link;itc:0;sec:content-canvas\" class=\"link \">depuis son arriv\u00e9e en Bretagne en novembre<\/a>, le nouveau pr\u00e9fet d\u2019Ille-et-Vilaine, ancien directeur de cabinet de Bruno Retailleau, a demand\u00e9 l\u2019expulsion de locataires de logements sociaux impliqu\u00e9s dans le trafic de stup\u00e9fiants \u00e0 Rennes.<\/p>\n<p class=\"mb-4 text-lg md:leading-8 break-words\">D\u00e8s le mois de d\u00e9cembre, il a ouvert \u00ab\u00a0neuf dossiers\u00a0\u00bb, a-t-il expliqu\u00e9 \u00e0 20 Minutes ce mardi, confirmant une information du T\u00e9l\u00e9gramme. Pour l\u2019heure, \u00ab\u00a0aucune expulsion n\u2019a \u00e9t\u00e9 prononc\u00e9e\u00a0\u00bb, reconna\u00eet Franck Robine. Mais \u00ab\u00a0deux dossiers sont d\u00e9j\u00e0 audienc\u00e9s\u00a0\u00bb et seront examin\u00e9s \u00ab\u00a0d\u00e9but avril\u00a0\u00bb devant le tribunal correctionnel de Rennes.<\/p>\n<p><img alt=\"null\" loading=\"lazy\" width=\"960\" height=\"720\" decoding=\"async\" data-nimg=\"1\" class=\"rounded-lg\" style=\"color:transparent\" src=\"https:\/\/www.europesays.com\/fr\/wp-content\/uploads\/2026\/01\/22cd1cf946fbbb169d823fcc596d28d6.jpeg\"\/><\/p>\n<p>null<\/p>\n<p class=\"mb-4 text-lg md:leading-8 break-words\">Le pr\u00e9fet n\u2019a pas souhait\u00e9 entrer dans le d\u00e9tail de chacun des dossiers, mais il a pr\u00e9cis\u00e9 qu\u2019il avait \u00ab\u00a0cibl\u00e9 des r\u00e9cidivistes\u00a0\u00bb afin \u00ab\u00a0<a href=\"https:\/\/www.20minutes.fr\/societe\/4182542-20251030-ministre-logement-attaque-squatteurs-locataires-hlm-delinquants?at_medium=RSS%20feed&amp;at_campaign=ynews&amp;utm_source=yahoo&amp;utm_medium=rss&amp;utm_campaign=news_feed&amp;utm_content=in_article_link\" rel=\"nofollow noopener\" target=\"_blank\" data-ylk=\"slk:de pr\u00e9senter des dossiers solides\u00a0\u00bb \u00e0 la justice;elm:context_link;itc:0;sec:content-canvas\" class=\"link \">de pr\u00e9senter des dossiers solides\u00a0\u00bb \u00e0 la justice<\/a>. Il a seulement cit\u00e9 en exemple le cas d\u2019un jeune homme \u00ab\u00a0plusieurs fois condamn\u00e9 pour des trafics de stup\u00e9fiants et qui cr\u00e9e beaucoup de d\u00e9sagr\u00e9ments \u00e0 ses voisins\u00a0\u00bb. C\u2019est la m\u00e8re de ce dernier, locataire d\u2019un logement social, qui sera convoqu\u00e9e devant la justice. \u00ab\u00a0Les parents ne peuvent pas ignorer\u00a0\u00bb les activit\u00e9s de leur enfant, estime le nouveau pr\u00e9fet.<\/p>\n<p>Une proc\u00e9dure \u00ab\u00a0lourde de cons\u00e9quences\u00a0\u00bb<\/p>\n<p class=\"mb-4 text-lg md:leading-8 break-words\">Depuis l\u2019adoption de la nouvelle loi sur le narcotrafic, les pr\u00e9fets peuvent solliciter la justice pour demander l\u2019expulsi(&#8230;)<\/p>\n<p class=\"mb-4 text-lg md:leading-8 break-words\"><a href=\"https:\/\/www.20minutes.fr\/societe\/4198330-20260127-rennes-nouveau-prefet-demande-expulsion-locataires-impliques-narcotrafic?at_medium=RSS%20feed&amp;at_campaign=ynews&amp;utm_source=yahoo&amp;utm_medium=rss&amp;utm_campaign=news_feed&amp;utm_content=read_more_link&quot;\" rel=\"nofollow noopener\" target=\"_blank\" data-ylk=\"slk:Lire la suite sur 20minutes;elm:context_link;itc:0;sec:content-canvas\" class=\"link \">Lire la suite sur 20minutes<\/a><\/p>\n<p>\u00c0 lire aussi :<br \/><a href=\"https:\/\/www.20minutes.fr\/rennes\/4195610-20260112-rennes-pourquoi-bar-emblematique-ferme-sanctionne-prefet?at_medium=RSS%20feed&amp;at_campaign=ynews&amp;utm_source=yahoo&amp;utm_medium=rss&amp;utm_campaign=news_feed&amp;utm_content=related_content_link\" rel=\"nofollow noopener\" target=\"_blank\" data-ylk=\"slk:Rennes\u00a0: Pourquoi ce bar embl\u00e9matique a \u00e9t\u00e9 ferm\u00e9 et sanctionn\u00e9 par le pr\u00e9fet;elm:context_link;itc:0;sec:content-canvas\" class=\"link \">Rennes\u00a0: Pourquoi ce bar embl\u00e9matique a \u00e9t\u00e9 ferm\u00e9 et sanctionn\u00e9 par le pr\u00e9fet <\/a><br \/><a href=\"https:\/\/www.20minutes.fr\/politique\/assemblee_nationale\/4186366-20251118-narcotrafic-sebastien-lecornu-veut-inspirer-lutte-contre-terrorisme?at_medium=RSS%20feed&amp;at_campaign=ynews&amp;utm_source=yahoo&amp;utm_medium=rss&amp;utm_campaign=news_feed&amp;utm_content=related_content_link\" rel=\"nofollow noopener\" target=\"_blank\" data-ylk=\"slk:Narcotrafic\u00a0: S\u00e9bastien Lecornu veut s\u2019inspirer de la lutte \u00ab\u00a0contre le terrorisme\u00a0\u00bb;elm:context_link;itc:0;sec:content-canvas\" class=\"link \">Narcotrafic\u00a0: S\u00e9bastien Lecornu veut s\u2019inspirer de la lutte \u00ab\u00a0contre le terrorisme\u00a0\u00bb<\/a><\/p>\n","protected":false},"excerpt":{"rendered":"bail r\u00e9sili\u00e9 &#8211; Neuf dossiers ont \u00e9t\u00e9 ouverts pour solliciter le d\u00e9part de familles r\u00e9sidant dans des logements&hellip;\n","protected":false},"author":2,"featured_media":694225,"comment_status":"","ping_status":"","sticky":false,"template":"","format":"standard","meta":{"footnotes":""},"categories":[2821],"tags":[1111,11,829,1013,1777,674,1011,27,79006,6459,8721,12,584,25],"class_list":{"0":"post-694224","1":"post","2":"type-post","3":"status-publish","4":"format-standard","5":"has-post-thumbnail","7":"category-rennes","8":"tag-actu","9":"tag-actualites","10":"tag-bretagne","11":"tag-bruno-retailleau","12":"tag-eu","13":"tag-europe","14":"tag-fr","15":"tag-france","16":"tag-franck-robine","17":"tag-logements-sociaux","18":"tag-narcotrafic","19":"tag-news","20":"tag-rennes","21":"tag-republique-francaise"},"share_on_mastodon":{"url":"https:\/\/pubeurope.com\/@fr\/115970943446900558","error":""},"_links":{"self":[{"href":"https:\/\/www.europesays.com\/fr\/wp-json\/wp\/v2\/posts\/694224","targetHints":{"allow":["GET"]}}],"collection":[{"href":"https:\/\/www.europesays.com\/fr\/wp-json\/wp\/v2\/posts"}],"about":[{"href":"https:\/\/www.europesays.com\/fr\/wp-json\/wp\/v2\/types\/post"}],"author":[{"embeddable":true,"href":"https:\/\/www.europesays.com\/fr\/wp-json\/wp\/v2\/users\/2"}],"replies":[{"embeddable":true,"href":"https:\/\/www.europesays.com\/fr\/wp-json\/wp\/v2\/comments?post=694224"}],"version-history":[{"count":0,"href":"https:\/\/www.europesays.com\/fr\/wp-json\/wp\/v2\/posts\/694224\/revisions"}],"wp:featuredmedia":[{"embeddable":true,"href":"https:\/\/www.europesays.com\/fr\/wp-json\/wp\/v2\/media\/694225"}],"wp:attachment":[{"href":"https:\/\/www.europesays.com\/fr\/wp-json\/wp\/v2\/media?parent=694224"}],"wp:term":[{"taxonomy":"category","embeddable":true,"href":"https:\/\/www.europesays.com\/fr\/wp-json\/wp\/v2\/categories?post=694224"},{"taxonomy":"post_tag","embeddable":true,"href":"https:\/\/www.europesays.com\/fr\/wp-json\/wp\/v2\/tags?post=694224"}],"curies":[{"name":"wp","href":"https:\/\/api.w.org\/{rel}","templated":true}]}}