{"id":694247,"date":"2026-01-28T05:10:12","date_gmt":"2026-01-28T05:10:12","guid":{"rendered":"https:\/\/www.europesays.com\/fr\/694247\/"},"modified":"2026-01-28T05:10:12","modified_gmt":"2026-01-28T05:10:12","slug":"comment-le-centre-de-bron-accompagne-les-demandeurs-dasile","status":"publish","type":"post","link":"https:\/\/www.europesays.com\/fr\/694247\/","title":{"rendered":"comment le centre de Bron accompagne les demandeurs d\u2019asile"},"content":{"rendered":"<p>\u00ab\u00a0Ici je me sens bien. On m\u2019a tr\u00e8s bien accueillie, le personnel est gentil et chaque jour on m\u2019accompagne dans mes d\u00e9marches.\u00a0\u00bb Fran\u00e7oise* est arriv\u00e9e en avion, depuis la\u00a0R\u00e9publique d\u00e9mocratique du Congo (RDC), en octobre\u00a02025.<\/p>\n<p>Cette m\u00e8re de famille, ancienne secr\u00e9taire de direction a d\u00fb fuir son pays, seule, car de fortes menaces pesaient sur elle. En France, elle esp\u00e8re obtenir le statut de r\u00e9fugi\u00e9e, pour reprendre une vie plus apais\u00e9e. Pour des raisons de s\u00e9curit\u00e9, Le Progr\u00e8s ne peut d\u00e9voiler les d\u00e9tails de son histoire.<\/p>\n<p>Melun, Villeurbanne puis Bron<\/p>\n<p>Aujourd\u2019hui h\u00e9berg\u00e9e au Centre d\u2019accueil&#8230;<\/p>\n","protected":false},"excerpt":{"rendered":"\u00ab\u00a0Ici je me sens bien. On m\u2019a tr\u00e8s bien accueillie, le personnel est gentil et chaque jour on&hellip;\n","protected":false},"author":2,"featured_media":694248,"comment_status":"","ping_status":"","sticky":false,"template":"","format":"standard","meta":{"footnotes":""},"categories":[1889],"tags":[1111,11,2430,9492,12890,3152,1777,674,1011,27,1061,1908,2428,12,25,2429,801,104,1631],"class_list":{"0":"post-694247","1":"post","2":"type-post","3":"status-publish","4":"format-standard","5":"has-post-thumbnail","7":"category-lyon","8":"tag-actu","9":"tag-actualites","10":"tag-auvergne-rhone-alpes","11":"tag-bron","12":"tag-bron-ville","13":"tag-edition-est-lyonnais","14":"tag-eu","15":"tag-europe","16":"tag-fr","17":"tag-france","18":"tag-immigration","19":"tag-logement","20":"tag-lyon","21":"tag-news","22":"tag-republique-francaise","23":"tag-rhone","24":"tag-social","25":"tag-societe","26":"tag-vie-associative"},"share_on_mastodon":{"url":"https:\/\/pubeurope.com\/@fr\/115971006391476595","error":""},"_links":{"self":[{"href":"https:\/\/www.europesays.com\/fr\/wp-json\/wp\/v2\/posts\/694247","targetHints":{"allow":["GET"]}}],"collection":[{"href":"https:\/\/www.europesays.com\/fr\/wp-json\/wp\/v2\/posts"}],"about":[{"href":"https:\/\/www.europesays.com\/fr\/wp-json\/wp\/v2\/types\/post"}],"author":[{"embeddable":true,"href":"https:\/\/www.europesays.com\/fr\/wp-json\/wp\/v2\/users\/2"}],"replies":[{"embeddable":true,"href":"https:\/\/www.europesays.com\/fr\/wp-json\/wp\/v2\/comments?post=694247"}],"version-history":[{"count":0,"href":"https:\/\/www.europesays.com\/fr\/wp-json\/wp\/v2\/posts\/694247\/revisions"}],"wp:featuredmedia":[{"embeddable":true,"href":"https:\/\/www.europesays.com\/fr\/wp-json\/wp\/v2\/media\/694248"}],"wp:attachment":[{"href":"https:\/\/www.europesays.com\/fr\/wp-json\/wp\/v2\/media?parent=694247"}],"wp:term":[{"taxonomy":"category","embeddable":true,"href":"https:\/\/www.europesays.com\/fr\/wp-json\/wp\/v2\/categories?post=694247"},{"taxonomy":"post_tag","embeddable":true,"href":"https:\/\/www.europesays.com\/fr\/wp-json\/wp\/v2\/tags?post=694247"}],"curies":[{"name":"wp","href":"https:\/\/api.w.org\/{rel}","templated":true}]}}