{"id":694304,"date":"2026-01-28T05:48:12","date_gmt":"2026-01-28T05:48:12","guid":{"rendered":"https:\/\/www.europesays.com\/fr\/694304\/"},"modified":"2026-01-28T05:48:12","modified_gmt":"2026-01-28T05:48:12","slug":"lice-cause-la-mort-mais-melania-trump-exhorte-surtout-les-manifestants-au-calme","status":"publish","type":"post","link":"https:\/\/www.europesays.com\/fr\/694304\/","title":{"rendered":"L\u2019ICE cause la mort mais Melania Trump exhorte surtout les manifestants au \u00ab\u00a0calme\u00a0\u00bb"},"content":{"rendered":"<p>Alors que les Etats-Unis se fracturent sur la politique radicale de Donald Trump contre l\u2019immigration, la premi\u00e8re dame am\u00e9ricaine a tenu \u00e0 faire entendre sa voix mardi, esp\u00e9rant ainsi contribuer <a href=\"https:\/\/www.20minutes.fr\/monde\/etats-unis\/4198191-20260127-etats-unis-minneapolis-peur-partout-economie-vacille-temoigne-pasteur-victor-martinez\" target=\"_blank\" class=\"c-link c-link--is-underlined\" rel=\"noopener\">\u00e0 mettre fin aux violences<\/a>. Mais son message ne s\u2019adresse pas particuli\u00e8rement \u00e0 la tr\u00e8s controvers\u00e9e police de l\u2019immigration (ICE), pourtant de plus en plus critiqu\u00e9e pour ses m\u00e9thodes brutales.<\/p>\n<p>En pleine promotion d\u2019un documentaire qui lui est consacr\u00e9, <a href=\"https:\/\/www.20minutes.fr\/monde\/etats-unis\/4194739-20260107-etats-unis-femme-deteste-quand-fais-trump-prend-sportifs-transgenres-imitant-halterophile\" target=\"_blank\" class=\"c-link c-link--is-underlined\" rel=\"noopener\">Melania Trump<\/a> a appel\u00e9 \u00e0 l&rsquo;\u00ab\u00a0unit\u00e9\u00a0\u00bb apr\u00e8s la mort ce mois-ci de deux manifestants, tu\u00e9s par des agents f\u00e9d\u00e9raux \u00e0 Minneapolis en marge d\u2019op\u00e9rations de l\u2019ICE.<\/p>\n<p>Melania Trump s\u2019oppose \u00e0 \u00ab\u00a0la violence\u00a0\u00bb<\/p>\n<p>L\u2019\u00e9pouse de Donald Trump a exhort\u00e9 \u00e0 manifester \u00ab\u00a0dans le calme\u00a0\u00bb contre cette police. \u00ab\u00a0Nous devons nous rassembler. J\u2019appelle \u00e0 l\u2019unit\u00e9\u00a0\u00bb, a-t-elle dit, interrog\u00e9e sur la cha\u00eene Fox News sur les \u00e9v\u00e9nements de Minneapolis.<\/p>\n<p>\u00ab\u00a0Je suis contre la violence donc s\u2019il vous pla\u00eet, si vous manifestez, manifestez dans le calme\u00a0\u00bb, a-t-elle encore d\u00e9clar\u00e9, interrog\u00e9e devant une affiche du documentaire Melania, qui la suit dans les trois semaines avant sa nouvelle investiture \u00e0 la Maison-Blanche en janvier\u00a02025. Ce dernier doit \u00eatre pr\u00e9sent\u00e9 en avant-premi\u00e8re ce mercredi \u00e0 Washington et sortira en salle vendredi. Une projection a eu lieu samedi \u00e0 la Maison-Blanche, quelques heures apr\u00e8s <a href=\"https:\/\/www.20minutes.fr\/monde\/etats-unis\/4198247-20260127-minneapolis-quoi-border-patrol-sorte-ice-bis-tue-alex-pretti\" target=\"_blank\" class=\"c-link c-link--is-underlined\" rel=\"noopener\">la mort d\u2019Alex Pretti, un infirmier de 37 ans, \u00e0 Minneapolis<\/a>.<\/p>\n<p><a href=\"https:\/\/www.20minutes.fr\/monde\/etats-unis\/\" target=\"_blank\" class=\"c-link c-btn c-btn--primary\" rel=\"noopener\">Notre dossier sur les Etats-Unis<\/a><\/p>\n<p>La sortie du documentaire intervient en outre apr\u00e8s un rapprochement marqu\u00e9 au cours de l\u2019ann\u00e9e pass\u00e9e entre le fondateur d\u2019Amazon, Jeff Bezos, et Donald Trump. Selon le Wall Street Journal, Melania Trump touchera plus de 70\u00a0% des 40\u00a0millions de dollars qu\u2019Amazon a d\u00e9bours\u00e9s pour financer le film, une somme bien plus \u00e9lev\u00e9e que l\u2019offre de 14\u00a0millions faite par Disney, la seconde plus \u00e9lev\u00e9e apr\u00e8s Amazon-MGM.<\/p>\n","protected":false},"excerpt":{"rendered":"Alors que les Etats-Unis se fracturent sur la politique radicale de Donald Trump contre l\u2019immigration, la premi\u00e8re dame&hellip;\n","protected":false},"author":2,"featured_media":694305,"comment_status":"","ping_status":"","sticky":false,"template":"","format":"standard","meta":{"footnotes":""},"categories":[5],"tags":[47,11,75,73,1011,27,4994,1061,14,21831,32194,74,12,133,7374,28],"class_list":{"0":"post-694304","1":"post","2":"type-post","3":"status-publish","4":"format-standard","5":"has-post-thumbnail","7":"category-international","8":"tag-actualite","9":"tag-actualites","10":"tag-donald-trump","11":"tag-etats-unis","12":"tag-fr","13":"tag-france","14":"tag-ice","15":"tag-immigration","16":"tag-international","17":"tag-melania-trump","18":"tag-minneapolis","19":"tag-monde","20":"tag-news","21":"tag-video","22":"tag-violences-policieres","23":"tag-world"},"share_on_mastodon":{"url":"https:\/\/pubeurope.com\/@fr\/115971155795079916","error":""},"_links":{"self":[{"href":"https:\/\/www.europesays.com\/fr\/wp-json\/wp\/v2\/posts\/694304","targetHints":{"allow":["GET"]}}],"collection":[{"href":"https:\/\/www.europesays.com\/fr\/wp-json\/wp\/v2\/posts"}],"about":[{"href":"https:\/\/www.europesays.com\/fr\/wp-json\/wp\/v2\/types\/post"}],"author":[{"embeddable":true,"href":"https:\/\/www.europesays.com\/fr\/wp-json\/wp\/v2\/users\/2"}],"replies":[{"embeddable":true,"href":"https:\/\/www.europesays.com\/fr\/wp-json\/wp\/v2\/comments?post=694304"}],"version-history":[{"count":0,"href":"https:\/\/www.europesays.com\/fr\/wp-json\/wp\/v2\/posts\/694304\/revisions"}],"wp:featuredmedia":[{"embeddable":true,"href":"https:\/\/www.europesays.com\/fr\/wp-json\/wp\/v2\/media\/694305"}],"wp:attachment":[{"href":"https:\/\/www.europesays.com\/fr\/wp-json\/wp\/v2\/media?parent=694304"}],"wp:term":[{"taxonomy":"category","embeddable":true,"href":"https:\/\/www.europesays.com\/fr\/wp-json\/wp\/v2\/categories?post=694304"},{"taxonomy":"post_tag","embeddable":true,"href":"https:\/\/www.europesays.com\/fr\/wp-json\/wp\/v2\/tags?post=694304"}],"curies":[{"name":"wp","href":"https:\/\/api.w.org\/{rel}","templated":true}]}}