{"id":694310,"date":"2026-01-28T05:51:11","date_gmt":"2026-01-28T05:51:11","guid":{"rendered":"https:\/\/www.europesays.com\/fr\/694310\/"},"modified":"2026-01-28T05:51:11","modified_gmt":"2026-01-28T05:51:11","slug":"lurssaf-inaugure-son-nouvel-espace-de-travail","status":"publish","type":"post","link":"https:\/\/www.europesays.com\/fr\/694310\/","title":{"rendered":"l&rsquo;Urssaf inaugure son nouvel espace de travail"},"content":{"rendered":"<p><img decoding=\"async\" class=\"\" style=\"width:100%\" src=\"https:\/\/www.europesays.com\/fr\/wp-content\/uploads\/2026\/01\/image0011769525492444.jpg\" alt=\"L'int\u00e9rieur du nouveau batiment.\"\/><\/p>\n<p>L&rsquo;int\u00e9rieur du nouveau batiment.<\/p>\n<p>Cr\u00e9dit : Activ Radio.<\/p>\n<p>L&rsquo;Urssaf a un nouveau b\u00e2timent \u00e0 Saint-\u00c9tienne. Le site est d\u00e9sormais situ\u00e9 rue Jean-Eug\u00e8ne Robert-Houdin, entre le FIL et la Com\u00e9die, mais il a \u00e9t\u00e9 pens\u00e9 pour s\u2019adapter aux nouveaux usages professionnels. Il a \u00e9t\u00e9 inaugur\u00e9 il y a quelques jours et vise \u00e0 favoriser la collaboration et \u00e0 rassembler les \u00e9quipes dans un cadre de travail moderne et partag\u00e9. Aujourd\u2019hui, pr\u00e8s de 80 % des salari\u00e9s t\u00e9l\u00e9travaillent jusqu\u2019\u00e0 trois jours par semaine. Une r\u00e9alit\u00e9 qui a conduit l\u2019Urssaf \u00e0 repenser l\u2019utilisation de ses locaux d\u00e9j\u00e0 existants.<\/p>\n<p>\u00ab\u00a0On avait des bureaux qui \u00e9taient vides, donc on a rassembl\u00e9 nos deux sites en un seul\u00a0\u00bb, explique Fr\u00e9d\u00e9rique Miny, directrice de l\u2019Urssaf Rh\u00f4ne-Alpes. Avec ce nouveau batiment, la surface est r\u00e9duite de moiti\u00e9 (ndlr, elle passe de 8000 m\u00b2 jusqu&rsquo;\u00e0 pr\u00e9sent, \u00e0 4700 d\u00e9sormais). Un choix motiv\u00e9 par l\u2019\u00e9volution des modes de travail, notamment le d\u00e9veloppement du t\u00e9l\u00e9travail au sein de l\u2019organisme : \u00ab\u00a0On a regroup\u00e9 les \u00e9quipes dans des locaux con\u00e7us pour travailler plus facilement en mode collaboratif.\u00a0\u00bb<\/p>\n<p>L\u2019objectif est clair : faire du temps pass\u00e9 sur site un moment d\u2019\u00e9change et de travail collectif. \u00ab\u00a0Quand ils viennent sur site, ils travaillent ensemble et ils se voient\u00a0\u00bb, souligne Fr\u00e9d\u00e9rique Miny. Espaces partag\u00e9s, lieux de r\u00e9union et environnement de travail repens\u00e9, le 5\u1d49 \u00c9l\u00e9ment incarne ainsi une nouvelle fa\u00e7on de concevoir le bureau, plus flexible et plus adapt\u00e9e aux usages actuels.<\/p>\n","protected":false},"excerpt":{"rendered":"L&rsquo;int\u00e9rieur du nouveau batiment. Cr\u00e9dit : Activ Radio. L&rsquo;Urssaf a un nouveau b\u00e2timent \u00e0 Saint-\u00c9tienne. Le site est&hellip;\n","protected":false},"author":2,"featured_media":694311,"comment_status":"","ping_status":"","sticky":false,"template":"","format":"standard","meta":{"footnotes":""},"categories":[9653],"tags":[1111,11,1998,2430,4807,1777,674,1011,27,12,25,79015,4001,13269,79014],"class_list":{"0":"post-694310","1":"post","2":"type-post","3":"status-publish","4":"format-standard","5":"has-post-thumbnail","7":"category-saint-etienne","8":"tag-actu","9":"tag-actualites","10":"tag-aura","11":"tag-auvergne-rhone-alpes","12":"tag-batiment","13":"tag-eu","14":"tag-europe","15":"tag-fr","16":"tag-france","17":"tag-news","18":"tag-republique-francaise","19":"tag-rhone_alpes","20":"tag-saint-etienne","21":"tag-site","22":"tag-ursaff"},"share_on_mastodon":{"url":"https:\/\/pubeurope.com\/@fr\/115971167629458253","error":""},"_links":{"self":[{"href":"https:\/\/www.europesays.com\/fr\/wp-json\/wp\/v2\/posts\/694310","targetHints":{"allow":["GET"]}}],"collection":[{"href":"https:\/\/www.europesays.com\/fr\/wp-json\/wp\/v2\/posts"}],"about":[{"href":"https:\/\/www.europesays.com\/fr\/wp-json\/wp\/v2\/types\/post"}],"author":[{"embeddable":true,"href":"https:\/\/www.europesays.com\/fr\/wp-json\/wp\/v2\/users\/2"}],"replies":[{"embeddable":true,"href":"https:\/\/www.europesays.com\/fr\/wp-json\/wp\/v2\/comments?post=694310"}],"version-history":[{"count":0,"href":"https:\/\/www.europesays.com\/fr\/wp-json\/wp\/v2\/posts\/694310\/revisions"}],"wp:featuredmedia":[{"embeddable":true,"href":"https:\/\/www.europesays.com\/fr\/wp-json\/wp\/v2\/media\/694311"}],"wp:attachment":[{"href":"https:\/\/www.europesays.com\/fr\/wp-json\/wp\/v2\/media?parent=694310"}],"wp:term":[{"taxonomy":"category","embeddable":true,"href":"https:\/\/www.europesays.com\/fr\/wp-json\/wp\/v2\/categories?post=694310"},{"taxonomy":"post_tag","embeddable":true,"href":"https:\/\/www.europesays.com\/fr\/wp-json\/wp\/v2\/tags?post=694310"}],"curies":[{"name":"wp","href":"https:\/\/api.w.org\/{rel}","templated":true}]}}