{"id":694345,"date":"2026-01-28T06:16:21","date_gmt":"2026-01-28T06:16:21","guid":{"rendered":"https:\/\/www.europesays.com\/fr\/694345\/"},"modified":"2026-01-28T06:16:21","modified_gmt":"2026-01-28T06:16:21","slug":"une-feuille-de-route-pour-que-le-port-de-bordeaux-ne-reste-pas-a-quais-en-2050","status":"publish","type":"post","link":"https:\/\/www.europesays.com\/fr\/694345\/","title":{"rendered":"Une feuille de route pour que le port de Bordeaux ne reste pas \u00e0 quais en 2050"},"content":{"rendered":"<p class=\"wp-block-post-excerpt__excerpt\">Un rapport prospectif sur le Grand port maritime de Bordeaux formule 31 recommandations, dont une \u00ab\u00a0task force\u00a0\u00bb associant davantage l\u2019Etat et les collectivit\u00e9s locales, et le soutien \u00e0 plusieurs fili\u00e8res. <\/p>\n<p><a href=\"https:\/\/rue89bordeaux.com\/category\/actualite\/\" rel=\"tag noopener\" target=\"_blank\">Actualit\u00e9<\/a>, <a href=\"https:\/\/rue89bordeaux.com\/category\/kiosque-abonne\/\" rel=\"tag noopener\" target=\"_blank\">\u00c9dition abonn\u00e9s<\/a><\/p>\n<p>Simon Barth\u00e9l\u00e9my<\/p>\n<p>Publi\u00e9 le 28 janvier 2026\u00a0\u00a0\u00b7\u00a0\u00a0<\/p>\n<p>Imprim\u00e9 le 28 janvier 2026 \u00e0 07h16\u00a0\u00a0\u00b7\u00a0\u00a0<\/p>\n<p>\t\t\t\t\t5\u00a0minutes\n<\/p>\n<p>Fluctuat, net mergitur. Depuis 50 ans, le trafic du port de Bordeaux d\u00e9cline lentement mais s\u00fbrement : pr\u00e8s de 26 millions de tonnes en 1971, un peu moins de <a href=\"https:\/\/www.lejournaldesentreprises.com\/article\/port-de-bordeaux84-de-tonnage-global-14787\" target=\"_blank\" rel=\"noopener\">9 millions en 200<\/a>, 6,3 millions de tonnes <a href=\"https:\/\/www.sudouest.fr\/gironde\/bordeaux\/le-trafic-du-port-industriel-de-bordeaux-en-progression-de-1-4-en-2024-22982629.php\" target=\"_blank\" rel=\"noopener\">en 2024<\/a>, ce qui fait de la plateforme girondine le plus petit des grands ports fran\u00e7ais. <\/p>\n<p>Le port de la Lune est ainsi tr\u00e8s loin derri\u00e8re les standards des g\u00e9ants europ\u00e9en (Rotterdam est \u00e0 435 millions de tonnes), mais aussi nationaux \u2013 \u00ab\u00a0Haropa\u00a0\u00bb (Le Havre-Rouen-Paris port) \u00ab\u00a0p\u00e8se\u00a0\u00bb 130 millions de tonnes, Marseille 97, et m\u00eame r\u00e9gionaux puisque La Rochelle est \u00e0 8,5 millions de tonnes.<\/p>\n<p>Cette situation agace l\u2019actionnaire du Grand port maritime de Bordeaux, \u00e0 savoir l\u2019Etat. Le pr\u00e9fet de la Gironde, Etienne Guyot, a donc confi\u00e9 l\u2019an dernier une \u00e9tude \u00e0 Catherine Rivoallon Pustoc\u2019h, de l\u2019Inspection g\u00e9n\u00e9rale de l\u2019environnement et du d\u00e9veloppement durable (Igedd), Jean-Marc Lacave, consultant et ancien d\u00e9l\u00e9gu\u00e9 g\u00e9n\u00e9ral d\u2019Armateurs de France, et Simon Du Moulin de Labarthete, directeur g\u00e9n\u00e9ral de l\u2019a-urba, l\u2019agence d\u2019urbanisme de l\u2019agglo bordelaise.  <\/p>\n<p>\t\t\u00ab\u00a0Besoin de faire bloc\u00a0\u00bb<\/p>\n<p>Leur mission : \u00e9laborer une feuille de route \u00e0 l\u2019horizon 2050 pour le Port de Bordeaux. Les trois auteurs ont rendu en d\u00e9cembre le r\u00e9sultat de ces travaux, apr\u00e8s avoir auditionn\u00e9 une cinquantaine d\u2019acteurs de la place. Ils ont \u00e9t\u00e9 pr\u00e9sent\u00e9s ce mardi 27 janvier \u00e0 la pr\u00e9fecture.<\/p>\n<blockquote class=\"wp-block-quote is-layout-flow wp-block-quote-is-layout-flow\">\n<p>\u00ab\u00a0Il ressort de cette d\u00e9marche prospective la n\u00e9cessit\u00e9 de prendre collectivement conscience que le port est un bien commun territorial en capacit\u00e9 de faciliter de nombreuses politiques publiques men\u00e9es sur le territoire\u00a0\u00bb, estiment-ils. <\/p>\n<\/blockquote>\n<p><img loading=\"lazy\" decoding=\"async\" width=\"480\" height=\"480\" src=\"https:\/\/www.europesays.com\/fr\/wp-content\/uploads\/2025\/04\/23-paywall.png\" alt=\"Abonnez-vous\" class=\"wp-image-128439\" style=\"aspect-ratio:1;width:210px;height:auto\"  \/><\/p>\n<p>Cet article fait partie de l\u2019\u00e9dition abonn\u00e9s. Pour lire la suite, profitez d\u2019une offre d\u00e9couverte \u00e0 1\u20ac.<\/p>\n<p class=\"has-gray-700-color has-text-color has-medium-font-size\">Contribuez \u00e0 consolider un m\u00e9dia ind\u00e9pendant \u00e0 Bordeaux, en capacit\u00e9 d\u2019enqu\u00eater sur les enjeux locaux.<\/p>\n<p>\t\t\t<a href=\"https:\/\/rue89bordeaux.com\/\" class=\"custom-logo-link\" rel=\"home noopener\" target=\"_blank\"><img loading=\"lazy\" decoding=\"async\" width=\"290\" height=\"49\" src=\"https:\/\/www.europesays.com\/fr\/wp-content\/uploads\/2025\/04\/logo.png\" class=\"custom-logo\" alt=\"Rue89Bordeaux Enqu\u00eates et informations de proximit\u00e9\"  \/><\/a><\/p>\n<p>\n\t\t\t\tAbonnez-vous maintenant pour suivre l\u2019actualit\u00e9 locale.\t\t\t<\/p>\n<p class=\"font-bold font-serif-heading mb-2 text-4xl\">\n\t\t\t\t\t\tL\u2019investigation locale \u00e0 port\u00e9e de main.\n\t\t\t\t\t<\/p>\n<p>\n\t\t\t\t\t\tAbonnez-vous et profitez d\u2019un acc\u00e8s illimit\u00e9 \u00e0 Rue89Bordeaux. Annulez quand vous voulez.\n\t\t\t\t\t<\/p>\n<p class=\"xl:text-sm\">\n\t\t\t\t\tD\u00e9j\u00e0 abonn\u00e9\u00a0?<br \/>\n\t\t\t\t\t<a class=\"border border-transparent text-center transition-colors duration-instant focus:border-info focus:rounded focus:shadow-focus cursor-pointer text-black hover:text-gray-700 active:bg-black-700 font-semibold inline-block\" href=\"https:\/\/rue89bordeaux.com\/user\/login\/?redirect=\/2026\/01\/une-feuille-de-route-pour-que-le-port-de-bordeaux-ne-reste-pas-a-quais-en-2050\/\" target=\"_blank\" rel=\"noopener\">Connectez-vous<\/a>\t\t\t\t<\/p>\n<p>\n\t\t\t\tChoisissez votre formule\u00a0:\n\t\t\t<\/p>\n<p>\t\t\t\tFermer<\/p>\n","protected":false},"excerpt":{"rendered":"Un rapport prospectif sur le Grand port maritime de Bordeaux formule 31 recommandations, dont une \u00ab\u00a0task force\u00a0\u00bb associant&hellip;\n","protected":false},"author":2,"featured_media":694346,"comment_status":"","ping_status":"","sticky":false,"template":"","format":"standard","meta":{"footnotes":""},"categories":[2817],"tags":[1111,11,1997,33,1777,674,1011,27,79017,12,2219,7131,25,800],"class_list":{"0":"post-694345","1":"post","2":"type-post","3":"status-publish","4":"format-standard","5":"has-post-thumbnail","7":"category-bordeaux","8":"tag-actu","9":"tag-actualites","10":"tag-bordeaux","11":"tag-economie","12":"tag-eu","13":"tag-europe","14":"tag-fr","15":"tag-france","16":"tag-grand-port-maritime-de-bordeaux","17":"tag-news","18":"tag-nouvelle-aquitaine","19":"tag-prefecture-de-la-gironde","20":"tag-republique-francaise","21":"tag-transports"},"share_on_mastodon":{"url":"https:\/\/pubeurope.com\/@fr\/115971266307982282","error":""},"_links":{"self":[{"href":"https:\/\/www.europesays.com\/fr\/wp-json\/wp\/v2\/posts\/694345","targetHints":{"allow":["GET"]}}],"collection":[{"href":"https:\/\/www.europesays.com\/fr\/wp-json\/wp\/v2\/posts"}],"about":[{"href":"https:\/\/www.europesays.com\/fr\/wp-json\/wp\/v2\/types\/post"}],"author":[{"embeddable":true,"href":"https:\/\/www.europesays.com\/fr\/wp-json\/wp\/v2\/users\/2"}],"replies":[{"embeddable":true,"href":"https:\/\/www.europesays.com\/fr\/wp-json\/wp\/v2\/comments?post=694345"}],"version-history":[{"count":0,"href":"https:\/\/www.europesays.com\/fr\/wp-json\/wp\/v2\/posts\/694345\/revisions"}],"wp:featuredmedia":[{"embeddable":true,"href":"https:\/\/www.europesays.com\/fr\/wp-json\/wp\/v2\/media\/694346"}],"wp:attachment":[{"href":"https:\/\/www.europesays.com\/fr\/wp-json\/wp\/v2\/media?parent=694345"}],"wp:term":[{"taxonomy":"category","embeddable":true,"href":"https:\/\/www.europesays.com\/fr\/wp-json\/wp\/v2\/categories?post=694345"},{"taxonomy":"post_tag","embeddable":true,"href":"https:\/\/www.europesays.com\/fr\/wp-json\/wp\/v2\/tags?post=694345"}],"curies":[{"name":"wp","href":"https:\/\/api.w.org\/{rel}","templated":true}]}}