{"id":694351,"date":"2026-01-28T06:19:10","date_gmt":"2026-01-28T06:19:10","guid":{"rendered":"https:\/\/www.europesays.com\/fr\/694351\/"},"modified":"2026-01-28T06:19:10","modified_gmt":"2026-01-28T06:19:10","slug":"municipales-2026-a-toulouse-bataille-en-coulisses-entre-les-deux-gauches","status":"publish","type":"post","link":"https:\/\/www.europesays.com\/fr\/694351\/","title":{"rendered":"Municipales 2026 \u00e0 Toulouse\u00a0: bataille en coulisses entre les deux gauches"},"content":{"rendered":"<p>\n                                                                    l&rsquo;essentiel<br \/>\n                                                                En ciblant Fran\u00e7ois Piquemal et Jean-Luc M\u00e9lenchon, lundi, S\u00e9bastien Vincini (PS) ent\u00e9rine, au moins pour le premier tour des municipales, le divorce avec les Insoumis. Objectif\u00a0: que la liste PS prenne clairement le leadership \u00e0 gauche.\n                            <\/p>\n<p>Si les deux principaux candidats de la gauche aux municipales de Toulouse, Fran\u00e7ois Brian\u00e7on (PS) et Fran\u00e7ois Piquemal (LFI), prennent soin de ne pas s\u2019\u00e9gratigner, les entourages sont libres de jouer les m\u00e9chants et d\u2019envoyer des scuds. Lors de ses v\u0153ux \u00e0 la presse, lundi, le pr\u00e9sident socialiste du conseil d\u00e9partemental, S\u00e9bastien Vincini, a ainsi endoss\u00e9 le costume du sniper\u00a0en ciblant Fran\u00e7ois Piquemal (LFI) \u00ab\u00a0qui a d\u00e9cid\u00e9 de faire des municipales un marchepied de la pr\u00e9sidentielle\u00a0\u00bb de Jean-Luc M\u00e9lenchon.<\/p>\n<p>S\u00e9bastien Vincini a m\u00eame accus\u00e9 le n\u00b0\u00a01 des Insoumis de se \u00ab\u00a0d\u00e9tourner de l\u2019ambition universaliste\u00a0\u00bb de la gauche. Et donc de sortir, comme d\u2019autres l\u2019ont dit avant lui, de l\u2019arc r\u00e9publicain.<\/p>\n<p>\u00ab\u00a0Le grand remplacement\u00a0\u00bb d\u00e9tourn\u00e9<\/p>\n<p>Le d\u00e9put\u00e9 Hadrien Clouet, pr\u00e9sent au premier rang lors du meeting du leader de LFI\u00a0\u00e0 Toulouse, d\u00e9fend l\u2019utilisation de l\u2019expression \u00ab\u00a0grand remplacement\u00a0\u00bb par Jean-Luc M\u00e9lenchon. Cette expression, dont Eric Zemmour et Jordan Bardella ont salu\u00e9 l\u2019usage par le chef des Insoumis, a en fait \u00e9t\u00e9 d\u00e9tourn\u00e9e\u00a0du sens raciste que lui a donn\u00e9 son auteur, Renaud Camus. \u00ab\u00a0Le seul grand remplacement qui existe, c\u2019est celui des g\u00e9n\u00e9rations\u00a0\u00bb, explique le d\u00e9put\u00e9. Et il y a un an, Jean-Luc M\u00e9lenchon l\u2019avait d\u00e9j\u00e0 utilis\u00e9e \u00e0 Toulouse avec son concept de Nouvelle France, c\u2019est-\u00e0-dire d\u2019une France \u00ab\u00a0cr\u00e9olis\u00e9e\u00a0\u00bb.<\/p>\n<p>Hadrien Clouet se dit surpris par l\u2019attaque de S\u00e9bastien Vincini. \u00c0 Toulouse, \u00ab\u00a0notre objectif est de virer Jean-Luc Moudenc et pour cela nous tendrons la main\u00a0\u00bb \u00e0 la liste Brian\u00e7on (PS). Mais \u00e0 ses yeux, au premier tour, \u00ab\u00a0le vote socialiste est la meilleure assurance vie de Jean-Luc Moudenc\u00a0\u00bb.<\/p>\n<p>Le candidat Insoumis Fran\u00e7ois Piquemal ne veut pas surench\u00e9rir\u00a0: cette passe d\u2019armes \u00ab\u00a0confirme que pour battre M. Moudenc, il faut voter Demain Toulouse car nous sommes les seuls \u00e0 garantir l\u2019union de la gauche.\u00a0\u00bb Fran\u00e7ois Brian\u00e7on aussi n\u2019en rajoute pas. Il partage \u00ab\u00a0l\u2019irritation\u00a0\u00bb de S\u00e9bastien Vincini. Et renvoie au soir du premier tour la d\u00e9cision d\u2019une \u00e9ventuelle alliance de second tour.<\/p>\n","protected":false},"excerpt":{"rendered":"l&rsquo;essentiel En ciblant Fran\u00e7ois Piquemal et Jean-Luc M\u00e9lenchon, lundi, S\u00e9bastien Vincini (PS) ent\u00e9rine, au moins pour le premier&hellip;\n","protected":false},"author":2,"featured_media":694352,"comment_status":"","ping_status":"","sticky":false,"template":"","format":"standard","meta":{"footnotes":""},"categories":[2816],"tags":[1111,11,1777,674,1011,27,329,2722,3434,12,2680,316,25,2312,37919],"class_list":{"0":"post-694351","1":"post","2":"type-post","3":"status-publish","4":"format-standard","5":"has-post-thumbnail","7":"category-toulouse","8":"tag-actu","9":"tag-actualites","10":"tag-eu","11":"tag-europe","12":"tag-fr","13":"tag-france","14":"tag-france-monde","15":"tag-haute-garonne","16":"tag-municipales-2026","17":"tag-news","18":"tag-occitanie","19":"tag-politique","20":"tag-republique-francaise","21":"tag-toulouse","22":"tag-u00c9lections"},"share_on_mastodon":{"url":"https:\/\/pubeurope.com\/@fr\/115971278200348158","error":""},"_links":{"self":[{"href":"https:\/\/www.europesays.com\/fr\/wp-json\/wp\/v2\/posts\/694351","targetHints":{"allow":["GET"]}}],"collection":[{"href":"https:\/\/www.europesays.com\/fr\/wp-json\/wp\/v2\/posts"}],"about":[{"href":"https:\/\/www.europesays.com\/fr\/wp-json\/wp\/v2\/types\/post"}],"author":[{"embeddable":true,"href":"https:\/\/www.europesays.com\/fr\/wp-json\/wp\/v2\/users\/2"}],"replies":[{"embeddable":true,"href":"https:\/\/www.europesays.com\/fr\/wp-json\/wp\/v2\/comments?post=694351"}],"version-history":[{"count":0,"href":"https:\/\/www.europesays.com\/fr\/wp-json\/wp\/v2\/posts\/694351\/revisions"}],"wp:featuredmedia":[{"embeddable":true,"href":"https:\/\/www.europesays.com\/fr\/wp-json\/wp\/v2\/media\/694352"}],"wp:attachment":[{"href":"https:\/\/www.europesays.com\/fr\/wp-json\/wp\/v2\/media?parent=694351"}],"wp:term":[{"taxonomy":"category","embeddable":true,"href":"https:\/\/www.europesays.com\/fr\/wp-json\/wp\/v2\/categories?post=694351"},{"taxonomy":"post_tag","embeddable":true,"href":"https:\/\/www.europesays.com\/fr\/wp-json\/wp\/v2\/tags?post=694351"}],"curies":[{"name":"wp","href":"https:\/\/api.w.org\/{rel}","templated":true}]}}