{"id":694362,"date":"2026-01-28T06:27:27","date_gmt":"2026-01-28T06:27:27","guid":{"rendered":"https:\/\/www.europesays.com\/fr\/694362\/"},"modified":"2026-01-28T06:27:27","modified_gmt":"2026-01-28T06:27:27","slug":"a-pied-en-voiture-ou-a-velo-comment-les-clients-des-commerces-de-chelles-se-deplacent-ils","status":"publish","type":"post","link":"https:\/\/www.europesays.com\/fr\/694362\/","title":{"rendered":"A pied, en voiture ou \u00e0 v\u00e9lo&#8230; comment les clients des commerces de Chelles se d\u00e9placent-ils\u00a0?"},"content":{"rendered":"<p>                    Par<br \/>\n        <strong><br \/>\n            <a href=\"https:\/\/actu.fr\/auteur\/benjamin-forant\" title=\"Consulter tous les articles de Benjamin Forant\" target=\"_blank\" rel=\"noopener\">Benjamin Forant<\/a><br \/>\n                    <\/strong><\/p>\n<p>        Publi\u00e9 le<\/p>\n<p>            28 janv. 2026 \u00e0 6h10        <\/p>\n<p>Depuis de nombreuses ann\u00e9es, la sant\u00e9 \u00e9conomique des <a href=\"https:\/\/actu.fr\/tag\/commerce\" target=\"_blank\" rel=\"noopener\">commerces<\/a> de <b>centre-ville<\/b> est un sujet qui agite <b>habitants, commer\u00e7ants<\/b> et <b>\u00e9lus.<\/b> En effet, avec le d\u00e9veloppement des centres commerciaux et d\u2019internet, r\u00e9ussir \u00e0 faire vivre sa boutique n\u2019a rien d\u2019\u00e9vident.<br \/>Alors que de nombreuses demandes sont faites aux villes, notamment concernant le manque de <a href=\"https:\/\/actu.fr\/tag\/stationnement\" target=\"_blank\" rel=\"noopener\">stationnement <\/a>aupr\u00e8s de ces dits commerces, le <b>collectif \u00ab V\u00e9lo \u00cele-de-France \u00bb<\/b> a d\u00e9cid\u00e9 d\u2019effectuer une <b>enqu\u00eate,<\/b> notamment \u00e0 <a href=\"https:\/\/actu.fr\/ile-de-france\/chelles_77108\" target=\"_blank\" rel=\"noopener\">Chelles <\/a><a href=\"https:\/\/actu.fr\/ile-de-france\/seine-et-marne_77\" target=\"_blank\" rel=\"noopener\">(Seine-et-Marne)<\/a>. Et les r\u00e9sultats sont surprenants.<\/p>\n<p class=\" wall-content\">Cette derni\u00e8re est simple et est expliqu\u00e9e par le collectif. \u00ab Le Collectif V\u00e9lo \u00cele-de-France a men\u00e9 une enqu\u00eate de terrain quantitative \u00e0 Chelles, Ermont, Antony et Rosny, quatre<b> villes de \u00ab\u00a0moyenne couronne\u00a0\u00bb<\/b> o\u00f9 la <b>voiture<\/b> est encore <b>omnipr\u00e9sente,<\/b> pour savoir si les clients prennent r\u00e9ellement la voiture pour aller faire leurs courses \u00bb d\u00e9taillent-ils en introduction du rapport final.<\/p>\n<p>La majorit\u00e9 des clients sont pi\u00e9tons<\/p>\n<p class=\" wall-content\">\u00c0 Chelles, c\u2019est <b>l\u2019association<\/b> <a href=\"https:\/\/actu.fr\/ile-de-france\/chelles_77108\/il-y-a-une-progression-encourageante-quel-bilan-peut-on-tirer-du-barometre-velo-a-chelles_63231289.html\" target=\"_blank\" rel=\"noopener\">\u00ab Chelles \u00e0 v\u00e9lo \u00bb<\/a> qui s\u2019est occup\u00e9e de l\u2019enqu\u00eate. \u00ab Nous devions d\u00e9limiter un cadre, explique Richard, membre de l\u2019association. Nous avons donc d\u00e9cid\u00e9 de nous limiter \u00e0 l\u2019<b>avenue de la R\u00e9sistance<\/b>, qui nous semblait \u00eatre <b>un lieu d\u2019\u00e9tude int\u00e9ressant<\/b> car c\u2019est un endroit central, tr\u00e8s passant pour les v\u00e9hicules motoris\u00e9s et sans am\u00e9nagement cyclable. Nous avons r\u00e9colt\u00e9 <b>172 r\u00e9ponses de clients <\/b>des commerces de la rue ainsi que des commer\u00e7ants eux-m\u00eames \u00bb.<\/p>\n<p class=\" wall-content\">Et les <b>r\u00e9sultats<\/b> sont <b>frappants<\/b> : les clients sont, dans<b> 63 % des cas, des pi\u00e9tons<\/b>. 11 % utilisent les transports en commun, 8,5 % le v\u00e9lo ou la trottinette et <b>\u00ab seulement \u00bb 17 % la voiture<\/b>. \u00ab Cela est logique quand on voit le lieu d\u2019habitation de ces clients, continue Richard. Pr\u00e8s de<b> 50 % d\u2019entre eux habitent dans le centre-ville<\/b>, 30 % viennent des autres quartiers de Chelles et 23 % de l\u2019ext\u00e9rieur de la commune. \u00bb<\/p>\n<p class=\" wall-content\">Selon le rapport,<b> trois quarts des pi\u00e9tons<\/b> viennent <b>plusieurs fois par semaine <\/b>en centre-ville.<\/p>\n<blockquote class=\"ac-article-quote wall-content\">\n<p>L\u2019atout majeur de Chelles r\u00e9side dans l\u2019ancrage local de sa client\u00e8le.<\/p>\n<p>Le Collectif V\u00e9lo Ile-de-France<\/p><\/blockquote>\n<p>Une perception diff\u00e9rente chez les commer\u00e7ants<\/p>\n<p class=\" wall-content\">Cette \u00e9tude a \u00e9galement permis de montrer aux commer\u00e7ants qu\u2019ils avaient une vision \u00e9loign\u00e9e de la r\u00e9alit\u00e9 vis-\u00e0-vis des moyens de d\u00e9placement de leurs clients. \u00ab Nous avions<b> l\u2019intuition <\/b>qu\u2019il y avait une diff\u00e9rence entre ce que <b>les commer\u00e7ants<\/b> pensaient de<b> leurs clients et la r\u00e9alit\u00e9<\/b>, et cela s\u2019est v\u00e9rifi\u00e9 \u00bb, ajoute Richard.<\/p>\n<p>Votre r\u00e9gion, votre actu !<\/p>\n<p>Recevez chaque jour les infos qui comptent pour vous.<\/p>\n<p>\t<a href=\"https:\/\/actu.fr\/newsletter\" class=\"ac-btn ac-btn--corner ac-btn--medium ac-btn--blue800\" target=\"_blank\" rel=\"noopener\">S&rsquo;incrire<\/a><\/p>\n<p class=\" wall-content\">En effet, les<b> commer\u00e7ants pensaient \u00e0 40 % que leurs clients venaient en voiture,<\/b> alors que ce v\u00e9hicule n\u2019est utilis\u00e9 qu\u2019\u00e0 17 %. \u00ab Pour eux, 40 % venaient \u00e0 pied alors qu\u2019en r\u00e9alit\u00e9, ils sont 63 % \u00bb, d\u00e9taille le membre de \u00ab Chelles \u00e0 v\u00e9lo \u00bb. M\u00eame constat, dans une moindre mesure, pour le <b>v\u00e9lo<\/b> et la trottinette <b>(3 % dans l\u2019esprit des commer\u00e7ants, 9 % en r\u00e9alit\u00e9<\/b>) et pour les transports en commun (<b>7 % pour les commer\u00e7ants, 11 % en r\u00e9alit\u00e9<\/b>). \u00ab Les <b>clients en voiture sont trois fois surestim\u00e9s<\/b>, et c\u2019est significatif de ce que les gens pensent car, quand on parle d\u2019am\u00e9nagement pour les mobilit\u00e9s douces, on entend les commer\u00e7ants \u00eatre persuad\u00e9s que <b>\u00e7a les desservira, alors que ce n\u2019est pas forc\u00e9ment le cas.<\/b> Avoir une avenue apais\u00e9e \u00e7a peut aider \u00e0 avoir plus de clients. \u00bb<\/p>\n<p class=\" wall-content\">Dans ce contexte, selon Richard, les commer\u00e7ants surestimeraient la difficult\u00e9 des clients \u00e0 se stationner car, dans les faits, tr\u00e8s peu viennent en voiture. \u00ab En proportion, les commer\u00e7ants viennent bien plus en voiture que leurs clients (38 % vs 17 %), ils ont donc <b>une sensation li\u00e9e \u00e0 leur exp\u00e9rience.<\/b> \u00bb<\/p>\n<p>La voiture\u2026 un frein \u00e0 l\u2019achat ?<\/p>\n<p class=\" wall-content\">La question de la voiture est donc essentielle. Selon le rapport, \u00ab les <b>automobilistes<\/b> viennent un peu moins souvent que les pi\u00e9tons et mais ach\u00e8tent des quantit\u00e9s comparables \u00e0 ces derniers. De plus, ils ne d\u00e9pensent pas davantage que le reste. Il ne s\u2019<b>agit donc pas de la client\u00e8le la plus int\u00e9ressante pour les commerces chellois.<\/b> \u00bb<\/p>\n<p class=\" wall-content\">En effet, en se penchant sur les chiffres, on peut voir que pr\u00e8s de <b>la moiti\u00e9 des pi\u00e9tons interrog\u00e9s indiquent venir en centre-ville tous les jours ou presque<\/b>, et un quart dit venir au moins une fois par semaine. Du c\u00f4t\u00e9 des automobilistes, moins de 10 % se rendent en centre-ville quotidiennement.<\/p>\n<p class=\" wall-content\">Malgr\u00e9 tout, l\u2019avenue de la R\u00e9sistance reste une voie <b>o\u00f9 \u00e9norm\u00e9ment de v\u00e9hicules circulent<\/b>. Cette surabondance de voitures serait point\u00e9e du doigt par les clients des commerces. \u00ab La situation est sensiblement la m\u00eame qu\u2019\u00e0 Rosny-sous-Bois : la rue est consid\u00e9r\u00e9e comme conviviale et accueillante par une grande majorit\u00e9 (86 %) des usagers. Cependant, les clients des commerces chellois trouvent aussi qu\u2019il y a<b> trop de voitures dans l\u2019avenue de la R\u00e9sistance<\/b> et que celles-ci sont<b> trop bruyantes <\/b>\u00bb, peut-on lire dans l\u2019\u00e9tude.<\/p>\n<p class=\" wall-content\">Des \u00e9l\u00e9ments que confirme Richard.<\/p>\n<blockquote class=\"ac-article-quote wall-content\">\n<p>Quand on a interrog\u00e9 les clients, 43 % \u00e9taient tout \u00e0 fait d\u2019accord \u00e0 l\u2019affirmation \u00a0\u00bbil y a trop de voitures\u00a0\u00bb et 26 % \u00e9taient plut\u00f4t d\u2019accord. M\u00eame constat pour les cyclistes.<\/p>\n<\/blockquote>\n<p>Les recommandations du collectif<\/p>\n<p class=\" wall-content\">Pour le collectif \u00ab V\u00e9lo Ile-de-France \u00bb et l\u2019association \u00ab Chelles \u00e0 v\u00e9lo \u00bb, la conclusion est une \u00e9vidence : il faut<b> diminuer le trafic<\/b> et <b>am\u00e9nager des infrastructures cyclables s\u00e9curis\u00e9es.<\/b> \u00ab R\u00e9duire la place de la voiture et faire plus de place aux mobilit\u00e9s douces pourrait \u00eatre quelque chose de positif pour les commerces \u00bb, explique Richard. \u00ab Autour de nous, comme \u00e0 Pantin ou Saint-Denis, il y a des perspectives d\u2019\u00e9volutions. Pour Chelles, un apaisement de l\u2019avenue permettrait \u00e0 plus de gens de venir \u00e0 pied et de fr\u00e9quenter davantage les caf\u00e9s ou restaurants. Beaucoup de gens se plaignent des v\u00e9los et trottinettes sur les trottoirs, mais <b>la route est tellement dangereuse<\/b> qu\u2019une piste cyclable conviendrait \u00e0 tout le monde \u00bb, conclut-il.<\/p>\n<p>Une pr\u00e9sentation publique du r\u00e9sultat du barom\u00e8tre v\u00e9lo ainsi que de l\u2019\u00e9tude sur les d\u00e9placements des clients du centre-ville est pr\u00e9vue le jeudi 5 f\u00e9vrier de 20h \u00e0 21h au local des Ciboulettes, gare de Chelles-Gournay.<\/p>\n<p class=\" wall-content\">Personnalisez votre actualit\u00e9 en ajoutant vos villes et m\u00e9dias en favori avec <a href=\"https:\/\/moncompte.actu.fr\" title=\"D\u00e9couvez Mon Actu\" rel=\"nofollow noopener\" data-trk=\"{&quot;cta&quot;:{&quot;action&quot;:&quot;https:\\\/\\\/moncompte.actu.fr&quot;,&quot;category&quot;:&quot;mon compte&quot;,&quot;from&quot;:&quot;article footer&quot;,&quot;name&quot;:&quot;Mon actu&quot;,&quot;type&quot;:&quot;cta&quot;}}\" target=\"_blank\">Mon Actu<\/a>.<\/p>\n","protected":false},"excerpt":{"rendered":"Par Benjamin Forant Publi\u00e9 le 28 janv. 2026 \u00e0 6h10 Depuis de nombreuses ann\u00e9es, la sant\u00e9 \u00e9conomique des&hellip;\n","protected":false},"author":2,"featured_media":694363,"comment_status":"","ping_status":"","sticky":false,"template":"","format":"standard","meta":{"footnotes":""},"categories":[1592],"tags":[1111,11,215,33,1777,674,1011,27,662,12,626,25,6173],"class_list":{"0":"post-694362","1":"post","2":"type-post","3":"status-publish","4":"format-standard","5":"has-post-thumbnail","7":"category-ile-de-france","8":"tag-actu","9":"tag-actualites","10":"tag-commerce","11":"tag-economie","12":"tag-eu","13":"tag-europe","14":"tag-fr","15":"tag-france","16":"tag-ile-de-france","17":"tag-news","18":"tag-paris","19":"tag-republique-francaise","20":"tag-stationnement"},"share_on_mastodon":{"url":"https:\/\/pubeurope.com\/@fr\/115971309142793768","error":""},"_links":{"self":[{"href":"https:\/\/www.europesays.com\/fr\/wp-json\/wp\/v2\/posts\/694362","targetHints":{"allow":["GET"]}}],"collection":[{"href":"https:\/\/www.europesays.com\/fr\/wp-json\/wp\/v2\/posts"}],"about":[{"href":"https:\/\/www.europesays.com\/fr\/wp-json\/wp\/v2\/types\/post"}],"author":[{"embeddable":true,"href":"https:\/\/www.europesays.com\/fr\/wp-json\/wp\/v2\/users\/2"}],"replies":[{"embeddable":true,"href":"https:\/\/www.europesays.com\/fr\/wp-json\/wp\/v2\/comments?post=694362"}],"version-history":[{"count":0,"href":"https:\/\/www.europesays.com\/fr\/wp-json\/wp\/v2\/posts\/694362\/revisions"}],"wp:featuredmedia":[{"embeddable":true,"href":"https:\/\/www.europesays.com\/fr\/wp-json\/wp\/v2\/media\/694363"}],"wp:attachment":[{"href":"https:\/\/www.europesays.com\/fr\/wp-json\/wp\/v2\/media?parent=694362"}],"wp:term":[{"taxonomy":"category","embeddable":true,"href":"https:\/\/www.europesays.com\/fr\/wp-json\/wp\/v2\/categories?post=694362"},{"taxonomy":"post_tag","embeddable":true,"href":"https:\/\/www.europesays.com\/fr\/wp-json\/wp\/v2\/tags?post=694362"}],"curies":[{"name":"wp","href":"https:\/\/api.w.org\/{rel}","templated":true}]}}