{"id":694370,"date":"2026-01-28T06:31:15","date_gmt":"2026-01-28T06:31:15","guid":{"rendered":"https:\/\/www.europesays.com\/fr\/694370\/"},"modified":"2026-01-28T06:31:15","modified_gmt":"2026-01-28T06:31:15","slug":"un-an-apres-lincendie-le-12e-arrondissement-attend-la-renaissance-de-sa-mairie","status":"publish","type":"post","link":"https:\/\/www.europesays.com\/fr\/694370\/","title":{"rendered":"un an apr\u00e8s l&rsquo;incendie, le 12e arrondissement attend la renaissance de sa mairie"},"content":{"rendered":"<p>                    Par<br \/>\n        <strong><br \/>\n            <a href=\"https:\/\/actu.fr\/auteur\/antoine-grotteria02\" title=\"Consulter tous les articles de Antoine Grotteria\" rel=\"nofollow noopener\" target=\"_blank\">Antoine Grotteria<\/a><br \/>\n                    <\/strong><\/p>\n<p>        Publi\u00e9 le<\/p>\n<p>            28 janv. 2026 \u00e0 7h24        <\/p>\n<p>Cern\u00e9 de grillages sous un ciel de larmes, le square Eug\u00e8ne-Thomas fait grise mine. En surplomb, <strong>l\u2019H\u00f4tel de Ville du 12e arrondissement<\/strong> de <a href=\"https:\/\/actu.fr\/paris\/\" rel=\"nofollow noopener\" target=\"_blank\">Paris<\/a>, au 130 avenue Daumesnil, exprime un sentiment \u00e9gal. Il y a un an, dans la nuit du 26 au 27 janvier 2025, son <a href=\"https:\/\/actu.fr\/ile-de-france\/paris_75056\/incendie-a-la-mairie-du-12e-arrondissement-de-paris-la-fleche-qui-menace-de-s-effondrer-va-etre-retiree_62175226.html\" rel=\"nofollow noopener\" target=\"_blank\">beffroi<\/a> \u00e9tait assailli par des flammes \u00e0 une quarantaine de m\u00e8tres de haut. Un <a href=\"https:\/\/actu.fr\/ile-de-france\/paris_75056\/paris-la-mairie-du-12e-ravagee-par-un-violent-incendie-le-quartier-boucle_62169787.html\" rel=\"nofollow noopener\" target=\"_blank\">incendie<\/a> qui avait \u00e9galement endommag\u00e9 le corps central du b\u00e2timent et mis en p\u00e9ril son existence. Depuis, les portes restent <strong>closes<\/strong>. La partie sup\u00e9rieure de l\u2019\u00e9difice du 19e si\u00e8cle, o\u00f9 \u00e9tait plant\u00e9 le beffroi, est recouverte d\u2019une <strong>b\u00e2che<\/strong>, comme l\u2019a constat\u00e9 actu Paris ce mardi 27\u00a0janvier 2026. Tous les services se situent dans l\u2019ancienne \u00e9cole Gabriel-Lam\u00e9. Cette r\u00e9organisation temporaire devrait encore durer plusieurs mois. Car la renaissance du lieu interviendra \u00e0 l\u2019automne 2026, a fait savoir la mairie du 12e arrondissement sur son site. En attendant, d\u2019aucuns s\u2019impatientent.<\/p>\n<p>Des structures restaur\u00e9es<\/p>\n<p class=\" wall-content\">Abrit\u00e9 de la pluie, G\u00e9rard, r\u00e9sident du quartier Daumesnil depuis 40\u00a0ans, esp\u00e8re que le calendrier sera tenu. \u00ab\u2009Pour l\u2019instant je n\u2019ai pas eu besoin d\u2019aller \u00e0 la mairie. Mais je prie pour que \u00e7a rouvre au plus vite. En plus, c\u2019est l\u00e0 o\u00f9 je me suis mari\u00e9 donc j\u2019ai une certaine <strong>attache<\/strong>. On a h\u00e2te\u2009\u00bb, commente-t-il aupr\u00e8s d\u2019actu Paris.<\/p>\n<p class=\" wall-content\">Ce v\u0153u, la mairie compte le r\u00e9aliser en plusieurs temps. Et ce, alors que les niveaux de plomb, \u00e0 des <a href=\"https:\/\/actu.fr\/ile-de-france\/paris_75056\/paris-du-plomb-decouvert-apres-l-incendie-de-la-mairie-du-12e-arrondissement-quels-risques-pour-la-sante_62228576.html\" rel=\"nofollow noopener\" target=\"_blank\">niveaux bien sup\u00e9rieurs<\/a> \u00e0 la normale apr\u00e8s l\u2019incendie, ont <strong>diminu\u00e9<\/strong> \u00ab\u2009progressivement\u2009\u00bb, a indiqu\u00e9 la maire du 12e arrondissement <a href=\"https:\/\/actu.fr\/ile-de-france\/paris_75056\/anne-hidalgo-cede-le-12eme-arrondissement-de-paris-aux-ecologistes_34698317.html\" rel=\"nofollow noopener\" target=\"_blank\">Emmanuelle Pierre-Marie (Les \u00c9cologistes)<\/a>, d\u00e9but janvier, cit\u00e9e par <a href=\"https:\/\/www.leparisien.fr\/paris-75\/paris-apres-le-spectaculaire-incendie-il-y-a-un-an-la-mairie-du-xiie-devrait-rouvrir-au-public-fin-2026-10-01-2026-SLJVPSU5FRG4JO634LWHCJU7JA.php\" rel=\"nofollow noopener\" target=\"_blank\">Le Parisien<\/a>.<\/p>\n<p class=\" wall-content\">Jusqu\u2019\u00e0 la fin de l\u2019hiver, les poutres et les planchers des parties hautes ab\u00eem\u00e9es sont <strong>restaur\u00e9s<\/strong>. Plusieurs pi\u00e8ces vont \u00e9galement \u00eatre r\u00e9par\u00e9es. L\u2019\u00e9clairage, les meubles et l\u2019acoustique feront \u00e9galement l\u2019objet d\u2019un lifting. Cette phase pr\u00e9c\u00e8de celle de \u00ab\u2009l\u2019am\u00e9lioration\u2009\u00bb, comme la baptiste la mairie.<\/p>\n<p>Le beffroi reconstruit en 2028<\/p>\n<p class=\" wall-content\">En mars, les <strong>guichets<\/strong> servant aux titres d\u2019identit\u00e9 seront reconstitu\u00e9s et repens\u00e9s de telle sorte \u00e0 offrir \u00ab\u2009un meilleur accueil des habitants\u2009\u00bb, indique la mairie. Le r\u00e9seau du chauffage sera \u00e9galement r\u00e9nov\u00e9 pour baisser la consommation d\u2019\u00e9nergie. <strong>1,7\u00a0million d\u2019euros<\/strong> sont investis dans ces travaux de r\u00e9novation et de d\u00e9pollution.<\/p>\n<p>    <img   decoding=\"async\" loading=\"lazy\" src=\"https:\/\/www.europesays.com\/fr\/wp-content\/uploads\/2026\/01\/12e-3-960x640.jpg\" alt=\"Le square Eug\u00e8ne-Thomas n'est plus ouvert au public. \" width=\"960\" height=\"640\"\/><br \/>\n    Le square Eug\u00e8ne-Thomas n\u2019est plus ouvert au public. (\u00a9AG\/ actu Paris)<\/p>\n<p class=\" wall-content\">Le morceau le plus symbolique concernera la <strong>reconstruction du beffroi<\/strong>. La mairie promet une tour \u00ab\u2009identique\u2009\u00bb \u00e0 celle originelle \u00e9difi\u00e9e avec des mat\u00e9riaux utilis\u00e9s au moment de sa construction au 19e si\u00e8cle. D\u2019une valeur de 3\u00a0millions d\u2019euros, l\u2019op\u00e9ration devrait se d\u00e9rouler en <strong>2027<\/strong> et en <strong>2028<\/strong>, soit quelques mois apr\u00e8s la r\u00e9ouverture de la mairie.<\/p>\n<p>Votre r\u00e9gion, votre actu !<\/p>\n<p>Recevez chaque jour les infos qui comptent pour vous.<\/p>\n<p>\t<a href=\"https:\/\/actu.fr\/newsletter\" class=\"ac-btn ac-btn--corner ac-btn--medium ac-btn--blue800\" rel=\"nofollow noopener\" target=\"_blank\">S&rsquo;incrire<\/a><\/p>\n<p class=\" wall-content\">\u00ab\u2009On a beaucoup d\u2019ouvriers du chantier qui viennent ici. C\u2019est un gros travail. On ne peut que se r\u00e9jouir que le lieu soit r\u00e9nov\u00e9 et restaur\u00e9\u2009\u00bb, fait savoir un serveur du Nemrod, un bar-PMU situ\u00e9 rue de Charenton, en face du square. Dans son \u00e9tablissement, une poign\u00e9e de travailleurs du chantier sont pr\u00e9sents. Ils leur restent encore quelques mois pour embellir la mairie.<\/p>\n<p class=\" wall-content\">Personnalisez votre actualit\u00e9 en ajoutant vos villes et m\u00e9dias en favori avec <a href=\"https:\/\/moncompte.actu.fr\" title=\"D\u00e9couvez Mon Actu\" rel=\"nofollow noopener\" data-trk=\"{&quot;cta&quot;:{&quot;action&quot;:&quot;https:\\\/\\\/moncompte.actu.fr&quot;,&quot;category&quot;:&quot;mon compte&quot;,&quot;from&quot;:&quot;article footer&quot;,&quot;name&quot;:&quot;Mon actu&quot;,&quot;type&quot;:&quot;cta&quot;}}\" target=\"_blank\">Mon Actu<\/a>.<\/p>\n","protected":false},"excerpt":{"rendered":"Par Antoine Grotteria Publi\u00e9 le 28 janv. 2026 \u00e0 7h24 Cern\u00e9 de grillages sous un ciel de larmes,&hellip;\n","protected":false},"author":2,"featured_media":694371,"comment_status":"","ping_status":"","sticky":false,"template":"","format":"standard","meta":{"footnotes":"","_share_on_mastodon":"0"},"categories":[1888],"tags":[11,1777,674,1011,27,1310,12,626,25,104,2086],"class_list":["post-694370","post","type-post","status-publish","format-standard","has-post-thumbnail","category-paris","tag-actualites","tag-eu","tag-europe","tag-fr","tag-france","tag-incendie","tag-news","tag-paris","tag-republique-francaise","tag-societe","tag-travaux"],"share_on_mastodon":{"url":"https:\/\/pubeurope.com\/@fr\/115971324950209324","error":""},"_links":{"self":[{"href":"https:\/\/www.europesays.com\/fr\/wp-json\/wp\/v2\/posts\/694370","targetHints":{"allow":["GET"]}}],"collection":[{"href":"https:\/\/www.europesays.com\/fr\/wp-json\/wp\/v2\/posts"}],"about":[{"href":"https:\/\/www.europesays.com\/fr\/wp-json\/wp\/v2\/types\/post"}],"author":[{"embeddable":true,"href":"https:\/\/www.europesays.com\/fr\/wp-json\/wp\/v2\/users\/2"}],"replies":[{"embeddable":true,"href":"https:\/\/www.europesays.com\/fr\/wp-json\/wp\/v2\/comments?post=694370"}],"version-history":[{"count":0,"href":"https:\/\/www.europesays.com\/fr\/wp-json\/wp\/v2\/posts\/694370\/revisions"}],"wp:featuredmedia":[{"embeddable":true,"href":"https:\/\/www.europesays.com\/fr\/wp-json\/wp\/v2\/media\/694371"}],"wp:attachment":[{"href":"https:\/\/www.europesays.com\/fr\/wp-json\/wp\/v2\/media?parent=694370"}],"wp:term":[{"taxonomy":"category","embeddable":true,"href":"https:\/\/www.europesays.com\/fr\/wp-json\/wp\/v2\/categories?post=694370"},{"taxonomy":"post_tag","embeddable":true,"href":"https:\/\/www.europesays.com\/fr\/wp-json\/wp\/v2\/tags?post=694370"}],"curies":[{"name":"wp","href":"https:\/\/api.w.org\/{rel}","templated":true}]}}