{"id":694374,"date":"2026-01-28T06:33:16","date_gmt":"2026-01-28T06:33:16","guid":{"rendered":"https:\/\/www.europesays.com\/fr\/694374\/"},"modified":"2026-01-28T06:33:16","modified_gmt":"2026-01-28T06:33:16","slug":"direct-guerre-en-ukraine-5-morts-dans-lattaque-dun-train-vise-par-larmee-russe-2-morts-dans-une-attaque-russe-pres-de-kiev","status":"publish","type":"post","link":"https:\/\/www.europesays.com\/fr\/694374\/","title":{"rendered":"DIRECT. Guerre en Ukraine\u00a0: 5 morts dans l\u2019attaque d\u2019un train vis\u00e9 par l\u2019arm\u00e9e russe, 2 morts dans une attaque russe pr\u00e8s de Kiev"},"content":{"rendered":"<p>07h16.La Hongrie s&rsquo;oppose au soutien de l&rsquo;Union europ\u00e9enne \u00e0 l&rsquo;Ukraine<\/p>\n<p class=\"live-post__amorce\">Le gouvernement de la Hongrie va lancer une \u00ab\u00a0p\u00e9tition nationale\u00a0\u00bb contre le soutien de l\u2019Union europ\u00e9enne \u00e0 l\u2019Ukraine. Les Hongrois pourront donner leur avis sur \u00ab\u00a0a poursuite du financement de la guerre russo-ukrainienne\u00a0\u00bb, le \u00ab\u00a0financement de l\u2019Etat ukrainien pour les dix ann\u00e9es \u00e0 venir\u00a0\u00bb et  \u00ab\u00a0la hausse des prix de l\u2019\u00e9nergie en raison de la guerre\u00a0\u00bb. Cette initiative intervient \u00e0 3 mois d&rsquo;\u00e9lections l\u00e9gislatives pour lesquelles le Premier ministre Viktor Orban est \u00e0 la tra\u00eene selon des sondages ind\u00e9pendants.<\/p>\n<p>07h06.2 millions de pertes humaines au printemps ?<\/p>\n<p class=\"live-post__amorce\">Le total des pertes humaines russes et ukrainiennes pourrait d\u00e9passer les 2 millions au printemps 2026, selon une projection du Center for Strategic and International Studies, dans une analyse publi\u00e9e mardi \u00e0 Washington. Ce nombre comprend les morts, les bless\u00e9s et les disparus. Selon ces chercheurs, les Russes ont perdu pr\u00e8s de 1,2 million d&rsquo;hommes au combat.<\/p>\n<p>07h03.Deux morts dans une attaque russe pr\u00e8s de Kiev<\/p>\n<p class=\"live-post__amorce\">Deux personnes ont p\u00e9ri et quatre autres ont \u00e9t\u00e9 bless\u00e9es dans une attaque russe pr\u00e8s de Kiev. La frappe a touch\u00e9 la localit\u00e9 de Bilogorodska, dans la banlieue sud-est de la capitale. <\/p>\n<p>07h01.Un train de voyageurs cibl\u00e9 par des drones russes en Ukraine<\/p>\n<p class=\"live-post__amorce\">Des drones russes ont attaqu\u00e9 un train de voyageurs, mardi soir, dans l&rsquo;oblast de Kharkiv. Le bilan est d&rsquo;au moins 5 morts. A l&rsquo;impact, un incendie s&rsquo;est d\u00e9clar\u00e9. Plus de 155 passagers \u00e9taient \u00e0 bord. Le parquet r\u00e9gional a ouvert une enqu\u00eate pour crime de guerre.<\/p>\n<p>07h00.Bienvenue dans notre direct<\/p>\n<p class=\"live-post__amorce\">Suivez l&rsquo;actualit\u00e9 de la guerre en Ukraine, toute la journ\u00e9e, ce mercredi 28 janvier 2026.<\/p>\n","protected":false},"excerpt":{"rendered":"07h16.La Hongrie s&rsquo;oppose au soutien de l&rsquo;Union europ\u00e9enne \u00e0 l&rsquo;Ukraine Le gouvernement de la Hongrie va lancer une&hellip;\n","protected":false},"author":2,"featured_media":694375,"comment_status":"","ping_status":"","sticky":false,"template":"","format":"standard","meta":{"footnotes":""},"categories":[1590],"tags":[11,1777,674,329,131,14,12,220],"class_list":{"0":"post-694374","1":"post","2":"type-post","3":"status-publish","4":"format-standard","5":"has-post-thumbnail","7":"category-ukraine","8":"tag-actualites","9":"tag-eu","10":"tag-europe","11":"tag-france-monde","12":"tag-guerre-en-ukraine","13":"tag-international","14":"tag-news","15":"tag-ukraine"},"share_on_mastodon":{"url":"https:\/\/pubeurope.com\/@fr\/115971332820922859","error":""},"_links":{"self":[{"href":"https:\/\/www.europesays.com\/fr\/wp-json\/wp\/v2\/posts\/694374","targetHints":{"allow":["GET"]}}],"collection":[{"href":"https:\/\/www.europesays.com\/fr\/wp-json\/wp\/v2\/posts"}],"about":[{"href":"https:\/\/www.europesays.com\/fr\/wp-json\/wp\/v2\/types\/post"}],"author":[{"embeddable":true,"href":"https:\/\/www.europesays.com\/fr\/wp-json\/wp\/v2\/users\/2"}],"replies":[{"embeddable":true,"href":"https:\/\/www.europesays.com\/fr\/wp-json\/wp\/v2\/comments?post=694374"}],"version-history":[{"count":0,"href":"https:\/\/www.europesays.com\/fr\/wp-json\/wp\/v2\/posts\/694374\/revisions"}],"wp:featuredmedia":[{"embeddable":true,"href":"https:\/\/www.europesays.com\/fr\/wp-json\/wp\/v2\/media\/694375"}],"wp:attachment":[{"href":"https:\/\/www.europesays.com\/fr\/wp-json\/wp\/v2\/media?parent=694374"}],"wp:term":[{"taxonomy":"category","embeddable":true,"href":"https:\/\/www.europesays.com\/fr\/wp-json\/wp\/v2\/categories?post=694374"},{"taxonomy":"post_tag","embeddable":true,"href":"https:\/\/www.europesays.com\/fr\/wp-json\/wp\/v2\/tags?post=694374"}],"curies":[{"name":"wp","href":"https:\/\/api.w.org\/{rel}","templated":true}]}}