{"id":694390,"date":"2026-01-28T06:41:11","date_gmt":"2026-01-28T06:41:11","guid":{"rendered":"https:\/\/www.europesays.com\/fr\/694390\/"},"modified":"2026-01-28T06:41:11","modified_gmt":"2026-01-28T06:41:11","slug":"le-pas-de-calais-et-la-manche-primes","status":"publish","type":"post","link":"https:\/\/www.europesays.com\/fr\/694390\/","title":{"rendered":"le Pas-de-Calais et la Manche prim\u00e9s"},"content":{"rendered":"<p>\t\t\t\t\t Cette ann\u00e9e encore, le workshop Partir en France, organis\u00e9 par <a class=\"liens\" href=\"https:\/\/www.adn-tourisme.fr\/\" target=\"_blank\" rel=\"noopener\">ADN Tourisme<\/a> en partenariat avec l&rsquo;agence <a class=\"liens\" href=\"https:\/\/www.hemisphere-sud.com\/\" target=\"_blank\" rel=\"noopener\">H\u00e9misph\u00e8re Sud<\/a>, a permis aux repr\u00e9sentants de pr\u00e8s de <b>120 destinations fran\u00e7aises<\/b> de rencontrer pendant deux jours, <b>280 journalistes et cr\u00e9ateurs de contenus<\/b>, dans un h\u00f4tel parisien, le Pullman Paris Montparnasse.<\/p>\n<p>Ce workshop a \u00e9t\u00e9 <b>l&rsquo;occasion pour la r\u00e9gion<\/b><a class=\"liens\" href=\"https:\/\/en-nouvelle-aquitaine.fr\/\" target=\"_blank\" rel=\"noopener\"> Nouvelle Aquitaine<\/a> <b>de f\u00eater ses dix ans <\/b>en offrant aux participants du workshop une r\u00e9ception lors de la soir\u00e9e du 26 janvier.&#13;\t\t\t\t\t <\/p>\n<p>En marge de ce rendez-vous annuel devenu incontournable, une destination a, comme d&rsquo;habitude,  re\u00e7u le <b>prix du meilleur dossier de presse<\/b>. Cette ann\u00e9e, le laur\u00e9at est le dossier de presse <a class=\"liens\" href=\"https:\/\/www.pas-de-calais-tourisme.com\/\" target=\"_blank\" rel=\"noopener\">\u00ab\u00a0le Pas-de-Calais en toute simplicit\u00e9\u00a0\u00bb<\/a>. A noter qu&rsquo;en 2025, le Pas-de-Calais \u00e9tait arriv\u00e9 en seconde position.&#13;\t\t\t\t\t <\/p>\n<p>Cette ann\u00e9e, le dossier (24 pages) de cette destination fait la part belle au tourisme durable, \u00e0 la rencontre, \u00e0 l&rsquo;hospitalit\u00e9 et aux habitants. \u00ab\u00a0En 2026, le Pas de Calais n&rsquo;a pas fini de vous surprendre\u00a0\u00bb, promet d&rsquo;ailleurs Marion Harmel, l&rsquo;attach\u00e9e de presse de cette destination qui est accompagn\u00e9e dans ses efforts de promotion par l&rsquo;agence parisienne Fluxus communication dirig\u00e9e par Christine Ramage.&#13;\t\t\t\t\t <\/p>\n<p>De son c\u00f4t\u00e9, <b>le Tarn a re\u00e7u le Prix Coup de coeur du jury <\/b>pour son dossier de presse nouveaut\u00e9s 2026 dans le <a class=\"liens\" href=\"https:\/\/www.tourisme-tarn.com\/\" target=\"_blank\" rel=\"noopener\">Tarn<\/a>. Un prix que cette destination partage avec l&rsquo;agence AirPur qui l&rsquo;accompagne dans sa strat\u00e9gie de promotion.\n\t\t\t\t <\/p>\n","protected":false},"excerpt":{"rendered":"Cette ann\u00e9e encore, le workshop Partir en France, organis\u00e9 par ADN Tourisme en partenariat avec l&rsquo;agence H\u00e9misph\u00e8re Sud,&hellip;\n","protected":false},"author":2,"featured_media":694391,"comment_status":"","ping_status":"","sticky":false,"template":"","format":"standard","meta":{"footnotes":""},"categories":[4],"tags":[11,1011,27,14653,12,79019,25],"class_list":{"0":"post-694390","1":"post","2":"type-post","3":"status-publish","4":"format-standard","5":"has-post-thumbnail","7":"category-france","8":"tag-actualites","9":"tag-fr","10":"tag-france","11":"tag-manche","12":"tag-news","13":"tag-partir-en-france","14":"tag-republique-francaise"},"share_on_mastodon":{"url":"https:\/\/pubeurope.com\/@fr\/115971364252093204","error":""},"_links":{"self":[{"href":"https:\/\/www.europesays.com\/fr\/wp-json\/wp\/v2\/posts\/694390","targetHints":{"allow":["GET"]}}],"collection":[{"href":"https:\/\/www.europesays.com\/fr\/wp-json\/wp\/v2\/posts"}],"about":[{"href":"https:\/\/www.europesays.com\/fr\/wp-json\/wp\/v2\/types\/post"}],"author":[{"embeddable":true,"href":"https:\/\/www.europesays.com\/fr\/wp-json\/wp\/v2\/users\/2"}],"replies":[{"embeddable":true,"href":"https:\/\/www.europesays.com\/fr\/wp-json\/wp\/v2\/comments?post=694390"}],"version-history":[{"count":0,"href":"https:\/\/www.europesays.com\/fr\/wp-json\/wp\/v2\/posts\/694390\/revisions"}],"wp:featuredmedia":[{"embeddable":true,"href":"https:\/\/www.europesays.com\/fr\/wp-json\/wp\/v2\/media\/694391"}],"wp:attachment":[{"href":"https:\/\/www.europesays.com\/fr\/wp-json\/wp\/v2\/media?parent=694390"}],"wp:term":[{"taxonomy":"category","embeddable":true,"href":"https:\/\/www.europesays.com\/fr\/wp-json\/wp\/v2\/categories?post=694390"},{"taxonomy":"post_tag","embeddable":true,"href":"https:\/\/www.europesays.com\/fr\/wp-json\/wp\/v2\/tags?post=694390"}],"curies":[{"name":"wp","href":"https:\/\/api.w.org\/{rel}","templated":true}]}}