{"id":694392,"date":"2026-01-28T06:42:12","date_gmt":"2026-01-28T06:42:12","guid":{"rendered":"https:\/\/www.europesays.com\/fr\/694392\/"},"modified":"2026-01-28T06:42:12","modified_gmt":"2026-01-28T06:42:12","slug":"nelly-korda-partagee-sur-la-wtgl","status":"publish","type":"post","link":"https:\/\/www.europesays.com\/fr\/694392\/","title":{"rendered":"Nelly Korda \u00ab partag\u00e9e \u00bb sur la WTGL"},"content":{"rendered":"<p>\t\t\t\t\t\t<img width=\"770\" height=\"556\" src=\"https:\/\/www.europesays.com\/fr\/wp-content\/uploads\/2025\/11\/nelly-korda-770x556.jpg\" class=\"img-responsive wp-post-image\" alt=\"Nelly Korda Photo by Orlando Ramirez \/ GETTY IMAGES NORTH AMERICA \/ Getty Images via AFP\" decoding=\"async\" fetchpriority=\"high\"  \/>\t\t\t\t\t<\/p>\n<p>\t\t\t\t\t\t Partager cet article <\/p>\n<p class=\"screen-reader-text juiz_sps_maybe_hidden_text\">Partager la publication \u00ab\u00a0Nelly Korda \u00ab partag\u00e9e \u00bb sur la WTGL\u00a0\u00bb<\/p>\n<p><strong>Malgr\u00e9 l\u2019engouement d\u00e9j\u00e0 affich\u00e9 par nombre de stars du LPGA, Nelly Korda d\u00e9plore que les femmes n\u2019aient pas \u00e9t\u00e9 int\u00e9gr\u00e9es \u00e0 la TGL, diff\u00e9rant encore sa d\u00e9cision de rejoindre la nouvelle WTGL.<br \/>&#13;<br \/>\n\u00a0<\/strong><\/p>\n<p>L\u2019absence de <strong>Nelly Korda <\/strong>dans les noms de joueuses annonc\u00e9s pour la premi\u00e8re saison de la <strong>WTGL<\/strong> (Women\u2019s Team Golf League), pendant f\u00e9minin de la <strong>TGL<\/strong> cr\u00e9\u00e9e par <strong>Tiger Woods<\/strong> et <strong>Rory McIlroy<\/strong>, avait surpris.<\/p>\n<p>Elle a expliqu\u00e9 \u00e0 Golfweek avant l\u2019ouverture de la saison au <strong>Hilton Grand Vacations Tournament of Champions <\/strong>pourquoi elle n\u2019avait pas encore pris sa d\u00e9cision\u00a0: \u00ab Pour \u00eatre tout \u00e0 fait honn\u00eate, j\u2019ai des sentiments ambivalents et je suis surprise qu\u2019aucune autre joueuse n\u2019en ait, ou n\u2019en ait parl\u00e9\u00a0\u00bb, a-t-elle d\u00e9clar\u00e9.<\/p>\n<blockquote><p>&#13;<br \/>\nC\u2019est une \u00e9norme et incroyable erreur que nous ne jouions pas aux c\u00f4t\u00e9s des hommes.&#13;<\/p>\n<p>Nelly Korda<\/p>\n<p>&#13;\n<\/p><\/blockquote>\n<p>\u00ab Je pense que c\u2019est une \u00e9norme et incroyable erreur que nous ne jouions pas aux c\u00f4t\u00e9s des hommes, poursuit-elle. Il n\u2019y a pas de meilleur moyen de d\u00e9velopper ce sport, et cela aurait \u00e9t\u00e9 r\u00e9volutionnaire. Cela aurait \u00e9t\u00e9 la premi\u00e8re fois, je pense, que les hommes et les femmes auraient jou\u00e9 sur le m\u00eame terrain, pour le m\u00eame montant d\u2019argent. Mais je pense aussi que c\u2019est formidable que nous ayons cette opportunit\u00e9, donc je suis partag\u00e9e. \u00bb<\/p>\n<p>Pour l\u2019ancienne n\u00b01 mondiale, ne pas faire jouer ensemble les meilleurs hommes et les meilleures femmes va \u00e0 l\u2019encontre de l\u2019\u00e9lan cr\u00e9\u00e9 par des rendez-vous mixtes comme le <strong>Grant Thornton Invitational<\/strong>, qu\u2019elle avait d\u00e9j\u00e0 salu\u00e9 comme un mod\u00e8le pour \u00ab d\u00e9velopper le golf ensemble \u00bb.<\/p>\n<blockquote data-service=\"twitter\" data-category=\"marketing\" data-placeholder-image=\"https:\/\/www.golfplanete.com\/wp-content\/plugins\/complianz-gdpr-premium\/assets\/images\/placeholders\/twitter-minimal.jpg\" class=\"cmplz-placeholder-element twitter-tweet\"><p>&#13;<\/p>\n<p dir=\"ltr\" lang=\"en\">Great day checking out the TGL facilities and catching a match<br \/>&#13;<br \/>\nCan\u2019t wait for<br \/>&#13;<br \/>\nWTGL to kick off later this year! <a href=\"https:\/\/twitter.com\/TGLgolf?ref_src=twsrc%5Etfw\" target=\"_blank\" rel=\"noopener\">@tglgolf<\/a> <a href=\"https:\/\/twitter.com\/TMRWSports?ref_src=twsrc%5Etfw\" target=\"_blank\" rel=\"noopener\">@tmrwsports<\/a> <a href=\"https:\/\/t.co\/uHLNDHrF8C\">pic.twitter.com\/uHLNDHrF8C<\/a><\/p>\n<p>&#13;<br \/>\n&#13;<br \/>\n\u2014 Charley Hull (@CharleyHul11) <a href=\"https:\/\/twitter.com\/CharleyHul11\/status\/2016225147028492536?ref_src=twsrc%5Etfw\" target=\"_blank\" rel=\"noopener\">January 27, 2026<\/a><\/p><\/blockquote>\n<p>&#13;<br \/>\n\u00a0<\/p>\n<p>D\u2019abord la saison<\/p>\n<p>Contrairement \u00e0 plusieurs stars d\u00e9j\u00e0 engag\u00e9es \u2013 <strong>Jeeno Thitikul<\/strong>, <strong>Lydia Ko<\/strong>, <strong>Lexi Thompson<\/strong>, <strong>Brooke Henderson<\/strong>, <strong>Charley Hull<\/strong>, <strong>Rose Zhang<\/strong> ou encore la jeune <strong>Lottie<\/strong> <strong>Woad<\/strong> \u2013, <strong>Nelly Korda<\/strong> n\u2019a toujours pas donn\u00e9 son accord pour rejoindre la WTGL, qui va voir le jour l\u2019hiver prochain sous l\u2019\u00e9gide du <strong>LPGA Tour<\/strong>.<\/p>\n<p>\u00ab Je suis encore en train d\u2019\u00e9valuer le temps que cela me prendrait, a-t-elle ajout\u00e9. Je n\u2019y ai pas vraiment r\u00e9fl\u00e9chi, car je me suis concentr\u00e9e sur ma pr\u00e9paration pour cette saison. Je pense que d\u2019un point de vue logistique, ils sont encore en train de r\u00e9gler certains d\u00e9tails, donc je vais \u00e9valuer mes options dans un avenir proche. \u00bb\u00a0<br \/>&#13;<br \/>\n\u00a0<\/p>\n<p>Photo : Orlando Ramirez \/ Getty Images via AFP<\/p>\n<p>\t\t\t<script async src=\"https:\/\/platform.twitter.com\/widgets.js\" charset=\"utf-8\"><\/script><\/p>\n","protected":false},"excerpt":{"rendered":"Partager cet article Partager la publication \u00ab\u00a0Nelly Korda \u00ab partag\u00e9e \u00bb sur la WTGL\u00a0\u00bb Malgr\u00e9 l\u2019engouement d\u00e9j\u00e0 affich\u00e9&hellip;\n","protected":false},"author":2,"featured_media":529099,"comment_status":"","ping_status":"","sticky":false,"template":"","format":"standard","meta":{"footnotes":""},"categories":[1418],"tags":[1011,27,1472,60],"class_list":{"0":"post-694392","1":"post","2":"type-post","3":"status-publish","4":"format-standard","5":"has-post-thumbnail","7":"category-golf","8":"tag-fr","9":"tag-france","10":"tag-golf","11":"tag-sports"},"share_on_mastodon":{"url":"https:\/\/pubeurope.com\/@fr\/115971368065393938","error":""},"_links":{"self":[{"href":"https:\/\/www.europesays.com\/fr\/wp-json\/wp\/v2\/posts\/694392","targetHints":{"allow":["GET"]}}],"collection":[{"href":"https:\/\/www.europesays.com\/fr\/wp-json\/wp\/v2\/posts"}],"about":[{"href":"https:\/\/www.europesays.com\/fr\/wp-json\/wp\/v2\/types\/post"}],"author":[{"embeddable":true,"href":"https:\/\/www.europesays.com\/fr\/wp-json\/wp\/v2\/users\/2"}],"replies":[{"embeddable":true,"href":"https:\/\/www.europesays.com\/fr\/wp-json\/wp\/v2\/comments?post=694392"}],"version-history":[{"count":0,"href":"https:\/\/www.europesays.com\/fr\/wp-json\/wp\/v2\/posts\/694392\/revisions"}],"wp:featuredmedia":[{"embeddable":true,"href":"https:\/\/www.europesays.com\/fr\/wp-json\/wp\/v2\/media\/529099"}],"wp:attachment":[{"href":"https:\/\/www.europesays.com\/fr\/wp-json\/wp\/v2\/media?parent=694392"}],"wp:term":[{"taxonomy":"category","embeddable":true,"href":"https:\/\/www.europesays.com\/fr\/wp-json\/wp\/v2\/categories?post=694392"},{"taxonomy":"post_tag","embeddable":true,"href":"https:\/\/www.europesays.com\/fr\/wp-json\/wp\/v2\/tags?post=694392"}],"curies":[{"name":"wp","href":"https:\/\/api.w.org\/{rel}","templated":true}]}}