{"id":694414,"date":"2026-01-28T06:59:16","date_gmt":"2026-01-28T06:59:16","guid":{"rendered":"https:\/\/www.europesays.com\/fr\/694414\/"},"modified":"2026-01-28T06:59:16","modified_gmt":"2026-01-28T06:59:16","slug":"achetee-3-e-cette-toile-vaut-en-realite-plus-de-30-000-e","status":"publish","type":"post","link":"https:\/\/www.europesays.com\/fr\/694414\/","title":{"rendered":"achet\u00e9e 3 \u20ac, cette toile vaut en r\u00e9alit\u00e9 plus de 30 000 \u20ac"},"content":{"rendered":"<p>En poussant la porte d\u00a0\u00bbune boutique Emma\u00fcs, cette am\u00e9ricaine ne<br \/>\ns&rsquo;attendait pas \u00e0 vivre <strong>l&rsquo;un de ces coups de chance qui<br \/>\nfont r\u00eaver les chineurs<\/strong>. Pourtant, comme le rapporte<br \/>\nThe Sun, une toile achet\u00e9e pour moins de trois euros a<br \/>\nrapidement chang\u00e9 de statut une fois rentr\u00e9e \u00e0 la maison&#8230;<\/p>\n<p>Elle a rep\u00e9r\u00e9 cette toile au dernier moment<\/p>\n<p>Marisa Alcorn, 27 ans, <a href=\"https:\/\/www.lejournaldelamaison.fr\/le-journal-de-la-maison\/decoration-par-style\/industriel-et-vintage\/chaise-apparence-ordinaire-emmaus-vaut-300-euros-490126.html\" target=\"_blank\" rel=\"noopener\"><br \/>\nvisitait une boutique solidaire de l&rsquo;Ohio<\/a> avec son fianc\u00e9 Aaron<br \/>\nHeadlee <strong>lorsqu&rsquo;une \u0153uvre d&rsquo;art a attir\u00e9 son regard<\/strong><br \/>\nau moment de partir. Pos\u00e9e au fond d&rsquo;un chariot, une toile avec un<br \/>\nencadrement dor\u00e9 <strong>semblait oubli\u00e9e parmi d&rsquo;autres objets<br \/>\nsans valeur<\/strong> apparente. Elle raconte que c&rsquo;est d&rsquo;ailleurs<br \/>\nle cadre, plus que l&rsquo;\u0153uvre elle-m\u00eame, qui l&rsquo;a convaincue de<br \/>\nl&rsquo;acheter <strong>pour environ 3 euros<\/strong>.<\/p>\n<p>Photographe de profession, <strong>Marisa n&rsquo;imaginait pas tenir<br \/>\nentre ses mains autre chose qu&rsquo;<a href=\"https:\/\/www.lejournaldelamaison.fr\/le-journal-de-la-maison\/nouveautes\/produits\/ikea-sapprete-retirer-meubles-objets-deco-voici-ceux-faut-acheter-avant-disparaissent-definitivement-534307.html\" target=\"_blank\" rel=\"noopener\">un<br \/>\nbel objet de d\u00e9co<\/a><\/strong>. Une fois rentr\u00e9s chez eux, le<br \/>\ncouple a pris le temps d&rsquo;observer la toile d&rsquo;un peu plus pr\u00e8s&#8230; Et<br \/>\nc&rsquo;est <strong>une petite inscription qui a suscit\u00e9 leur<br \/>\nattention<\/strong>.<\/p>\n<blockquote class=\"tiktok-embed\" cite=\"https:\/\/www.tiktok.com\/@marisamacy\/video\/7462866144932793630\" data-video-id=\"7462866144932793630\" style=\"max-width: 605px;min-width: 325px;\"><p>\n<a target=\"_blank\" href=\"https:\/\/www.tiktok.com\/@marisamacy\/video\/7462866144932793630\" rel=\"noopener\"><img decoding=\"async\" src=\"https:\/\/www.tiktok.com\/img\/logo.png\" alt=\"TikTok Logo\"\/><\/a>\n<\/p><\/blockquote>\n<p>Une signature en bas de la toile qui change tout<\/p>\n<p>En effet, <strong>la petite plaque m\u00e9tallique situ\u00e9e en bas de<br \/>\nla toile pouvait difficilement passer inaper\u00e7ue<\/strong>. Un nom y<br \/>\n\u00e9tait grav\u00e9 : Johann Berthelsen. Intrigu\u00e9e, Maria a d&rsquo;abord<br \/>\neffectu\u00e9 quelques recherches, <strong>en pensant qu&rsquo;il s&rsquo;agissait<br \/>\nd&rsquo;un artisan local peu connu<\/strong>.<\/p>\n<p>Puis finalement, elle a d\u00e9couvert que <a href=\"https:\/\/www.lejournaldelamaison.fr\/le-journal-de-la-maison\/decoration-par-style\/industriel-et-vintage\/tableau-achete-vide-grenier-etre-salvador-dali-authentique-estime-517897.html\" target=\"_blank\" rel=\"noopener\"><br \/>\nles toiles de cet artiste<\/a> <strong>se vendaient plusieurs<br \/>\nmilliers de dollars<\/strong> (plus de 30 000 dollars pour<br \/>\ncertaines). Rapidement, la jeune femme a post\u00e9 des photos de la<br \/>\ntoile sur des forums sp\u00e9cialis\u00e9s. Elle a \u00e9galement contact\u00e9 des<br \/>\nexperts, qui n&rsquo;ont pu que <strong>confirmer que cette \u0153uvre<br \/>\nn&rsquo;aurait jamais d\u00fb se retrouver dans une boutique<br \/>\nsolidaire<\/strong>.<\/p>\n<blockquote class=\"tiktok-embed\" cite=\"https:\/\/www.tiktok.com\/@marisamacy\/video\/7473565228358290718\" data-video-id=\"7473565228358290718\" style=\"max-width: 605px;min-width: 325px;\"><p>\n<a target=\"_blank\" href=\"https:\/\/www.tiktok.com\/@marisamacy\/video\/7473565228358290718\" rel=\"noopener\"><img decoding=\"async\" src=\"https:\/\/www.tiktok.com\/img\/logo.png\" alt=\"TikTok Logo\"\/><\/a>\n<\/p><\/blockquote>\n<p>La toile a \u00e9t\u00e9 vendue aux ench\u00e8res<\/p>\n<p>Une fois la toile <strong>parfaitement authentifi\u00e9e<\/strong>, la<br \/>\njeune femme est entr\u00e9e en contact avec la Caza Sikes Art Gallery, \u00e0<br \/>\nCincinnati, qui lui a propos\u00e9 de <a href=\"https:\/\/www.lejournaldelamaison.fr\/le-journal-de-la-maison\/decoration-par-style\/industriel-et-vintage\/vase-colore-grand-mere-1500-euros-signature-oubliee-discrete-498304.html\" target=\"_blank\" rel=\"noopener\"><br \/>\n<strong>proposer la toile aux ench\u00e8res<\/strong><\/a>. Estim\u00e9e entre<br \/>\n1890 et 3024 dollars, <strong>elle s&rsquo;est finalement vendue 2267<br \/>\ndollars<\/strong>.<\/p>\n<p>Et cette trouvaille tombait bien, car <strong>les deux amoureux<br \/>\navaient pr\u00e9vu de se marier courant 2026<\/strong>. L&rsquo;argent de la<br \/>\nvente va donc servir \u00e0 <strong>financer l&rsquo;heureux<br \/>\n\u00e9v\u00e8nement<\/strong>. Sur TikTok, cette histoire n&rsquo;a pas manqu\u00e9 de<br \/>\nfaire r\u00e9agir, et \u00e0 ce jour, la vid\u00e9o de Maria cumule pr\u00e8s de 600<br \/>\n000 vues ! Une chose est s\u00fbre, la jeune am\u00e9ricaine se souviendra<br \/>\nsouvent de cette vir\u00e9e dans cette petite boutique solidaire.<\/p>\n<p><script async src=\"\/\/www.tiktok.com\/embed.js\"><\/script><\/p>\n","protected":false},"excerpt":{"rendered":"En poussant la porte d\u00a0\u00bbune boutique Emma\u00fcs, cette am\u00e9ricaine ne s&rsquo;attendait pas \u00e0 vivre l&rsquo;un de ces coups&hellip;\n","protected":false},"author":2,"featured_media":694415,"comment_status":"","ping_status":"","sticky":false,"template":"","format":"standard","meta":{"footnotes":""},"categories":[8],"tags":[6541,11045,20014,13041,6041,3530,309,1805,4105,58,23544,3170,37652,3026,59,1011,27,378,3837,17729,67815,39317,96,10288],"class_list":{"0":"post-694414","1":"post","2":"type-post","3":"status-publish","4":"format-standard","5":"has-post-thumbnail","7":"category-divertissement","8":"tag-6541","9":"tag-11045","10":"tag-3e","11":"tag-a","12":"tag-belle","13":"tag-chez","14":"tag-chine","15":"tag-de","16":"tag-decouvre","17":"tag-divertissement","18":"tag-e","19":"tag-elle","20":"tag-emmaus","21":"tag-en","22":"tag-entertainment","23":"tag-fr","24":"tag-france","25":"tag-plus","26":"tag-quelle","27":"tag-realite","28":"tag-rentrant","29":"tag-toile","30":"tag-une","31":"tag-vaut"},"share_on_mastodon":{"url":"https:\/\/pubeurope.com\/@fr\/115971435184586308","error":""},"_links":{"self":[{"href":"https:\/\/www.europesays.com\/fr\/wp-json\/wp\/v2\/posts\/694414","targetHints":{"allow":["GET"]}}],"collection":[{"href":"https:\/\/www.europesays.com\/fr\/wp-json\/wp\/v2\/posts"}],"about":[{"href":"https:\/\/www.europesays.com\/fr\/wp-json\/wp\/v2\/types\/post"}],"author":[{"embeddable":true,"href":"https:\/\/www.europesays.com\/fr\/wp-json\/wp\/v2\/users\/2"}],"replies":[{"embeddable":true,"href":"https:\/\/www.europesays.com\/fr\/wp-json\/wp\/v2\/comments?post=694414"}],"version-history":[{"count":0,"href":"https:\/\/www.europesays.com\/fr\/wp-json\/wp\/v2\/posts\/694414\/revisions"}],"wp:featuredmedia":[{"embeddable":true,"href":"https:\/\/www.europesays.com\/fr\/wp-json\/wp\/v2\/media\/694415"}],"wp:attachment":[{"href":"https:\/\/www.europesays.com\/fr\/wp-json\/wp\/v2\/media?parent=694414"}],"wp:term":[{"taxonomy":"category","embeddable":true,"href":"https:\/\/www.europesays.com\/fr\/wp-json\/wp\/v2\/categories?post=694414"},{"taxonomy":"post_tag","embeddable":true,"href":"https:\/\/www.europesays.com\/fr\/wp-json\/wp\/v2\/tags?post=694414"}],"curies":[{"name":"wp","href":"https:\/\/api.w.org\/{rel}","templated":true}]}}