{"id":694426,"date":"2026-01-28T07:05:11","date_gmt":"2026-01-28T07:05:11","guid":{"rendered":"https:\/\/www.europesays.com\/fr\/694426\/"},"modified":"2026-01-28T07:05:11","modified_gmt":"2026-01-28T07:05:11","slug":"luniversite-jean-monnet-ouvre-ses-portes-aux-lyceens-ce-mercredi","status":"publish","type":"post","link":"https:\/\/www.europesays.com\/fr\/694426\/","title":{"rendered":"L&rsquo;Universit\u00e9 Jean-Monnet ouvre ses portes aux lyc\u00e9ens ce mercredi !"},"content":{"rendered":"\n<p>Si vous \u00eates lyc\u00e9en en classe de terminale et que vous pr\u00e9parez votre orientation post-bac, c&rsquo;est un \u00e9v\u00e9nement \u00e0 ne surtout pas r\u00e2ter. Ce mercredi 28 janvier, l&rsquo;Universit\u00e9 Jean-Monnet de Saint-Etienne organise sa journ\u00e9e de l&rsquo;enseignement sup\u00e9rieur sur tout le campus de 9h \u00e0 17h. Au programme, des rencontres avec des enseignants et des \u00e9tudiants, des stands d\u2019information etd es animations p\u00e9dagogiques, des conf\u00e9rences th\u00e9matiques ou encore des visites guid\u00e9es des campus tout au long de la journ\u00e9e.\u00a0\u00a0<br \/>A noter que le Crous de Lyon vous offre le d\u00e9jeuner si vous avez votre carnet de liaison, votre Pass&rsquo; R\u00e9gion ou tout justificatif de votre statut lyc\u00e9en.<\/p>\n<p>Vous pouvez retrrouver le programme de la journ\u00e9e et toutes les infos paratiques sur <a href=\"https:\/\/www.univ-st-etienne.fr\/fr\/formation\/orientation-insertion\/journee-de-l-enseignement-superieur.html\" rel=\"noopener\" target=\"_blank\">le site Internet de l&rsquo;Universit\u00e9 Jean-Monnet<\/a>.\u00a0<\/p>\n","protected":false},"excerpt":{"rendered":"Si vous \u00eates lyc\u00e9en en classe de terminale et que vous pr\u00e9parez votre orientation post-bac, c&rsquo;est un \u00e9v\u00e9nement&hellip;\n","protected":false},"author":2,"featured_media":694427,"comment_status":"","ping_status":"","sticky":false,"template":"","format":"standard","meta":{"footnotes":""},"categories":[9653],"tags":[1111,11,2430,4854,7078,1777,674,1011,27,3367,15387,12,25,4001,47242,27603],"class_list":{"0":"post-694426","1":"post","2":"type-post","3":"status-publish","4":"format-standard","5":"has-post-thumbnail","7":"category-saint-etienne","8":"tag-actu","9":"tag-actualites","10":"tag-auvergne-rhone-alpes","11":"tag-enseignement-superieur","12":"tag-etude","13":"tag-eu","14":"tag-europe","15":"tag-fr","16":"tag-france","17":"tag-loire","18":"tag-lyceens","19":"tag-news","20":"tag-republique-francaise","21":"tag-saint-etienne","22":"tag-ujm","23":"tag-universite-jean-monnet"},"share_on_mastodon":{"url":"https:\/\/pubeurope.com\/@fr\/115971458583523033","error":""},"_links":{"self":[{"href":"https:\/\/www.europesays.com\/fr\/wp-json\/wp\/v2\/posts\/694426","targetHints":{"allow":["GET"]}}],"collection":[{"href":"https:\/\/www.europesays.com\/fr\/wp-json\/wp\/v2\/posts"}],"about":[{"href":"https:\/\/www.europesays.com\/fr\/wp-json\/wp\/v2\/types\/post"}],"author":[{"embeddable":true,"href":"https:\/\/www.europesays.com\/fr\/wp-json\/wp\/v2\/users\/2"}],"replies":[{"embeddable":true,"href":"https:\/\/www.europesays.com\/fr\/wp-json\/wp\/v2\/comments?post=694426"}],"version-history":[{"count":0,"href":"https:\/\/www.europesays.com\/fr\/wp-json\/wp\/v2\/posts\/694426\/revisions"}],"wp:featuredmedia":[{"embeddable":true,"href":"https:\/\/www.europesays.com\/fr\/wp-json\/wp\/v2\/media\/694427"}],"wp:attachment":[{"href":"https:\/\/www.europesays.com\/fr\/wp-json\/wp\/v2\/media?parent=694426"}],"wp:term":[{"taxonomy":"category","embeddable":true,"href":"https:\/\/www.europesays.com\/fr\/wp-json\/wp\/v2\/categories?post=694426"},{"taxonomy":"post_tag","embeddable":true,"href":"https:\/\/www.europesays.com\/fr\/wp-json\/wp\/v2\/tags?post=694426"}],"curies":[{"name":"wp","href":"https:\/\/api.w.org\/{rel}","templated":true}]}}